{"id":2745,"date":"2012-04-11T06:46:50","date_gmt":"2012-04-11T06:46:50","guid":{"rendered":"http:\/\/www.ingeta.com\/?p=2745"},"modified":"2012-04-11T06:46:50","modified_gmt":"2012-04-11T06:46:50","slug":"belgique-conference-de-presse-sur-la-situation-politique-en-rdc-le-12-avril-a-bruxelles","status":"publish","type":"post","link":"https:\/\/congolobilelo.com\/IN\/belgique-conference-de-presse-sur-la-situation-politique-en-rdc-le-12-avril-a-bruxelles\/","title":{"rendered":"Belgique: Conf\u00e9rence de presse sur la situation politique en RDC, le 12 avril \u00e0 Bruxelles"},"content":{"rendered":"<p>\t\t\t\t<strong>Date:<\/strong> Jeudi 12 avril 2012<br \/>\n<strong>Heure:<\/strong> 11 heures<br \/>\n<strong>Lieu: <\/strong>Horloge du sud \u2013 141 rue du tr\u00f4ne &#8211; 1050 Ixelles(croisement chauss\u00e9e de Wavre et rue du tr\u00f4ne)\/Bruxelles, Belgique.<\/p>\n<p>Les conclusions du rapport final de la Mission d\u2019observation de l\u2019UE sur les \u00e9lections en RDC sont sans appel : \u00e9lections non cr\u00e9dibles. Outre le manque de cr\u00e9dibilit\u00e9 de ce scrutin, le dernier rapport publi\u00e9 par l\u2019ONU fait \u00e9tat d\u2019un recours excessif \u00e0 la r\u00e9pression polici\u00e8re avant, pendant et apr\u00e8s les \u00e9lections : intimidations, arrestations arbitraires, enl\u00e8vements, assassinats et totale entrave \u00e0 la libert\u00e9 d\u2019expression de tout qui est consid\u00e9r\u00e9 comme opposant. Ainsi, le pr\u00e9sident d\u00e9sign\u00e9 vainqueur par une Cour Supr\u00eame de Justice acquise \u00e0 sa cause a choisi de se maintenir au pouvoir par la force.<\/p>\n<p>Tout en reconnaissant de graves manquements et irr\u00e9gularit\u00e9s ainsi qu\u2019un usage abusif de la force, la communaut\u00e9 internationale manipul\u00e9e par le gouvernement belge a d\u00e9cid\u00e9 de reconna\u00eetre implicitement l\u2019impensable reconduction de Monsieur Joseph Kabila \u00e0 la t\u00eate du pays. Ce qui ne fait qu\u2019exacerber la crise post\u00e9lectorale tandis que les pistes de solutions propos\u00e9es s\u2019av\u00e8rent compl\u00e8tement inappropri\u00e9es \u00e0 la situation actuelle de la RDC.<\/p>\n<p>Les forces de la diaspora congolaise acquises au changement font le point sur cette br\u00fblante actualit\u00e9 en pr\u00e9sence des t\u00e9moins oculaires.<\/p>\n<p><strong>Sujets abord\u00e9s :<\/strong><br \/>\n1. Point sur le Rapport Final de la Mission d\u2019Observation Electorale de l\u2019UE en RDC<br \/>\n2. Rapport du Bureau Conjoint des Nations Unies aux Droits de l&#8217;Homme (BCNUDH) sur les graves violations des droits de l\u2019homme commises par des membres des forces de d\u00e9fense et de congolaises dans la ville de Kinshasa ; muselage de la presse dite de l\u2019opposition : t\u00e9moignages<br \/>\n3. Probl\u00e9matique des Institutions congolaises<br \/>\n4. Voyage de Monsieur Didier REYNDERS, Ministre belge des Affaires Etrang\u00e8res en RD Congo.<br \/>\n<strong><br \/>\nOrateurs<\/strong><br \/>\n1. Honorable Alexis MUTANDA, D\u00e9put\u00e9 de l\u2019UDPS, Ancien Secr\u00e9taire G\u00e9n\u00e9ral de l\u2019UDPS<br \/>\n2. Dr Tharcisse LOSEKE, Membre Fondateur de l\u2019ECiD\u00e9 et Mandataire du Pr\u00e9sident Etienne Tshisekedi \u00e0 l\u2019ext\u00e9rieur de la RDC ;<br \/>\n3. Monsieur Babi Balukuna, journaliste, candidat d\u00e9put\u00e9 (arr\u00eat\u00e9 durant la campagne \u00e9lectorale)<br \/>\n4. Monsieur Laurent LOUIS, D\u00e9put\u00e9 et Pr\u00e9sident du MLD<\/p>\n<p><strong>Mod\u00e9rateur :<\/strong> Jean Pierre Mbelu, analyste politique<\/p>\n<p><strong>Info\/Contact :<\/strong><br \/>\nDr Loseke : 0484953257<br \/>\nH\u00e9l\u00e8ne Madinda : 0497160871\t\t<\/p>\n","protected":false},"excerpt":{"rendered":"<p>Date: Jeudi 12 avril 2012 Heure: 11 heures Lieu: Horloge du sud \u2013 141 rue du tr\u00f4ne &#8211; 1050 Ixelles(croisement chauss\u00e9e de Wavre et rue du tr\u00f4ne)\/Bruxelles, Belgique. Les conclusions du rapport final de la Mission d\u2019observation de l\u2019UE sur les \u00e9lections en RDC sont sans appel : \u00e9lections non cr\u00e9dibles. Outre le manque de [&hellip;]<\/p>\n","protected":false},"author":1,"featured_media":976,"comment_status":"open","ping_status":"open","sticky":false,"template":"","format":"standard","meta":{"_acf_changed":false,"content-type":"","footnotes":""},"categories":[167,145,122,124],"tags":[],"class_list":["post-2745","post","type-post","status-publish","format-standard","has-post-thumbnail","hentry","category-belgique","category-conferences-salons","category-news-alertes","category-politique-societe"],"acf":[],"_links":{"self":[{"href":"https:\/\/congolobilelo.com\/IN\/wp-json\/wp\/v2\/posts\/2745","targetHints":{"allow":["GET"]}}],"collection":[{"href":"https:\/\/congolobilelo.com\/IN\/wp-json\/wp\/v2\/posts"}],"about":[{"href":"https:\/\/congolobilelo.com\/IN\/wp-json\/wp\/v2\/types\/post"}],"author":[{"embeddable":true,"href":"https:\/\/congolobilelo.com\/IN\/wp-json\/wp\/v2\/users\/1"}],"replies":[{"embeddable":true,"href":"https:\/\/congolobilelo.com\/IN\/wp-json\/wp\/v2\/comments?post=2745"}],"version-history":[{"count":0,"href":"https:\/\/congolobilelo.com\/IN\/wp-json\/wp\/v2\/posts\/2745\/revisions"}],"wp:featuredmedia":[{"embeddable":true,"href":"https:\/\/congolobilelo.com\/IN\/wp-json\/"}],"wp:attachment":[{"href":"https:\/\/congolobilelo.com\/IN\/wp-json\/wp\/v2\/media?parent=2745"}],"wp:term":[{"taxonomy":"category","embeddable":true,"href":"https:\/\/congolobilelo.com\/IN\/wp-json\/wp\/v2\/categories?post=2745"},{"taxonomy":"post_tag","embeddable":true,"href":"https:\/\/congolobilelo.com\/IN\/wp-json\/wp\/v2\/tags?post=2745"}],"curies":[{"name":"wp","href":"https:\/\/api.w.org\/{rel}","templated":true}]}}