{"id":2740,"date":"2012-04-11T06:12:58","date_gmt":"2012-04-11T06:12:58","guid":{"rendered":"http:\/\/www.ingeta.com\/?p=2740"},"modified":"2012-04-11T06:12:58","modified_gmt":"2012-04-11T06:12:58","slug":"laffaire-chebeya-crime-detat-journaliste-en-danger-sinsurge-2","status":"publish","type":"post","link":"https:\/\/congolobilelo.com\/IN\/laffaire-chebeya-crime-detat-journaliste-en-danger-sinsurge-2\/","title":{"rendered":"&#8220;L\u2019affaire Chebeya, crime d\u2019Etat ?&#8221;: Journaliste en Danger s&#8217;insurge"},"content":{"rendered":"<p>\t\t\t\t<em>Kinshasa, le 09 avril 2012<\/em>.<\/p>\n<p><em><strong>JED s\u2019insurge contre la censure et appelle \u00e0 des d\u00e9bats publics autour du documentaire d\u2019un r\u00e9alisateur belge sur l\u2019assassinat d\u2019un d\u00e9fenseur des droits de l\u2019Homme en RD Congo<\/strong><\/em>.<\/p>\n<p>Journaliste en Danger (JED) s\u2019inqui\u00e8te de la d\u00e9cision prise par les autorit\u00e9s congolaises tendant \u00e0 interdire la diffusion, sur tout le territoire congolais, d\u2019un film documentaire retra\u00e7ant les circonstances et le d\u00e9roulement du proc\u00e8s sur l\u2019assassinat, il y a plus d\u2019une ann\u00e9e, d\u2019un \u00e9minent d\u00e9fenseur des droits de l\u2019Homme en RD Congo.<\/p>\n<p>Selon des informations diffus\u00e9es, lundi 09 avril 2012 dans la presse, le Ministre de la Justice et Droits Humains, Luzolo Bambi a adress\u00e9, le 27 mars 2012, une lettre au pr\u00e9sident de la Commission Nationale de Censure, lui enjoignant de ne pas autoriser la diffusion du film intitul\u00e9 \u00ab L\u2019affaire Chebeya, crime d\u2019Etat ? \u00bb, dernier documentaire du r\u00e9alisateur belge, Thierry Michel, consacr\u00e9 au proc\u00e8s sur l\u2019assassinat, le 1er juin 2010, de M. Floribert Chebeya, activiste des droits de l\u2019Homme et pr\u00e9sident de l\u2019ONG la \u00ab Voix des Sans Voix (VSV) \u00bb.<\/p>\n<p>Le Ministre reproche \u00e0 ce film documentaire, son \u00ab titre tendancieux \u00bb, et de laisser passer des s\u00e9quences \u00ab qui portent atteinte \u00e0 la personne du Chef de l\u2019Etat \u00bb. D\u2019o\u00f9 sa d\u00e9cision d\u2019interdiction \u00ab en attendant que le r\u00e9alisateur tienne compte de mes observations formul\u00e9es \u00e0 Gen\u00e8ve tant sur l\u2019intitul\u00e9 que sur la m\u00e9prise sur le Chef de l\u2019Etat \u00bb, peut-on lire dans cette correspondance.<\/p>\n<p>Sans entrer dans le fond de cette affaire, JED \u00e9met n\u00e9anmoins ses r\u00e9serves de principe sur l\u2019opportunit\u00e9 et la rentabilit\u00e9 d\u2019une telle mesure d\u2019interdiction sur le droit \u00e0 la libert\u00e9 d\u2019expression et le droit du public \u00e0 l\u2019information, reconnus et garantis par les lois congolaises.<\/p>\n<p>Pour JED, quelques soient les reproches que l\u2019on peut faire \u00e0 ce documentaire, rien ne peut justifier une censure a posteriori de ce document alors qu\u2019il fait l\u2019objet de larges diffusions suivies des d\u00e9bats contradictoires dans des m\u00e9dias et salles publiques \u00e0 l\u2019ext\u00e9rieur du pays.<\/p>\n<p>Compte tenu de la vive \u00e9motion qui avait suivi l\u2019assassinat de ce d\u00e9fenseur des droits de l\u2019Homme, et des r\u00e9actions diverses suscit\u00e9es par la sortie de ce film documentaire, JED demande aux autorit\u00e9s congolaises de faire preuve de tol\u00e9rance et d\u2019esprit d\u00e9mocratique en favorisant plut\u00f4t, et en interne en RD Congo, un d\u00e9bat public autour des questions controvers\u00e9es soulev\u00e9es par ce film.<\/p>\n<p>Pour JED, le fait que la partie civile avait d\u00e9cid\u00e9 de faire appel des jugements, et contre les condamnations d\u00e9j\u00e0 prononc\u00e9es au premier degr\u00e9 par un tribunal militaire, d\u00e9montre bien que les d\u00e9bats sur cette affaire n\u2019ont jamais \u00e9t\u00e9 d\u00e9finitivement clos.<\/p>\n<p>Pour rappel, dans l\u2019affaire de l\u2019assassinat du pr\u00e9sident de la \u00ab Voix de sans voix \u00bb, la Cour Militaire de Kinshasa\/Gombe a rendu son verdict en juin 2011 condamnant cinq de huit policiers pr\u00e9venus dont quatre \u00e0 la peine capitale, un \u00e0 la prison \u00e0 perp\u00e9tuit\u00e9 et les trois autres ont \u00e9t\u00e9 acquitt\u00e9s. La Cour a \u00e9galement reconnu la responsabilit\u00e9 civile de l\u2019Etat Congolais dans l\u2019assassinat de Floribert Chebeya. Quant au num\u00e9ro un de la police nationale congolaise, le g\u00e9n\u00e9ral John Numbi, il avait \u00e9t\u00e9 suspendu de ses fonctions \u00e0 titre conservatoire, d\u00e8s le lendemain de ce meurtre, et n\u2019a \u00e9t\u00e9 cit\u00e9 \u00e0 compara\u00eetre dans ce proc\u00e8s qu\u2019\u00e0 titre de renseignant.<\/p>\n<p><strong>Pour tout contact :<\/strong><br \/>\n<em>Journaliste en Danger<\/em><br \/>\n<em>\u00a0374, av. Col. Mondjiba. Complexe Utexafrica. Galerie St Pierre<\/em><br \/>\n<em>\u00a0Kinshasa\/Ngaliema. B.P. 633 Kinshasa 1<\/em><br \/>\n<em>\u00a0T\u00e9l\u00e9phone: +243 81 99 96 353 ou +243 99 99 96 353<\/em><br \/>\n<em>\u00a0E-mail : jedkin@jed-afrique.org, jedkin@vodanet.cd, jedkin@micronet.cd<\/em><br \/>\n<em>\u00a0Internet : <a href=\"http:\/\/www.jed-afrique.org\">www.jed-afrique.org<\/a><\/em><br \/>\n<em>\u00a0R\u00e9publique d\u00e9mocratique du Congo<\/em>\t\t<\/p>\n","protected":false},"excerpt":{"rendered":"<p>Kinshasa, le 09 avril 2012. JED s\u2019insurge contre la censure et appelle \u00e0 des d\u00e9bats publics autour du documentaire d\u2019un r\u00e9alisateur belge sur l\u2019assassinat d\u2019un d\u00e9fenseur des droits de l\u2019Homme en RD Congo. Journaliste en Danger (JED) s\u2019inqui\u00e8te de la d\u00e9cision prise par les autorit\u00e9s congolaises tendant \u00e0 interdire la diffusion, sur tout le territoire [&hellip;]<\/p>\n","protected":false},"author":1,"featured_media":2742,"comment_status":"open","ping_status":"open","sticky":false,"template":"","format":"standard","meta":{"_acf_changed":false,"content-type":"","footnotes":""},"categories":[146,119,122,124],"tags":[],"class_list":["post-2740","post","type-post","status-publish","format-standard","has-post-thumbnail","hentry","category-culture","category-medias","category-news-alertes","category-politique-societe"],"acf":[],"_links":{"self":[{"href":"https:\/\/congolobilelo.com\/IN\/wp-json\/wp\/v2\/posts\/2740","targetHints":{"allow":["GET"]}}],"collection":[{"href":"https:\/\/congolobilelo.com\/IN\/wp-json\/wp\/v2\/posts"}],"about":[{"href":"https:\/\/congolobilelo.com\/IN\/wp-json\/wp\/v2\/types\/post"}],"author":[{"embeddable":true,"href":"https:\/\/congolobilelo.com\/IN\/wp-json\/wp\/v2\/users\/1"}],"replies":[{"embeddable":true,"href":"https:\/\/congolobilelo.com\/IN\/wp-json\/wp\/v2\/comments?post=2740"}],"version-history":[{"count":0,"href":"https:\/\/congolobilelo.com\/IN\/wp-json\/wp\/v2\/posts\/2740\/revisions"}],"wp:featuredmedia":[{"embeddable":true,"href":"https:\/\/congolobilelo.com\/IN\/wp-json\/"}],"wp:attachment":[{"href":"https:\/\/congolobilelo.com\/IN\/wp-json\/wp\/v2\/media?parent=2740"}],"wp:term":[{"taxonomy":"category","embeddable":true,"href":"https:\/\/congolobilelo.com\/IN\/wp-json\/wp\/v2\/categories?post=2740"},{"taxonomy":"post_tag","embeddable":true,"href":"https:\/\/congolobilelo.com\/IN\/wp-json\/wp\/v2\/tags?post=2740"}],"curies":[{"name":"wp","href":"https:\/\/api.w.org\/{rel}","templated":true}]}}