{"id":2729,"date":"2012-04-09T19:21:58","date_gmt":"2012-04-09T19:21:58","guid":{"rendered":"http:\/\/www.ingeta.com\/?p=2729"},"modified":"2012-04-09T19:21:58","modified_gmt":"2012-04-09T19:21:58","slug":"rfi-vers-une-interdiction-de-la-diffusion-du-film-laffaire-chebeya-un-crime-detat","status":"publish","type":"post","link":"https:\/\/congolobilelo.com\/IN\/rfi-vers-une-interdiction-de-la-diffusion-du-film-laffaire-chebeya-un-crime-detat\/","title":{"rendered":"RFI : vers une interdiction de la diffusion du film \u00abl\u2019affaire Chebeya, un crime d\u2019Etat\u00bb ?"},"content":{"rendered":"<p>\t\t\t\tPar <a href=\"http:\/\/www.rfi.fr\/afrique\/20120409-rdc-vers-interdiction-diffusion-film-affaire-chebeya-crime-etat-luzolo-bambi-kabila\" target=\"_blank\" rel=\"noopener\">RFI<\/a><\/p>\n<p><a href=\"http:\/\/www.ingeta.com\/wp-content\/uploads\/2012\/04\/chebeya.gif\"><img loading=\"lazy\" decoding=\"async\" class=\"size-full wp-image-2731 alignleft\" title=\"chebeya\" src=\"http:\/\/www.ingeta.com\/wp-content\/uploads\/2012\/04\/chebeya.gif\" alt=\"\" width=\"300\" height=\"200\" \/><\/a><strong>Le ministre de la Justice de la RDC recommande l\u2019interdiction de la diffusion d\u2019un film sur l\u2019affaire Chebeya. Une affaire qui porte sur l\u2019assassinat en juin 2010 du d\u00e9fenseur des droits de l\u2019homme Floribert Chebeya, qui a donn\u00e9 lieu \u00e0 un proc\u00e8s fleuve l\u2019ann\u00e9e derni\u00e8re. Le proc\u00e8s s\u2019est sold\u00e9 par la condamnation de plusieurs officiers de police. Luzolo Bambi reproche au film intitul\u00e9 \u00ab L&#8217;affaire Chebeya, crime d\u2019Etat ?\u00bb, d\u2019\u00eatre tendancieux, et de porter atteinte \u00e0 la personne du chef de l\u2019Etat.<\/strong><\/p>\n<p>Dans une lettre au pr\u00e9sident de la Commission nationale de censure, le ministre de la justice Luzolo Bambi demande de ne pas autoriser la diffusion du film en RDC.<\/p>\n<p>Le ministre a deux reproches \u00e0 faire. D\u2019abord, le titre : \u00ab L\u2019affaire Chebeya, un crime d\u2019Etat ? \u00bb M\u00eame si la mention \u00ab un crime d\u2019Etat \u00bb est suivie d\u2019un point d\u2019interrogation. Ensuite, il est reproch\u00e9 au r\u00e9alisateur de laisser passer des s\u00e9quences portant atteinte au chef de l\u2019Etat. Par exemple, dans ce film on revoit des manifestants film\u00e9s lors des obs\u00e8ques de Chebeya, qui scandaient \u00ab Kabila assassin au Congo\u00bb.<\/p>\n<p>Le ministre rappelle dans son courrier que le pr\u00e9sident de la R\u00e9publique a d\u00e9montr\u00e9 sa volont\u00e9 de lutter contre l\u2019impunit\u00e9 et permis \u00e0 la justice de mener ses enqu\u00eates en toute ind\u00e9pendance. Il est demand\u00e9 au r\u00e9alisateur Thierry Michel de revoir son montage.<\/p>\n<p>Cette interdiction jette un trouble parmi les ONG partenaires du film qui avaient pu le voir en projection priv\u00e9e \u00e0 Kinshasa en mars. Parmi les partenaires, il y a aussi l\u2019OIF, l\u2019Organisation internationale de la francophonie, \u00e0 quelques mois de son sommet qui se tiendra pr\u00e9cis\u00e9ment \u00e0 Kinshasa.<\/p>\n<p>Thierry Michel, R\u00e9alisateur belge du film \u00abL&#8217;affaire Chebeya, un crime d&#8217;Etat ?\u00bb:<\/p>\n<blockquote><p>J\u2019esp\u00e8re que cela a \u00e9t\u00e9 un exc\u00e8s de z\u00e8le d\u2019un ministre aux abois parce qu\u2019il n\u2019a sans doute pas fait son travail, et qu\u2019il essaie par la censure d\u2019\u00e9touffer la voix comme on a \u00e9touff\u00e9 la Voix des sans-voix, et comme on a \u00e9touff\u00e9 \u00e9videmment Floribert Chebeya.<\/p><\/blockquote>\n<p>&nbsp;<\/p>\n<p><em>Site web du film: <a href=\"http:\/\/www.chebeya-lefilm.com\/\">http:\/\/www.chebeya-lefilm.com\/<\/a><\/em>\t\t<\/p>\n","protected":false},"excerpt":{"rendered":"<p>Par RFI Le ministre de la Justice de la RDC recommande l\u2019interdiction de la diffusion d\u2019un film sur l\u2019affaire Chebeya. Une affaire qui porte sur l\u2019assassinat en juin 2010 du d\u00e9fenseur des droits de l\u2019homme Floribert Chebeya, qui a donn\u00e9 lieu \u00e0 un proc\u00e8s fleuve l\u2019ann\u00e9e derni\u00e8re. Le proc\u00e8s s\u2019est sold\u00e9 par la condamnation de [&hellip;]<\/p>\n","protected":false},"author":1,"featured_media":2730,"comment_status":"open","ping_status":"open","sticky":false,"template":"","format":"standard","meta":{"_acf_changed":false,"content-type":"","footnotes":""},"categories":[142,119,122],"tags":[],"class_list":["post-2729","post","type-post","status-publish","format-standard","has-post-thumbnail","hentry","category-ce-que-disent-les-medias","category-medias","category-news-alertes"],"acf":[],"_links":{"self":[{"href":"https:\/\/congolobilelo.com\/IN\/wp-json\/wp\/v2\/posts\/2729","targetHints":{"allow":["GET"]}}],"collection":[{"href":"https:\/\/congolobilelo.com\/IN\/wp-json\/wp\/v2\/posts"}],"about":[{"href":"https:\/\/congolobilelo.com\/IN\/wp-json\/wp\/v2\/types\/post"}],"author":[{"embeddable":true,"href":"https:\/\/congolobilelo.com\/IN\/wp-json\/wp\/v2\/users\/1"}],"replies":[{"embeddable":true,"href":"https:\/\/congolobilelo.com\/IN\/wp-json\/wp\/v2\/comments?post=2729"}],"version-history":[{"count":0,"href":"https:\/\/congolobilelo.com\/IN\/wp-json\/wp\/v2\/posts\/2729\/revisions"}],"wp:featuredmedia":[{"embeddable":true,"href":"https:\/\/congolobilelo.com\/IN\/wp-json\/"}],"wp:attachment":[{"href":"https:\/\/congolobilelo.com\/IN\/wp-json\/wp\/v2\/media?parent=2729"}],"wp:term":[{"taxonomy":"category","embeddable":true,"href":"https:\/\/congolobilelo.com\/IN\/wp-json\/wp\/v2\/categories?post=2729"},{"taxonomy":"post_tag","embeddable":true,"href":"https:\/\/congolobilelo.com\/IN\/wp-json\/wp\/v2\/tags?post=2729"}],"curies":[{"name":"wp","href":"https:\/\/api.w.org\/{rel}","templated":true}]}}