{"id":2718,"date":"2012-04-09T17:06:11","date_gmt":"2012-04-09T17:06:11","guid":{"rendered":"http:\/\/www.ingeta.com\/?p=2718"},"modified":"2012-04-09T17:06:11","modified_gmt":"2012-04-09T17:06:11","slug":"reportage-chaos-congo","status":"publish","type":"post","link":"https:\/\/congolobilelo.com\/IN\/reportage-chaos-congo\/","title":{"rendered":"Reportage TV: Chaos Congo"},"content":{"rendered":"<p>\t\t\t\t<em>Ce documentaire, qui a \u00e9t\u00e9 diffus\u00e9 le 30 mars 2012 dans l&#8217;\u00e9mission &#8220;1\u20ac70&#8221; sur la cha\u00eene fran\u00e7aise Plan\u00e8te +, met en valeur le travail des activistes et des combattants congolais en r\u00e9gion parisienne.<\/em><\/p>\n<p><iframe loading=\"lazy\" src=\"http:\/\/www.youtube.com\/embed\/j-qmWAPWpXA\" frameborder=\"0\" width=\"480\" height=\"360\"><\/iframe><\/p>\n<p><strong>Communiqu\u00e9 de pr\u00e9sentation du documentaire.<\/strong><br \/>\nAu palmar\u00e8s des pays les plus violents le Congo tient plut\u00f4t bien sa place et semble bien d\u00e9cid\u00e9 \u00e0 la garder\u2026 Apr\u00e8s une guerre civile qui a fait pr\u00e8s de 2 millions de morts, cette violence s\u2019est une fois encore v\u00e9rifi\u00e9e lors des derni\u00e8res \u00e9lections qui ont commenc\u00e9 dans les urnes et fini dans le sang\u2026 A Paris, on se mobilise les hommes manifestent chaque semaine contre ce qu\u2019ils appellent un hold-up d\u00e9mocratique tandis que les femmes tiennent r\u00e9unions sur r\u00e9unions pour aider leurs s\u0153urs congolaises victimes d\u2019une arme de destruction massive : le viol\u2026\t\t<\/p>\n","protected":false},"excerpt":{"rendered":"<p>Ce documentaire, qui a \u00e9t\u00e9 diffus\u00e9 le 30 mars 2012 dans l&#8217;\u00e9mission &#8220;1\u20ac70&#8221; sur la cha\u00eene fran\u00e7aise Plan\u00e8te +, met en valeur le travail des activistes et des combattants congolais en r\u00e9gion parisienne. Communiqu\u00e9 de pr\u00e9sentation du documentaire. Au palmar\u00e8s des pays les plus violents le Congo tient plut\u00f4t bien sa place et semble bien [&hellip;]<\/p>\n","protected":false},"author":1,"featured_media":2720,"comment_status":"open","ping_status":"open","sticky":false,"template":"","format":"standard","meta":{"_acf_changed":false,"content-type":"","footnotes":""},"categories":[142,116,122,124],"tags":[],"class_list":["post-2718","post","type-post","status-publish","format-standard","has-post-thumbnail","hentry","category-ce-que-disent-les-medias","category-manifs","category-news-alertes","category-politique-societe"],"acf":[],"_links":{"self":[{"href":"https:\/\/congolobilelo.com\/IN\/wp-json\/wp\/v2\/posts\/2718","targetHints":{"allow":["GET"]}}],"collection":[{"href":"https:\/\/congolobilelo.com\/IN\/wp-json\/wp\/v2\/posts"}],"about":[{"href":"https:\/\/congolobilelo.com\/IN\/wp-json\/wp\/v2\/types\/post"}],"author":[{"embeddable":true,"href":"https:\/\/congolobilelo.com\/IN\/wp-json\/wp\/v2\/users\/1"}],"replies":[{"embeddable":true,"href":"https:\/\/congolobilelo.com\/IN\/wp-json\/wp\/v2\/comments?post=2718"}],"version-history":[{"count":0,"href":"https:\/\/congolobilelo.com\/IN\/wp-json\/wp\/v2\/posts\/2718\/revisions"}],"wp:featuredmedia":[{"embeddable":true,"href":"https:\/\/congolobilelo.com\/IN\/wp-json\/"}],"wp:attachment":[{"href":"https:\/\/congolobilelo.com\/IN\/wp-json\/wp\/v2\/media?parent=2718"}],"wp:term":[{"taxonomy":"category","embeddable":true,"href":"https:\/\/congolobilelo.com\/IN\/wp-json\/wp\/v2\/categories?post=2718"},{"taxonomy":"post_tag","embeddable":true,"href":"https:\/\/congolobilelo.com\/IN\/wp-json\/wp\/v2\/tags?post=2718"}],"curies":[{"name":"wp","href":"https:\/\/api.w.org\/{rel}","templated":true}]}}