{"id":2712,"date":"2012-04-09T07:17:21","date_gmt":"2012-04-09T07:17:21","guid":{"rendered":"http:\/\/www.ingeta.com\/?p=2712"},"modified":"2012-04-09T07:17:21","modified_gmt":"2012-04-09T07:17:21","slug":"medias-congolais-ignorance-et-amnesie","status":"publish","type":"post","link":"https:\/\/congolobilelo.com\/IN\/medias-congolais-ignorance-et-amnesie\/","title":{"rendered":"M\u00e9dias Congolais, ignorance et amn\u00e9sie"},"content":{"rendered":"<p>\t\t\t\t<em>Par jean-Pierre Mbelu.<\/em><\/p>\n<p><strong><em>Commenter l\u2019actualit\u00e9 congolaise au quotidien peut conduire \u00e0 la falsification de l\u2019histoire, \u00e0 l\u2019entretien de l\u2019ignorance et de l\u2019amn\u00e9sie. Pourtant, cet exercice est le lot quotidien de plusieurs m\u00e9dias congolais. Surtout les plus lus. Ecrire par exemple comme nous le lisons ces jours-ci que les Am\u00e9ricains de l\u2019Africom vont contribuer \u00e0 la formation de nos militaires pour s\u00e9curiser notre pays est une insulte \u00e0 l\u2019intelligence et \u00e0 l\u2019histoire. Pour cause.<\/em><\/strong><\/p>\n<p>La guerre au cours de laquelle l\u2019AFDL a servi de \u00ab Cheval de Troie \u00bb est une guerre des Am\u00e9ricains et de leurs alli\u00e9s Occidentaux et Africains. Cette guerre de basse intensit\u00e9 que nous connaissons depuis 1996 vise l\u2019acc\u00e8s des multinationales occidentales (et majoritairement am\u00e9ricaines) aux mati\u00e8res premi\u00e8res strat\u00e9giques congolaises. Elle est venue aggrav\u00e9e une autre, celle de la dette, men\u00e9e bien avant par les IFI internationales quand elles ont impos\u00e9es \u00e0 notre pays des\u00a0 programmes d\u2019ajustement structurels, vers les ann\u00e9es 1980.<\/p>\n<p>Toutes ces guerres, apparemment diff\u00e9rentes les unes des autres tiennent \u00e0 remettre aux calendes grecques l\u2019acc\u00e8s de notre pays \u00e0 sa v\u00e9ritable souverainet\u00e9 \u00e9conomique et politique. Elles attestent, en filigrane, que \u00ab comme nombre d\u2019Etats africains modernes, le Congo actuel est une cr\u00e9ation de l\u2019Occident. Les contours de son territoire ont \u00e9t\u00e9 d\u00e9termin\u00e9s par la conf\u00e9rence de Berlin et les cons\u00e9quences de ce partage se font sentir jusqu\u2019\u00e0 ce jour. Qui plus est, les acteurs occidentaux continuent \u00e0 jouer un r\u00f4le important dans l\u2019histoire du pays, soit directement, soit\u00a0 au travers des Nations Unies. \u00bb (M.-F. CROS et F. MISSER, G\u00e9opolitique du Congo, Bruxelles, Ed. Complexe, 2006, p.109)<\/p>\n<p>Plusieurs d\u2019entre nous vivent dans le d\u00e9ni de cette r\u00e9alit\u00e9, encourag\u00e9s par certains m\u00e9dias aux analyses historiques inexistantes ou approximatives. Relisons un peu\u00a0 une partie de notre histoire.<\/p>\n<p>Le 17 janvier 1961, Patrice-Emery Lumumba ayant cru en l\u2019ind\u00e9pendance formelle, va \u00eatre assassin\u00e9. Ses assassins voulaient aussi assassiner les id\u00e9es qu\u2019il portait dont celle-ci : \u00ab Le Cr\u00e9ateur nous a donn\u00e9 cette portion de\u00a0 la terre qu\u2019est le continent africain ; elle nous appartient et nous en sommes les seuls ma\u00eetres. C\u2019est notre droit de faire de ce continent un continent de la justice, du droit et de la paix. \u00bb\u00a0 (Africains, levons-nous ! Discours de Patrice-Lumumba, prononc\u00e9 \u00e0 Ibadan (Nigeria), 22 mars 1959, Ed. Points, 2010, p.13)<\/p>\n<p>Apr\u00e8s Lumumba, quand Mobutu osera tenir un discours panafricain \u00e0 l\u2019Assembl\u00e9e\u00a0 g\u00e9n\u00e9rale des\u00a0 Nations Unies le 4 octobre 1973, il deviendra un dictateur \u00e0 abattre.<\/p>\n<p>Ouvrons une parenth\u00e8se. Quand les imp\u00e9rialistes et les n\u00e9ocolonialistes d\u00e9cident de mettre hors d\u2019\u00e9tat d\u2019agir \u00ab un n\u00e8gre subversif \u00bb ou quand ils veulent remettre dans les rangs leurs marionnettes de dictateurs, ils utilisent plusieurs m\u00e9thodes : la diabolisation,\u00a0 la dette, les droits de l\u2019homme et la d\u00e9mocratie. Lumumba, nationaliste et panafricaniste, fut disqualifi\u00e9 comme \u00ab un sale communiste \u00bb. Mobutu\u00a0 ayant essay\u00e9 un discours d\u00e9rangeant a succomb\u00e9 au pi\u00e8ge de la dette ext\u00e9rieure\u00a0 induisant son incapacit\u00e9 \u00e0 pouvoir r\u00e9pondre aux imp\u00e9ratifs int\u00e9rieurs du pays li\u00e9s\u00a0 aux droits socio-\u00e9conomiques, culturels et politiques de nos populations. (Dictateur, il ne l\u2019\u00e9tait pas plus que \u00ab les futurs n\u00e8gres de service \u00bb dont se serviront ses \u00ab amis d\u2019hier \u00bb\u00a0 pour foutre le bordel au Congo-Za\u00efre. ) Ajoutons aussi \u00e0 ces m\u00e9thodes l\u2019instrumentalisation de la diff\u00e9rence ethnique et\/ou politique. Au lieu qu\u2019elle soit une richesse, elle est utilis\u00e9e pour atomiser ceux et celles dont l\u2019union pourrait constituer une force dans la balance des rapports de force entretenus par les imp\u00e9rialistes et les n\u00e9ocolonialistes. Fermons la parenth\u00e8se.<\/p>\n<p>Bien qu\u2019ayant servi de \u00ab Cheval de Troie \u00bb \u00e0 l\u2019occupation du Congo-Za\u00efre par les petits pays voisins et les multinationales occidentales, Laurent-D\u00e9sir\u00e9 Kabila paiera de sa vie (le 16 janvier 2001) son retournement d\u2019alliance pour un d\u00e9veloppement autocentr\u00e9 du Congo par les Congolais(es).<\/p>\n<p>(Dans une conf\u00e9rence donn\u00e9e \u00e0 Bruxelles samedi 31 mars 2012, l\u2019un des ex-conseilleurs de Kagame, Th\u00e9og\u00e8ne Rudasingwa, a soutenu que \u00ab Kagame a\u00a0 assassin\u00e9 \u00bb L.-D. Kabila sans qu\u2019une allusion aux auteurs intellectuels et autres commanditaires de cet ignoble assassinat soit faite. Comble de la b\u00eatise, malgr\u00e9 cette affirmation, plusieurs de nos compatriotes innocents\u00a0 sont incarc\u00e9r\u00e9s \u00e0 Makala depuis plus de dix ans, sans jugement !)<\/p>\n<p>A mois de d\u00e9cembre 2012, apr\u00e8s les \u00e9lections de novembre et d\u00e9cembre 2011, face \u00e0 la situation explosive que connaissait le Congo eu \u00e9gard\u00a0 aux incertitudes planant sur la v\u00e9rit\u00e9 des urnes, dans un article tr\u00e8s dur \u00e0 l\u2019endroit des ambassades occidentales refusant de cautionner l\u2019\u00e9lection d\u2019Etienne Tshisekedi \u00e0 la Pr\u00e9sidence de la R\u00e9publique, Arnaud Zajtman note ce qui suit : \u00ab En r\u00e9alit\u00e9, les journalistes qui ont travaill\u00e9 s\u00e9rieusement sur ces \u00e9lections et ont fait la tourn\u00e9e des bureaux de vote ont not\u00e9 des tendances lourdes qui augurent de la victoire de Tshisekedi. \u00bb. Et il ajoute : \u00ab Face \u00e0 cette situation explosive, la question de la position de l\u2019Occident, et plus particuli\u00e8rement de la Belgique, se pose avec acuit\u00e9.<\/p>\n<p>Il est essentiel pour nos relations futures avec le Congo que la Belgique, elle aussi, r\u00e9alise que l\u2019\u00e9poque a chang\u00e9, et \u00e9vite l\u2019\u00e9cueil dans lequel est tomb\u00e9e la France en Tunisie en ne voyant pas la r\u00e9volution venir et en faisant perdurer un soutien \u00e0 un r\u00e9gime autoritaire digne d\u2019un autre \u00e2ge. Rappelez-vous comment l\u2019ambassade fran\u00e7aise en Tunisie avait ensuite \u00e9t\u00e9 critiqu\u00e9e par Paris ! On assiste \u00e0 une situation semblable au Congo, o\u00f9 les ambassadeurs occidentaux soutiennent Kabila face \u00e0 un Tshisekedi qu\u2019ils jugent impr\u00e9visible. Un jugement qui rappelle celui que l\u2019Occident prof\u00e9rait envers le Premier ministre congolais Patrice Lumumba au moment de l\u2019ind\u00e9pendance du Congo. \u00bb (A. ZAJTMAN, Il est moins une \u00e0 Kinshasa, dans La Libre Belgique du 07\/12\/2011. Nous soulignons.)<br \/>\nDe 1960 \u00e0 2011, 51 ans apr\u00e8s, les imp\u00e9rialistes et les n\u00e9ocolonialistes sont rest\u00e9s \u00e9gaux \u00e0 eux-m\u00eames. Leur comportement semble \u00eatre dict\u00e9 par la charte de l\u2019imp\u00e9rialisme quand il stipule \u00e0 son article 6 : \u00ab Tout pouvoir et gouvernement \u00e9tabli par nous est l\u00e9gal, l\u00e9gitime et d\u00e9mocratique. Mais tout autre pouvoir ou gouvernement qui n\u2019\u00e9mane pas de nous est ill\u00e9gal, ill\u00e9gitime et dictatorial, quelle que soit sa forme et sa l\u00e9gitimit\u00e9. \u00bb Et \u00e0 l\u2019article 7 : \u00ab Tout pouvoir qui oppose la moindre r\u00e9sistance \u00e0 nos injonctions perd par le fait m\u00eame sa l\u00e9galit\u00e9, sa l\u00e9gitimit\u00e9 et sa cr\u00e9dibilit\u00e9. Il doit dispara\u00eetre. \u00bb<\/p>\n<p>Fid\u00e8les \u00e0 ces principes, ils recourent \u00e0 la division et \u00e0 l\u2019entretien des guerres pour diviser, dominer et exploiter. Quand nos m\u00e9dias commentent les informations quotidiennement, ils donnent la nette impression de ne pas conna\u00eetre cette histoire ou de l\u2019ignorer pour des raisons de coupagisme. Croire que les imp\u00e9rialistes am\u00e9ricains (aux abois), parrains de Kagame, de Museveni et de \u00ab Joseph Kabila \u00bb vont travailler avec Africom \u00e0 la s\u00e9curisation de nos populations, c\u2019est faire montre ou d\u2019une mauvaise foi ou d\u2019une ignorance crasse. (Ici, il serait int\u00e9ressant de revoir le documentaire <a href=\"http:\/\/www.ingeta.com\/le-conflit-au-congo-la-verite-devoilee\/\">Le conflit au Congo. La v\u00e9rit\u00e9 d\u00e9voil\u00e9e<\/a>. Il est permanent sur le site Ingeta.)<\/p>\n<p>Non. Africom est en guerre contre les puissances \u00e9mergentes du Sud comme la Chine. Cette force arm\u00e9e veut d\u00e9loger la Chine des espaces africains qu\u2019elle occupe. Elle n\u2019a rien \u00e0 voir avec la s\u00e9curit\u00e9 des populations congolaises. D\u2019ailleurs, l\u2019un des strat\u00e8ges am\u00e9ricains pr\u00e9voit <a href=\"http:\/\/www.ingeta.com\/lafricom-des-etats-unis-et-la-militarisation-du-continent-africain-le-combat-contre-limplantation-economique-chinoise\/\">le d\u00e9peuplement de l\u2019Afrique centrale dans cette guerre contre les pays \u00e9mergents<\/a>.<\/p>\n<p>Sur combien de temps les puissances imp\u00e9rialistes et n\u00e9ocoloniales travaillent-elles pour r\u00e9aliser leurs desseins ? Sur le court, le moyen et le long terme. Elles le font\u00a0 en \u00e9tant fond\u00e9es sur certains principes qu\u2019elles se transmettent de g\u00e9n\u00e9ration en g\u00e9n\u00e9ration, \u00e0 travers des cercles de pouvoir o\u00f9 les minorit\u00e9s agissantes tiennent \u00e0 sauvegarder leur emprise sur le monde. Leur force est\u00a0 d\u2019avoir appris \u00e0 passer le relais \u00e0 travers les archives et\/ou \u00ab les grandes familles \u00bb. Ignorer leur modus operandi peut contribuer \u00e0 la vente des illusions, \u00e0 l\u2019entretien de l\u2019ignorance et de l\u2019amn\u00e9sie.<\/p>\n<p>Dans un pays comme le n\u00f4tre o\u00f9 les biblioth\u00e8ques s\u00e9rieuses sont quasi-inexistantes, o\u00f9 l\u2019achat du livre ou la consultation d\u2019Internet est encore un luxe pour plusieurs compatriotes, o\u00f9 l\u2019\u00e9cole s\u00e9rieuse a presque disparu, se fier aux journaux coupagistes constitue un danger s\u00e9rieux pour notre\u00a0 devenir collectif. L\u2019av\u00e8nement des m\u00e9dias alternatifs y reste une urgence.<\/p>\n<p>M\u00e9dias alternatifs et promotion de la culture g\u00e9n\u00e9rale, lutte collective et multiforme pour notre souverainet\u00e9 \u00e9conomique et politique dans un Etat de droit d\u00e9mocratique en restant attentif au nouveau monde en gestation, une bonne ma\u00eetrise des lignes essentielles de notre histoire, etc. sont autant d\u2019 atouts indispensables \u00e0 l\u2019insurrection citoyenne dont notre pays a besoin pour son \u00e9mancipation politique.<\/p>\n<p>&nbsp;<\/p>\n<p><em>J.-P. Mbelu<\/em>\t\t<\/p>\n","protected":false},"excerpt":{"rendered":"<p>Par jean-Pierre Mbelu. Commenter l\u2019actualit\u00e9 congolaise au quotidien peut conduire \u00e0 la falsification de l\u2019histoire, \u00e0 l\u2019entretien de l\u2019ignorance et de l\u2019amn\u00e9sie. Pourtant, cet exercice est le lot quotidien de plusieurs m\u00e9dias congolais. Surtout les plus lus. Ecrire par exemple comme nous le lisons ces jours-ci que les Am\u00e9ricains de l\u2019Africom vont contribuer \u00e0 la [&hellip;]<\/p>\n","protected":false},"author":1,"featured_media":2713,"comment_status":"open","ping_status":"open","sticky":false,"template":"","format":"standard","meta":{"_acf_changed":false,"content-type":"","footnotes":""},"categories":[160,124],"tags":[],"class_list":["post-2712","post","type-post","status-publish","format-standard","has-post-thumbnail","hentry","category-nouvelles-front-est","category-politique-societe"],"acf":[],"_links":{"self":[{"href":"https:\/\/congolobilelo.com\/IN\/wp-json\/wp\/v2\/posts\/2712","targetHints":{"allow":["GET"]}}],"collection":[{"href":"https:\/\/congolobilelo.com\/IN\/wp-json\/wp\/v2\/posts"}],"about":[{"href":"https:\/\/congolobilelo.com\/IN\/wp-json\/wp\/v2\/types\/post"}],"author":[{"embeddable":true,"href":"https:\/\/congolobilelo.com\/IN\/wp-json\/wp\/v2\/users\/1"}],"replies":[{"embeddable":true,"href":"https:\/\/congolobilelo.com\/IN\/wp-json\/wp\/v2\/comments?post=2712"}],"version-history":[{"count":0,"href":"https:\/\/congolobilelo.com\/IN\/wp-json\/wp\/v2\/posts\/2712\/revisions"}],"wp:featuredmedia":[{"embeddable":true,"href":"https:\/\/congolobilelo.com\/IN\/wp-json\/"}],"wp:attachment":[{"href":"https:\/\/congolobilelo.com\/IN\/wp-json\/wp\/v2\/media?parent=2712"}],"wp:term":[{"taxonomy":"category","embeddable":true,"href":"https:\/\/congolobilelo.com\/IN\/wp-json\/wp\/v2\/categories?post=2712"},{"taxonomy":"post_tag","embeddable":true,"href":"https:\/\/congolobilelo.com\/IN\/wp-json\/wp\/v2\/tags?post=2712"}],"curies":[{"name":"wp","href":"https:\/\/api.w.org\/{rel}","templated":true}]}}