{"id":2704,"date":"2012-04-06T23:59:01","date_gmt":"2012-04-06T23:59:01","guid":{"rendered":"http:\/\/www.ingeta.com\/?p=2704"},"modified":"2012-04-06T23:59:01","modified_gmt":"2012-04-06T23:59:01","slug":"espoir-defaitisme-lutte-au-congo-kinshasa","status":"publish","type":"post","link":"https:\/\/congolobilelo.com\/IN\/espoir-defaitisme-lutte-au-congo-kinshasa\/","title":{"rendered":"Espoir, d\u00e9faitisme, lutte au Congo-Kinshasa"},"content":{"rendered":"<p>\t\t\t\t<em>Par Lomomba Emongo, \u00e9crivain et professeur de philosophie.<\/em><\/p>\n<p><strong><em>O\u00f9 en est-on au Congo-Kinshasa ce 31 mars 2012 ? \u00c0 cette question, nombreux sont ceux qui ne voient plus d\u2019issue positive \u00e0 ce que d\u2019autres appellent crise politique. Encore faut-il \u00e9valuer correctement le chemin parcouru, avant de dessiner des nouvelles perspectives dans l\u2019optique de l\u2019ind\u00e9pendance v\u00e9ritable du Congo. Trois termes me semblent porter le poids de ce double exercice r\u00e9flexif : l\u2019espoir mis \u00e0 mal, le d\u00e9faitisme annonc\u00e9 de certains, la lutte toujours et encore (dont je parlais d\u00e9j\u00e0 dans mon livre : Le devoir de lib\u00e9ration. Esclave, lib\u00e8re-toi toi-m\u00eame, L\u2019Harmattan, 1997)<\/em><\/strong><\/p>\n<p>&nbsp;<\/p>\n<p><strong>L\u2019espoir : retour sur le 16 f\u00e9vrier 2012 <\/strong><\/p>\n<p>Le 16 f\u00e9vrier 2012, date de tous les espoirs, faut-il le rappeler, n\u2019a pas tenu ses pro\u00admesses. Il n\u2019est pas exclu que l\u2019organisation ait failli \u00e0 un niveau ou un autre. N\u00e9anmoins, en d\u00e9pit de ses rat\u00e9s probables, je n\u2019h\u00e9site pas \u00e0 affirmer que pour trois raisons au moins, l\u2019ampleur m\u00eame de la r\u00e9pression \u00e0 cette occasion donne <em>a contrario <\/em>la victoire aux mani\u00adfestants.<\/p>\n<p>1. Lorsqu\u2019un pouvoir n\u2019a plus que la r\u00e9pression comme forme de gouvernance, cha\u00adcune de ses descentes meurtri\u00e8res consolide un aveu d\u2019\u00e9chec. D\u00e9sormais sans pro\u00adjet d\u2019avenir, un tel pouvoir se trouve tout entier accul\u00e9 \u00e0 la d\u00e9fensive. La gestion du pays se r\u00e9sume pour lui en la meilleure fa\u00e7on d\u2019intimider, voire d\u2019\u00e9liminer ses opposants. R\u00f4le tout d\u2019arri\u00e8re-garde, que celui-l\u00e0 ! En fait, voil\u00e0 une attitude de d\u00e9sespoir, car gouverner par d\u00e9fi n\u2019est pas gouverner. Que des le\u00e7ons \u00e0 en tirer. D\u2019abord, la gouvernance par la r\u00e9pression est une fuite en avant parfaitement inutile ; non seulement cette fa\u00e7on de faire use plus vite qu\u2019on ne croit, mais plus t\u00f4t que tard le r\u00e9gime r\u00e9pressif sans plus finit par tomber non sans fracas. Ensuite, je dirais en paraphrasant quelqu\u2019un qu\u2019on peut assassiner le peuple dans quelques-uns de ses fils et filles, mais on ne peut assassiner tout le peuple une fois pour toutes. D\u2019ici, je m\u2019entends accuser de r\u00eaver en couleur. Le printemps arabe est l\u00e0, qui parle \u00e0 ma d\u00e9charge : quelle que soit la puissance d\u2019un r\u00e9gime despotique, il est un seuil de r\u00e9pression au-del\u00e0 duquel ses meilleurs amis eux-m\u00eames se d\u00e9solidari\u00adsent. Une distance prudente, des \u00ab fuites \u00bb dans la presse internationale sur cer\u00adtaines affaires concernant les t\u00e9nors du r\u00e9gime, des transfuges fuyants le navire \u00e0 la d\u00e9rive, etc. sont quelques-uns des signes avant-coureurs. La d\u00e9mission de trois diplomates congolais \u00e0 Londres en est, de mon point de vue.<\/p>\n<p>2. Le d\u00e9ploiement sans pr\u00e9c\u00e9dent des forces de r\u00e9pression pour \u00e9touffer dans l\u2019\u0153uf la manifestation pr\u00e9vue pour le 16 f\u00e9vrier 2012, indique clairement que le r\u00e9gime Kabila craint par-dessus tout la force mobilisatrice de l\u2019\u00e9glise catholique ainsi que le ras-le-bol de la population de Kinshasa. L\u2019armada d\u00e9ploy\u00e9e ce jour-l\u00e0 et les m\u00e9thodes employ\u00e9es sont \u00e0 la mesure de cette crainte. Pour une d\u00e9monstration de force, celle-l\u00e0 a atteint au d\u00e9lire. Bien compr\u00e9hensible, un sentiment d\u2019\u00e9chec en r\u00e9sulte, nourri par les nombreuses victimes de la dictature, victimes actuellement impossibles \u00e0 venger ni en droit ni autrement. En r\u00e9alit\u00e9, voil\u00e0 qui devrait r\u00e9conforter les chr\u00e9tiens et les Kinois ac\u00adquis au changement ; voil\u00e0 qui leur confirme <em>a contrario <\/em>qu\u2019ils sont les plus forts. Pourvu qu\u2019ils prennent conscience de ce pouvoir qu\u2019ils ont de terroriser le terro\u00adrisme d\u2019\u00c9tat dirig\u00e9 contre eux en premi\u00e8re ligne. Des paroles que tout cela ? Oui, sans doute, mais seulement jusqu\u2019au jour o\u00f9 la population de Kinshasa plus que d\u2019ailleurs dans l\u2019hinterland d\u00e9cidera de pousser son avantage jusqu\u2019au bout. Je ne doute pas le moins du monde que ce jour-l\u00e0, le r\u00e9gime Kabila s\u2019en ira en poussi\u00e8re.<\/p>\n<p>3. La r\u00e9pression du 16 f\u00e9vrier 2012 avait pour vis\u00e9e, on s\u2019en doute, d\u2019emp\u00eacher co\u00fbte que co\u00fbte une probable chute de l\u2019usurpateur Kabila. Elle n\u2019a atteint cet ob\u00adjectif qu\u2019en affichant les vraies couleurs du r\u00e9gime Kabila : une dictature av\u00e9r\u00e9e de type \u00c9tat policier. Pour une victoire qui pense se nourrir de d\u00e9mocratie, en voi\u00adl\u00e0 une qui jure contre les principes \u00e9l\u00e9mentaires de la d\u00e9mocratie justement. J\u2019entends d\u00e9j\u00e0 les voix am\u00e8res qui sauteront sur ces mots pour me rappeler com\u00adbien, pr\u00e9cis\u00e9ment, une dictature de ce type ne comprend que le langage de la force. \u00c0 ceux-l\u00e0, je demande de me croire sur parole : en dehors de quelques d\u00e9\u00adsesp\u00e9r\u00e9s dont Kabila lui-m\u00eame, la grande majorit\u00e9 de ses supporters n\u2019ont cesse de chercher comment s\u2019en tirer ainsi que leurs familles respectives. Oui, je dis que pour ceux-ci, rester au pays ou fuir en Occident quand interviendra le changement \u2013 et il interviendra \u2013, est d\u00e9sormais une solution \u00e0 haut risque. S\u2019ils \u00e9chappent \u00e0 la vindicte du peuple congolais de l\u2019int\u00e9rieur ou de la diaspora, ils \u00e9chapperont diffi\u00adcilement \u00e0 la justice sinon du nouveau pouvoir de Kinshasa, du moins internatio\u00adnale. Au demeurant, Kabila n\u2019est pas dupe d\u2019\u00eatre servi par des opportunistes qui n\u2019attendent que l\u2019occasion de tourner casaque et de le trahir comme ils ont d\u00e9j\u00e0 trahi d\u2019autres avant lui.<\/p>\n<p>Que de raisons d\u2019esp\u00e9rer d\u00e8s lors. Que d\u2019arguments offerts au peuple de non seulement poursuivre la lutte, mais de resserrer l\u2019\u00e9tau autour de l\u2019usurpateur, au nom de sa souve\u00adrainet\u00e9 que personne ne peut lui contester.<\/p>\n<p><strong><em>Le d\u00e9faitisme : la tentation du bilan <\/em><\/strong><\/p>\n<p>En ce 31 mars 2012, j\u2019ai not\u00e9 une forte propension chez bien de Congolais \u00e0 faire le bilan de la lutte, suite \u00e0 la \u00ab d\u00e9faite \u00bb du 16 f\u00e9vrier dernier. Ce bilan \u2013 que certains ont d\u00e9j\u00e0 \u00e9tabli \u2013 va syst\u00e9matiquement dans le sens de l\u2019\u00e9chec de la lutte pour le changement. Sans toujours le dire ouvertement, certains se complaisent d\u00e9j\u00e0 dans la r\u00e9signation, se laissant de plus en plus contaminer par l\u2019id\u00e9e toxique des n\u00e9gociations en position de faiblesse tout en r\u00eavant des prochaines \u00e9ch\u00e9ances d\u00e9mocratiques. Le leur reprocher m\u2019est bien difficile, tant peu manquent les raisons qui nourrissent cette sorte de d\u00e9faitisme. Oui, j\u2019ai bien dit : d\u00e9faitisme, car leur attitude me semble renouveler sans contrepartie le cr\u00e9dit que le peuple du Congo a toujours consenti aux promesses ja\u00admais tenues de ceux qui, apparemment, lui veulent du bien. Mes raisons de ne pas bl\u00e2mer les blas\u00e9s par le prolongement de la lutte sont des plus simples.<\/p>\n<p>1. Kabila persiste et signe en mati\u00e8re de r\u00e9pression. T\u00e9moins : le pr\u00e9sident de la r\u00e9\u00adpublique \u00c9tienne Tshisekedi est toujours en r\u00e9sidence surveill\u00e9e sur son ordre, des combattants de la diaspora descendus au Congo se sont vu confisquer leur passe\u00adport (exemple Babi Balukuna), un peu partout au pays se poursuit l\u2019\u0153uvre san\u00adguinaire d\u2019\u00e9limination de quiconque ose contrarier le pouvoir autocratique de Ka\u00adbila. Je n\u2019y vois pour ma part que des victoires moralement et juridiquement ind\u00e9\u00adfendables, qui conduiront t\u00f4t ou tard leurs auteurs devant des tribunaux comme indiqu\u00e9 ci-dessus.<\/p>\n<p>2. Kabila m\u00e8ne tambour battant le d\u00e9bauchage de ses opposants. On entend parfois les plus intelligents d\u2019entre ceux-ci bavarder sur la n\u00e9cessit\u00e9 de lutter de l\u2019int\u00e9rieur ; en r\u00e9alit\u00e9, ils commercent avec le vent en inscrivant leur vision de la lutte dans l\u2019ill\u00e9galit\u00e9 et l\u2019ill\u00e9gitimit\u00e9 du pouvoir en place. En fait, ils redonnent raison aux plans du statu quo n\u00e9ocolonialiste au Congo-Kinshasa. Pour ma part, je ne m\u2019en \u00e9tonne gu\u00e8re. Non seulement chacun a-t-il le droit de servir le camp de son choix, que ce soit par conviction ou par opportunisme poli\u00adtique, mais il est bien connu que des f\u00e9lons ont toujours peupl\u00e9 les rangs de toute opposition digne de ce nom. Sans principes et sans honneur, ces politiciens \u00e0 la petite semaine qui changent d\u2019all\u00e9geance chaque fois que change le nom du plus fort, sont ceux-l\u00e0 m\u00eame qui forment ce qu\u2019on appelle si judicieusement l\u2019opposition alimentaire. Rien, donc, que de farfelu. Parler de victoire de Kabila \u00e0 leur sujet ? Plut\u00f4t : Kabila ne fait que faire le plein de la m\u00e9diocrit\u00e9 \u00e0 travers un ramassis au mieux de thurif\u00e9raires patent\u00e9s et au pire d\u2019incomp\u00e9tents enthou\u00adsiastes.<\/p>\n<p>3. Kabila a enfin re\u00e7u la b\u00e9n\u00e9diction officielle d\u2019un pays occidental, la Belgique par son ministre des affaires \u00e9trang\u00e8res. Beaucoup craignent en cela une reconnais\u00adsance internationale de sa \u00ab r\u00e9\u00e9lection \u00bb, reconnaissance qui le rendrait dor\u00e9na\u00advant \u00ab fr\u00e9quentable \u00bb. Ce serait en effet l\u2019ultime victoire de Kabila, puisque son pouvoir lui vient tout entier d\u2019Occident. \u00c0 cela, deux niveaux de r\u00e9flexion. D\u2019abord qu\u2019en dehors des frites et de son usine d\u2019armement (Fabrique Nationale) d\u2019Herstal, la Belgique ne repr\u00e9sente quelque chose qu\u2019\u00e0 travers son ancienne colonie, le Congo-Kinshasa. Ensuite apr\u00e8s sa sor\u00adtie de crise institutionnelle qui a dur\u00e9 le temps qu\u2019on sait, la seule fa\u00e7on pour la diplomatie belge de se faire du cr\u00e9dit politique sur le plan international c\u2019est de se positionner dans l\u2019une ou l\u2019autre affaire concernant le Congo. De sorte qu\u2019\u00e0 cer\u00adtains \u00e9gards, la d\u00e9marche hasardeuse du ministre belge est un passage oblig\u00e9. Cela \u00e9tant, moi trop dur envers la Belgique ? Qu\u2019on m\u00e9dite ceci avant de me ju\u00adger : en refoulant des demandeurs d\u2019asile congolais, le peuple belge souverain les a en r\u00e9alit\u00e9 livr\u00e9s au r\u00e9gime dont ils tentaient de se prot\u00e9ger ; mais lorsque le peuple congolais tout aussi souverain veut se d\u00e9barrasser de ce r\u00e9gime de terreur, le peuple belge par ses officiels accoure au secours de ce r\u00e9gime. Et davantage : lorsque des manifestants belges d\u2019origine congolaise commencent une \u00e9meute (violemment r\u00e9prim\u00e9e) \u00e0 Bruxelles, l\u2019ambassadeur belge \u00e0 Kinshasa est aussit\u00f4t mandat\u00e9 pour \u00ab demander clairement \u00bb \u00e0 \u00c9tienne Tshisekedi de calmer ses sup\u00adporters de Belgique ; mais lorsque le r\u00e9gime Kabila contre lequel luttent les Bel\u00adges d\u2019origine congolaise fait tirer \u00e0 bout touchant contre la population d\u00e9sarm\u00e9e, la Belgique aux premi\u00e8res loges prend acte et se tait \u00e0 travers le silence entendu de son ambassadeur. Suivez mon regard et vous verrez tout de suite la nouvelle il\u00adlustration de ce que Sartre appelait \u00ab la solution n\u00e9ocolonialiste \u00bb \u00e0 propos de Lumumba, en l\u2019esp\u00e8ce cette fois-ci de la collusion des int\u00e9r\u00eats de Kabila et de l\u2019imp\u00e9rialisme occidental au Congo. Encore un exc\u00e8s de ma part ? Encore faut-il me d\u00e9montrer que qui dit Belgique dit autre chose que la tro\u00efka Belgique-France-Etats-Unis relativement au Congo ; pour passer sous silence les multinationales autrement puissantes \u00e0 l\u2019\u00e8re de la mondialisation. Tant et si bien que Kabila ne vaut pas plus qu\u2019un dictateur-ustensile ; apr\u00e8s usage, on se d\u00e9barrassera le moment venu sans souci aucun pour le menu fretin de ses acolytes locaux.<\/p>\n<p>Que des raisons, une fois encore, de suspendre la tentation du bilan, la lutte \u00e9tant toujours d\u2019actualit\u00e9.<\/p>\n<p><strong><em>Une perspective : la lutte <\/em><\/strong><\/p>\n<p>La lutte, encore et toujours. Pourquoi et jusqu\u2019\u00e0 quand, me demandera-t-on ? Les r\u00e9\u00adponses sont d\u2019\u00e9vidence, en ce qui me concerne : le destin actuel du Congo-Kinshasa \u00e9tant en fin de compte la suj\u00e9tion n\u00e9ocolonialiste en mal d\u2019adaptation, l\u2019\u00e9tablissement d\u2019un \u00c9tat de droit qui n\u2019est possible que sous le signe de l\u2019\u00e9manation populaire constitue le premier pas vers la sortie de cette auberge. Transiger avec l\u2019\u00e9vidence de la lutte pour ce faire c\u2019est, \u00e0 mon sens, transiger avec sa souverainet\u00e9 pour le peuple congolais. Trois raisons m\u2019y confortent parmi d\u2019autres :<\/p>\n<p>1. Le changement souhait\u00e9 ne se peut faire d\u2019un seul coup. Le peuple congolais doit donc savoir que le changement v\u00e9ritable, celui qui dure et qui marque l\u2019histoire de l\u2019humanit\u00e9 exige une longue gestation. Quelqu\u2019un ne disait-il pas qu\u2019on ne fait pas le changement, on l\u2019accompagne plut\u00f4t ?<\/p>\n<p>2. La lutte suppos\u00e9e conduire au changement v\u00e9ritable ne peut par cons\u00e9quent qu\u2019\u00eatre de longue haleine. Le peuple congolais doit savoir que dans la vie d\u2019un peuple, la lutte pour la libert\u00e9 ne finit jamais, que chaque victoire est le d\u00e9but d\u2019une autre phase de la m\u00eame lutte, que le contentement li\u00e9 aux demi-solutions est son pire ennemi, qu\u2019elle comporte des exigences \u00e9thiques sup\u00e9rieures pouvant al\u00adler jusqu\u2019au sacrifice supr\u00eame (et C\u00e9dric Nianza s\u2019immola par le feu, en hostie propitiatoire de la d\u00e9mocratie au Congo !). De sorte qu\u2019apr\u00e8s le 16 f\u00e9vrier 2012, la lutte doit prendre la mesure des enjeux du pr\u00e9sent et s\u2019ajuster en cons\u00e9quence.<\/p>\n<p>3. La victoire attendue, dois-je le dire en toutes lettres, ne sera ni donn\u00e9e une fois pour toutes ni acquise pour toujours. Le peuple congolais doit savoir que les peuples vivent de leur capacit\u00e9 \u00e0 se projeter dans le futur, \u00e0 relever les d\u00e9fis cons\u00adtamment renouvel\u00e9s dans la concr\u00e9tisation de ce projet, \u00e0 s\u2019affirmer et r\u00e9affirmer sur l\u2019\u00e9chiquier concurrentiel du concert des nations. Si bien que ceux qui atten\u00addaient le 16 f\u00e9vrier dernier comme le jour de la victoire finale doivent r\u00e9viser leur copie et reprendre les armes pour remonter \u00e0 l\u2019assaut des ennemis du Congo, leurs ennemis toujours virulents, eux.<\/p>\n<p>Oui, l\u2019espoir persiste contre la tentation du d\u00e9faitisme. Oui, l\u2019espoir du Congo-Kinshasa r\u00e9side dans la lutte h\u00e9ro\u00efque que m\u00e8ne son peuple vaillant. Et c\u2019est \u00e0 la lutte et \u00e0 ses com\u00adbattants que je d\u00e9die ces vers de mon dernier livre <em>Versant Lumi\u00e8re <\/em>(Montr\u00e9al, \u00c9ditions CIDIHCA, 2011) : Un r\u00eave \/ Au bout de ma plume, un r\u00eave irr\u00e9pressible \/ \u00ab Au commencement sera le Con-go mien \/ Le seuil du si\u00e8cle enfant \/ La porte du mill\u00e9naire nouveau \u00bb.\t\t<\/p>\n","protected":false},"excerpt":{"rendered":"<p>Par Lomomba Emongo, \u00e9crivain et professeur de philosophie. O\u00f9 en est-on au Congo-Kinshasa ce 31 mars 2012 ? \u00c0 cette question, nombreux sont ceux qui ne voient plus d\u2019issue positive \u00e0 ce que d\u2019autres appellent crise politique. Encore faut-il \u00e9valuer correctement le chemin parcouru, avant de dessiner des nouvelles perspectives dans l\u2019optique de l\u2019ind\u00e9pendance v\u00e9ritable [&hellip;]<\/p>\n","protected":false},"author":1,"featured_media":2705,"comment_status":"open","ping_status":"open","sticky":false,"template":"","format":"standard","meta":{"_acf_changed":false,"content-type":"","footnotes":""},"categories":[107,122,124],"tags":[],"class_list":["post-2704","post","type-post","status-publish","format-standard","has-post-thumbnail","hentry","category-analyses-commentaires","category-news-alertes","category-politique-societe"],"acf":[],"_links":{"self":[{"href":"https:\/\/congolobilelo.com\/IN\/wp-json\/wp\/v2\/posts\/2704","targetHints":{"allow":["GET"]}}],"collection":[{"href":"https:\/\/congolobilelo.com\/IN\/wp-json\/wp\/v2\/posts"}],"about":[{"href":"https:\/\/congolobilelo.com\/IN\/wp-json\/wp\/v2\/types\/post"}],"author":[{"embeddable":true,"href":"https:\/\/congolobilelo.com\/IN\/wp-json\/wp\/v2\/users\/1"}],"replies":[{"embeddable":true,"href":"https:\/\/congolobilelo.com\/IN\/wp-json\/wp\/v2\/comments?post=2704"}],"version-history":[{"count":0,"href":"https:\/\/congolobilelo.com\/IN\/wp-json\/wp\/v2\/posts\/2704\/revisions"}],"wp:featuredmedia":[{"embeddable":true,"href":"https:\/\/congolobilelo.com\/IN\/wp-json\/"}],"wp:attachment":[{"href":"https:\/\/congolobilelo.com\/IN\/wp-json\/wp\/v2\/media?parent=2704"}],"wp:term":[{"taxonomy":"category","embeddable":true,"href":"https:\/\/congolobilelo.com\/IN\/wp-json\/wp\/v2\/categories?post=2704"},{"taxonomy":"post_tag","embeddable":true,"href":"https:\/\/congolobilelo.com\/IN\/wp-json\/wp\/v2\/tags?post=2704"}],"curies":[{"name":"wp","href":"https:\/\/api.w.org\/{rel}","templated":true}]}}