{"id":2656,"date":"2012-03-31T06:50:47","date_gmt":"2012-03-31T06:50:47","guid":{"rendered":"http:\/\/www.ingeta.com\/?p=2656"},"modified":"2012-03-31T06:50:47","modified_gmt":"2012-03-31T06:50:47","slug":"signes-avant-coureurs-de-la-la-balkanisation-de-la-rdc-2","status":"publish","type":"post","link":"https:\/\/congolobilelo.com\/IN\/signes-avant-coureurs-de-la-la-balkanisation-de-la-rdc-2\/","title":{"rendered":"Signes avant-coureurs de la la balkanisation de la RDC"},"content":{"rendered":"<p>\t\t\t\t<em>Source: <a href=\"http:\/\/www.mediacongo.net\/show.asp?doc=20160\">Mediacongo.net<\/a>. Kinshasa, 30\/03\/2012.<\/em><\/p>\n<p><em><strong>Les auteurs de l\u2019\u00e9clatement du Congo ne d\u00e9sarment pas. Ils d\u00e9bordent d\u2019imagination pour concr\u00e9tiser leur vaste plan machiav\u00e9lique. Tel est le cas de cette \u00abn\u00e9gociation\u00bb autour du delta de la Ruzizi, entre la RDC et le Burundi. La balkanisation de la RDC est en marche.<\/strong><\/em><\/p>\n<p>&nbsp;<\/p>\n<p>Lorsque le Rwanda, le Burundi et l\u2019Ouganda avaient brandi le pr\u00e9texte s\u00e9curitaire pour agresser la R\u00e9publique d\u00e9mocratique du Congo, en s\u2019appuyant sur la pr\u00e9sence des Interahamwe, les FDLR, on ne s\u2019imaginait pas qu\u2019il s\u2019agissait l\u00e0 du d\u00e9but du complot de la balkanisation de la RDC. Le temps a fini par donner raison aux Congolais qui d\u00e9non\u00e7aient l\u2019occupation de leur territoire par des pays \u00e9trangers. Tout le tralala bien orchestr\u00e9 depuis la tribune des Nations unies et cette kyrielle de conf\u00e9rences, de n\u00e9gociations, ne visaient qu\u2019\u00e0 fatiguer les Congolais.<\/p>\n<p>Mais face \u00e0 la r\u00e9sistance de ce m\u00eame peuple congolais, les faiseurs de guerre ont chang\u00e9 le fusil d\u2019\u00e9paule pour se manifester sur le plan \u00e9conomique. Outre le pillage syst\u00e9matique des richesses nationales dans le but d\u2019affaiblir davantage la RDC, ils se sont illustr\u00e9s par des \u00abplans\u00bb tout aussi funestes que le complot lui-m\u00eame et s\u2019appuient sur \u00able partage des ressources\u00bb sous le principe de \u00abla commercialisation responsable des ressources\u00bb de la r\u00e9gion des Grands Lacs. Les auteurs de ces plans n\u2019ont m\u00eame pas h\u00e9sit\u00e9 \u00e0 demander \u00e0 la RDC de partager ses ressources avec ses voisins, notamment le Rwanda. Entre-temps, dans ce pays, l\u2019on s\u2019employait \u00e0 cr\u00e9er une \u00abzone franche\u00bb, une sorte de \u00abparadis fiscal\u00bb pour mieux contr\u00f4ler les revenus de la vente des richesses congolaises. Et dans les couloirs du d\u00e9partement d\u2019Etat \u00e0 Washington, l\u2019on disait que le \u00abKivu appartenait d\u00e9j\u00e0 au Rwanda\u00bb. Allusion faite aux d\u00e9clarations d\u2019Herman Cohen, ancien sous-secr\u00e9taire d\u2019Etat am\u00e9ricain aux Affaires africaines dans une interview post\u00e9e sur Youtube. net<\/p>\n<p>Pendant qu\u2019on y r\u00e9fl\u00e9chit encore pour ma\u00eetriser les tenants et les aboutissants de ces \u00abplans de partage en commun des ressources de la RDC\u00bb, voil\u00e0 qu\u2019on enregistre des indices s\u00e9rieux qui renforcent l\u2019inqui\u00e9tude.<\/p>\n<p>Le premier, et toujours le m\u00eame pr\u00e9texte, est d\u2019ordre s\u00e9curitaire. En effet, le Burundi, par la bouche du g\u00e9n\u00e9ral Evariste Ndishimiye, chef de cabinet du pr\u00e9sident burundais en charge des questions militaires \u00abdemande au gouvernement congolais de renforcer le contr\u00f4le \u00e0 la fronti\u00e8re pour ne pas servir de bases arri\u00e8res aux rebelles du FNL\u00bb. Selon le pouvoir de Bujumbura, les rebelles du FNL se replient dans la for\u00eat de Rukoko, en RDC, pour s\u2019organiser et attaquer le Burundi, en vue de d\u00e9stabiliser ses institutions. Cela rappelle la question des FDLR. Il y eut des op\u00e9rations militaires conjointes avec le Rwanda pour les neutraliser. Rien n\u2019y fit jusqu\u2019\u00e0 ce jour. Les FDLR sont toujours l\u00e0 et l\u2019on donne l\u2019impression de s\u2019accommoder avec leur pr\u00e9sence. Une implantation d\u00e9guis\u00e9e, diraient certains. Aussi, cette attitude de Bujumbura n\u2019est pas du tout un fait divers. Elle d\u00e9coule d\u2019une logique bien \u00e9tablie avec un objectif bien pr\u00e9cis.<\/p>\n<p>&nbsp;<\/p>\n<p><strong>DELTA DE LA RUZIZI<\/strong><\/p>\n<p>Deuxi\u00e8me indice qui renforce le premier, et c\u2019est le plus inqui\u00e9tant, c\u2019est la discussion autour du delta de la Ruzizi, entre la RDC et le Burundi.<\/p>\n<p>Une commission mixte a d\u00e9j\u00e0 \u00e9t\u00e9 mise sur pied et a tenu deux importantes s\u00e9ances de travail, \u00e0 Bukavu et \u00e0 Bujumbura. La discussion porte sur la d\u00e9marcation de la fronti\u00e8re commune. Le point focal est bien s\u00fbr le delta de la Ruzizi au niveau de Gatumba et Kabonga, et qui accuserait une superficie d\u2019au moins 8 000 km2.<\/p>\n<p>Il serait question de \u00abclarifier\u00bb ces zones d\u2019ombre. D\u2019autant que Bujumbura envisagerait la remise en cause l\u2019Arrangement du 14 mai 1910 sign\u00e9 entre le Royaume de Belgique et l\u2019Allemagne. Mais selon la Convention de Bruxelles d\u2019ao\u00fbt 1910 qui prend en compte cet arrangement de mai 1910, ensuite la Convention de Berlin de 26 ao\u00fbt 1910 donnant instruction \u00e0 la Commission mixte belgo-germano-britannique, cette limitation part du Lac Kivu au Lac Tanganyika, du nord au sud. Et il est soulign\u00e9 que cette fronti\u00e8re est constitu\u00e9e par la ligne m\u00e9diane. \u00abCette solution, g\u00e9n\u00e9ralement bien admise, est d\u2019ailleurs conforme aux principes de droit international public, \u00e0 la d\u00e9claration de neutralit\u00e9 du 1er ao\u00fbt 1885, \u00e0 la d\u00e9claration de Bruxelles du 18 d\u00e9cembre 18 d\u00e9cembre 1894, \u00e0 l\u2019esprit de la Convention du 8 novembre 1894 par laquelle l\u2019Allemagne a reconnu l\u2019Etat Ind\u00e9pendant du Congo et \u00e0 la convention belgo-allemande du 11 ao\u00fbt 1910 approuvant l\u2019arrangement de fronti\u00e8re du 14 mai 1910\u00bb, lit-on dans les textes officiels.<\/p>\n<p>La question qui pr\u00e9occupe est celle de savoir les vrais mobiles qui pourraient justifier une \u00e9ventuelle d\u00e9marche commune de la RDC et du Burundi \u00e0 remettre en cause les fronti\u00e8res h\u00e9rit\u00e9es de la colonisation et lors des ind\u00e9pendances africaines. Pourquoi en ce moment pr\u00e9cis ?<\/p>\n<p>Des analystes voient en cette d\u00e9marche subtile, une fa\u00e7on pour le Burundi d\u2019exercer une pression sur la RDC au Nord-Kivu \u00e0 l\u2019image du Rwanda au Sud-Kivu o\u00f9 sa pr\u00e9sence est omnipr\u00e9sente. Comme si d\u00e9j\u00e0 on se partageait la RDC \u00e0 partir des deux Kivu.<\/p>\n<p>Le prochain Parlement a du pain sur la planche. Car, il ne s\u2019agit rien d\u2019autre que des ballons d\u2019essai en vue de porter, le moment venu, l\u2019estocade pour r\u00e9aliser le projet funeste de la balkanisation de la RDC.<\/p>\n<p>&nbsp;<\/p>\n<p><strong>NOUVELLES VILLES ET COMMUNES AU NORD-KIVU<\/strong><\/p>\n<p>Entre les deux indices, les observateurs sont surpris d\u2019une autre chose ; le D\u00e9cret 012\/11 du 12 f\u00e9vrier 2012 portant cr\u00e9ation de trois villes et plusieurs communes dans la province du Nord-Kivu. Il s\u2019agit de nouvelles villes suivantes : Luholu (avec comme communes Kayna, Kirumba, Luofu et Mighobwe), O\u00efcha (avec Asefu, Mamundioma et Mbimbi), Rutshuru (avec Buzito, Katemba, Kiringa et Mahungo)\u2026. Et les communes ci-apr\u00e8s Bambo, Bulongo, Hombo-Nord, Kanyabayonga, Kaseghe, Kasindi, Kibirizi, Kibumba, Kilambo, Kipese, Kirungu, Kitsombiro, Kyondo, Lubero, Luoto, Mangina, Masereka, Masisi, Mubi, Ndjingala, Ngungu, Njiapanda, Nyamilima, Nyamitaba, Nyanzale, Pinga, Bushimoo, Rubaya, Sake, Tshengerero, Walikale\u2026.<\/p>\n<p>Admettons que ce d\u00e9cret soit conforme \u00e0 la loi. Pourquoi a-t-il \u00e9t\u00e9 pris en p\u00e9riode transitoire alors que l\u2019on est en train de mettre en place les nouvelles institutions ? En effet, l\u2019Assembl\u00e9e nationale n\u2019a pas encore de bureau d\u00e9finitif, pas de Premier ministre ni de gouvernement issus des \u00e9lections. Qu\u2019est-ce qui motive cette pr\u00e9cipitation qui ne concerne que la province du Nord-Kivu ? Dire qu\u2019actuellement, dans cette province, les conflits fonciers font rage avec ces mouvements massifs de d\u00e9placement et d\u2019arriv\u00e9e des populations ainsi que des r\u00e9fugi\u00e9s, il y a \u00e0 craindre que ce d\u00e9coupage pose de r\u00e9els probl\u00e8mes.<\/p>\n<p>Il y a anguille sous roche. De l\u00e0, \u00e0 conclure que l\u2019on est en train de placer une bombe \u00e0 retardement, il n\u2019y a qu\u2019un pas \u00e0 franchir pour affirmer cette hypoth\u00e8se. En effet, selon des investigations men\u00e9es, ce d\u00e9cret a \u00e9t\u00e9 port\u00e9 \u00e0 la connaissance du public juste apr\u00e8s l\u2019audience que le Premier ministre int\u00e9rimaire a accord\u00e9e au gouverneur de la province du Nord-Kivu, Julien Paluku. Cette co\u00efncidence curieuse suscite de nombreuses interrogations et rejoint des analyses autour du \u00abd\u00e9peuplement, peuplement ou implantations\u00bb dans les deux Kivu. Ces nouvelles villes et communes ont-elles \u00e9t\u00e9 d\u00e9cid\u00e9es \u00e0 dessein ? Serait-ce en pr\u00e9vision de prochaines \u00e9lections provinciales et municipales ou en fonction de la mise en place ou r\u00e9forme de l\u2019Administration publique et Entit\u00e9s territoriales ? Autant d\u2019interrogations pertinentes.<\/p>\n<p>Au demeurant, tout se passe comme si les \u00e9v\u00e9nements se recoupaient. On s\u2019emploie ainsi \u00e0 tourner en bourrique toute la classe politique par des \u00abcrises politiciennes\u00bb programm\u00e9es pour prouver \u00e0 la face du monde son incapacit\u00e9 \u00e0 diriger un pays aux dimensions g\u00e9ographiques de la RDC, aux nombreuses richesses incontr\u00f4l\u00e9es. Pendant ce temps, s\u2019effectue un travail en profondeur afin de tourner aussi tout le peuple congolais en d\u00e9rision. L\u2019effet de surprise consistera \u00e0 placer les Congolais devant un fait accompli. Pilule difficile \u00e0 avaler.<\/p>\n<p>&nbsp;<\/p>\n<p>&nbsp;\t\t<\/p>\n","protected":false},"excerpt":{"rendered":"<p>Source: Mediacongo.net. Kinshasa, 30\/03\/2012. Les auteurs de l\u2019\u00e9clatement du Congo ne d\u00e9sarment pas. Ils d\u00e9bordent d\u2019imagination pour concr\u00e9tiser leur vaste plan machiav\u00e9lique. Tel est le cas de cette \u00abn\u00e9gociation\u00bb autour du delta de la Ruzizi, entre la RDC et le Burundi. La balkanisation de la RDC est en marche. &nbsp; Lorsque le Rwanda, le Burundi [&hellip;]<\/p>\n","protected":false},"author":1,"featured_media":2652,"comment_status":"open","ping_status":"open","sticky":false,"template":"","format":"standard","meta":{"_acf_changed":false,"content-type":"","footnotes":""},"categories":[107,122,124],"tags":[],"class_list":["post-2656","post","type-post","status-publish","format-standard","has-post-thumbnail","hentry","category-analyses-commentaires","category-news-alertes","category-politique-societe"],"acf":[],"_links":{"self":[{"href":"https:\/\/congolobilelo.com\/IN\/wp-json\/wp\/v2\/posts\/2656","targetHints":{"allow":["GET"]}}],"collection":[{"href":"https:\/\/congolobilelo.com\/IN\/wp-json\/wp\/v2\/posts"}],"about":[{"href":"https:\/\/congolobilelo.com\/IN\/wp-json\/wp\/v2\/types\/post"}],"author":[{"embeddable":true,"href":"https:\/\/congolobilelo.com\/IN\/wp-json\/wp\/v2\/users\/1"}],"replies":[{"embeddable":true,"href":"https:\/\/congolobilelo.com\/IN\/wp-json\/wp\/v2\/comments?post=2656"}],"version-history":[{"count":0,"href":"https:\/\/congolobilelo.com\/IN\/wp-json\/wp\/v2\/posts\/2656\/revisions"}],"wp:featuredmedia":[{"embeddable":true,"href":"https:\/\/congolobilelo.com\/IN\/wp-json\/"}],"wp:attachment":[{"href":"https:\/\/congolobilelo.com\/IN\/wp-json\/wp\/v2\/media?parent=2656"}],"wp:term":[{"taxonomy":"category","embeddable":true,"href":"https:\/\/congolobilelo.com\/IN\/wp-json\/wp\/v2\/categories?post=2656"},{"taxonomy":"post_tag","embeddable":true,"href":"https:\/\/congolobilelo.com\/IN\/wp-json\/wp\/v2\/tags?post=2656"}],"curies":[{"name":"wp","href":"https:\/\/api.w.org\/{rel}","templated":true}]}}