{"id":2643,"date":"2012-03-30T16:38:32","date_gmt":"2012-03-30T16:38:32","guid":{"rendered":"http:\/\/www.ingeta.com\/?p=2643"},"modified":"2012-03-30T16:38:32","modified_gmt":"2012-03-30T16:38:32","slug":"les-elections-les-congolaises-et-le-courage-de-la-verite","status":"publish","type":"post","link":"https:\/\/congolobilelo.com\/IN\/les-elections-les-congolaises-et-le-courage-de-la-verite\/","title":{"rendered":"Les \u00e9lections, les Congolais(es) et le courage de la v\u00e9rit\u00e9"},"content":{"rendered":"<p>\t\t\t\t<em>Par Jean-Pierre Mbelu.<\/em><\/p>\n<p><em><strong>Les rapports se succ\u00e8dent et certains se rassemblent. Les fanatiques du temps \u00ab chronos \u00bb posent des questions du genre : \u00ab Pourquoi maintenant ? \u00bb Ceux habitu\u00e9s au temps de la m\u00e9ditation et de la r\u00e9flexion r\u00e9pondent : \u00ab Mieux vaut tard que jamais. Pourvu que le courage de la v\u00e9rit\u00e9 triomphe. \u00bb<\/strong><\/em><\/p>\n<p>Pour plusieurs compatriotes, le rapport final de la Mission d\u2019observation des \u00e9lections de l\u2019Union Europ\u00e9enne (que nous lisons \u00e0 partir de ce jeudi 29 mars 2012) est publi\u00e9 tardivement. Pourquoi maintenant, demandent-ils ? Pourquoi pas, pourrait r\u00e9torquer la MOE-UE ? Pour notre part, lire ce rapport (apr\u00e8s plusieurs autres) est important. Surtout \u00e0 cause des questions qu\u2019il repose, des doutes qu\u2019il suscite et du manque de cr\u00e9dibilit\u00e9 du processus \u00e9lectoral qu\u2019il r\u00e9v\u00e8le, avec des preuves \u00e0 l\u2019appui. Les compatriotes ayant parcouru certains articles de fond publi\u00e9s sur le processus \u00e9lectoral congolais de novembre et d\u00e9cembre 2011 liront ais\u00e9ment ce rapport. L\u2019une des associations congolaises op\u00e9rant \u00e0 partir de la Belgique (APRODEC) a scientifiquement prouv\u00e9, \u00e0 plusieurs reprises, avec des chiffres \u00e0 l\u2019appui, le c\u00f4t\u00e9 mensonger du processus dans lequel nos compatriotes rest\u00e9s au pays \u00e9taient engag\u00e9s.<\/p>\n<p>Le premier, le Cardinal Monsengwo Pasinya, avait soutenu, \u00e0 la publication des premiers r\u00e9sultats partiels, que ces derniers n\u2019\u00e9taient conformes ni \u00e0 la justice, ni \u00e0 la v\u00e9rit\u00e9. Confiant en la t\u00eatutesse de la v\u00e9rit\u00e9, le Cardinal Monsengwo a \u00e9t\u00e9 accus\u00e9, par les m\u00e9dias kinois d\u2019avoir jet\u00e9 de l\u2019huile sur le feu.<\/p>\n<p>Bizarrement, apr\u00e8s la publication du rapport final de la MOE-UE et de celui de l\u2019informateur d\u00e9sign\u00e9 par le pr\u00e9sident sortant de la RDC , les m\u00eames m\u00e9dias informent que le pr\u00e9sident de la CENI , apr\u00e8s avoir mal fait son travail, ne jouit plus du soutien ni de ses \u00ab amis \u00bb de la majorit\u00e9, ni de ses \u00ab ennemis \u00bb de l\u2019opposition. Comble d\u2019hypocrisie ! La majorit\u00e9 et l\u2019opposition rejettent le travail abattu par la CENI en coulisse. Mais, publiquement, la majorit\u00e9 pr\u00e9sidentielle et une partie de l\u2019opposition acceptent la cooptation et la nomination de certains d\u00e9put\u00e9s par la m\u00eame CENI. Elles acceptent que le pr\u00e9sident sortant r\u00e9\u00e9lu frauduleusement et irr\u00e9guli\u00e8rement nomme un informateur et bient\u00f4t un formateur du gouvernement ; qu\u2019il se cr\u00e9e une majorit\u00e9 artificielle pour r\u00e9gner sur le Congo jusqu\u2019en 2016. O\u00f9 est le s\u00e9rieux ? O\u00f9 est la coh\u00e9rence dans cette fa\u00e7on de proc\u00e9der et de penser ?<\/p>\n<p>Comme pour la mort de nos millions de morts, de nos journalistes et autres d\u00e9fenseurs des droits de l\u2019homme, il arrive que les journalistes coupagistes de Kinshasa, la majorit\u00e9 dite pr\u00e9sidentielle et une certaine opposition (plus quelques hommes et femmes d\u2019\u00e9glise toutes tendances confondues) trouvent des circonstances att\u00e9nuantes \u00e0 \u00ab Joseph Kabila \u00bb pour qu\u2019il se maintienne au pouvoir. Tungulu est tu\u00e9 ; ce n\u2019est pas lui. C\u2019est \u00ab la garde pr\u00e9sidentielle \u00bb. Chebeya est tu\u00e9 et son beau-fr\u00e8re dispara\u00eet, ce n\u2019est pas \u00ab le ra\u00efs \u00bb, c\u2019est Mukalayi, Numbi et les autres. \u00ab Joseph Kabila \u00bb est r\u00e9\u00e9lu frauduleusement ; c\u2019est vrai, ce n\u2019est pas lui qui a tout arrang\u00e9, c\u2019est Ngoyi Mulunda et sa CENI. En 2006, c\u2019\u00e9tait Malu Malu et sa CEI. Tel est le cirque auquel nous assistons chez nous depuis bient\u00f4t plus de deux d\u00e9cennies. Mais, contrairement aux thurif\u00e9raires de ce marionnettisme honni, la v\u00e9rit\u00e9 dans notre pays prend \u00ab les escaliers \u00bb, et elle finira par s\u2019imposer. (Lokuta eyaka na ascenseur. V\u00e9rit\u00e9, na escaliers, comme on dit \u00e0 Kinshasa.)<\/p>\n<p>A ce point nomm\u00e9, les minorit\u00e9s organis\u00e9es et agissantes ont compris qu\u2019il ne sert \u00e0 rien de s\u2019ins\u00e9rer dans les processus et le temps cr\u00e9\u00e9s par autrui sans nous. Elles ont compris qu\u2019elles doivent cr\u00e9er leurs processus et leur temps \u00e0 elles. Cette nouvelle fa\u00e7on de percevoir la marche de notre pays accorde une importance capitale \u00e0 toute v\u00e9rit\u00e9 dite sur lui quel que soit le moment o\u00f9 elle advient. Cela d\u2019autant plus qu\u2019elles sont convaincues que les changements profonds sont mol\u00e9culaires ; ils prennent du temps, beaucoup de temps \u00e0 pouvoir s\u2019imposer. (Prendre par exemple conscience de l\u2019incoh\u00e9rence des m\u00e9dias coupagistes exige du temps.)<\/p>\n<p>Aussi, le courage de la v\u00e9rit\u00e9 n\u2019est-il pas l\u2019apanage de ceux qui pr\u00e9tendent en \u00eatre les t\u00e9moins privil\u00e9gi\u00e9s : le fait qu\u2019un Abb\u00e9 et un Pasteur aient jou\u00e9 des r\u00f4les n\u00e9fastes au niveau de la CEI et de la CENI pour notre pays est signal d\u2019alarme important : l\u2019habit ne fait pas le moine (m\u00eame s\u2019il n\u2019y a pas de moine sans habit !).<\/p>\n<p>Dans un monde o\u00f9 triomphe la cupidit\u00e9, le courage de la v\u00e9rit\u00e9 sera assum\u00e9 par ceux et celles d\u2019entre nous qui auront compris que rien de consistant ne peut se construire sur les cadavres de nos fr\u00e8res et s\u0153urs, sur la violence, sur les mensonges, sur les tricheries et les fraudes.<\/p>\n<p>Un pays ne se construit pas en d\u00e9truisant son fond \u00e9thique. Vouloir construire des institutions cr\u00e9dibles \u00e0 partir d\u2019un processus dont la cr\u00e9dibilit\u00e9 laisse \u00e0 d\u00e9sirer, c\u2019est trahir la v\u00e9rit\u00e9 m\u00eame si cela rapporte de l\u2019argent. C\u2019est vrai. Dans ce contexte, lutter mains nues devient dangereux. Oui. Dans ce contexte, lutter mains nues rel\u00e8ve de l\u2019id\u00e9al que le r\u00e9alisme de compromission trahit.<\/p>\n<p>Des compatriotes trahissant cet id\u00e9al patriotique de la lutte pour la v\u00e9rit\u00e9 vous disent qu\u2019ils ont engag\u00e9 beaucoup d\u2019argent au cours du processus \u00e9lectoral et qu\u2019ils doivent le r\u00e9cup\u00e9rer. Ils ont peut-\u00eatre raison \u00e0 condition qu\u2019ils se rendent \u00e0 l\u2019\u00e9vidence que r\u00e9cup\u00e9rer son argent et servir sa patrie, c\u2019est diff\u00e9rent. Qu\u2019est-ce que les familles qui ont perdu leurs \u00eatres chers au nom du patriotisme vont avoir comme compensation en retour ? Et ceux et celles qui ont d\u00e9pens\u00e9 leur argent et qui ont \u00e9t\u00e9 \u00e9cart\u00e9s d\u2019un processus frauduleux \u2013 comme l\u2019une des filles de Dekese- que vont-ils avoir en retour ?<\/p>\n<p>Trahir une lutte aux id\u00e9aux nobles pour des raisons d\u2019ordre individuel ne devrait pas servir de r\u00e9f\u00e9rence pour la suite des \u00e9v\u00e8nements chez nous.<\/p>\n<p>C\u2019est vrai. L\u2019impression pour le moment est que les fraudeurs et les tricheurs sont les plus forts. Mais le courage de la v\u00e9rit\u00e9 n\u2019est pas \u00e0 n\u00e9gliger. Il risque de vaincre dans ces milliers des Congolais(es) estimant qu\u2019ils n\u2019ont plus rien \u00e0 perdre. Quand ? Ils vont inventer leur temps. En marge de la cupidit\u00e9 et de la sottise\u2026<\/p>\n<p>&nbsp;<\/p>\n<p><em>J.-P. Mbelu<\/em>\t\t<\/p>\n","protected":false},"excerpt":{"rendered":"<p>Par Jean-Pierre Mbelu. Les rapports se succ\u00e8dent et certains se rassemblent. Les fanatiques du temps \u00ab chronos \u00bb posent des questions du genre : \u00ab Pourquoi maintenant ? \u00bb Ceux habitu\u00e9s au temps de la m\u00e9ditation et de la r\u00e9flexion r\u00e9pondent : \u00ab Mieux vaut tard que jamais. Pourvu que le courage de la v\u00e9rit\u00e9 [&hellip;]<\/p>\n","protected":false},"author":1,"featured_media":2644,"comment_status":"open","ping_status":"open","sticky":false,"template":"","format":"standard","meta":{"_acf_changed":false,"content-type":"","footnotes":""},"categories":[107,122,124],"tags":[],"class_list":["post-2643","post","type-post","status-publish","format-standard","has-post-thumbnail","hentry","category-analyses-commentaires","category-news-alertes","category-politique-societe"],"acf":[],"_links":{"self":[{"href":"https:\/\/congolobilelo.com\/IN\/wp-json\/wp\/v2\/posts\/2643","targetHints":{"allow":["GET"]}}],"collection":[{"href":"https:\/\/congolobilelo.com\/IN\/wp-json\/wp\/v2\/posts"}],"about":[{"href":"https:\/\/congolobilelo.com\/IN\/wp-json\/wp\/v2\/types\/post"}],"author":[{"embeddable":true,"href":"https:\/\/congolobilelo.com\/IN\/wp-json\/wp\/v2\/users\/1"}],"replies":[{"embeddable":true,"href":"https:\/\/congolobilelo.com\/IN\/wp-json\/wp\/v2\/comments?post=2643"}],"version-history":[{"count":0,"href":"https:\/\/congolobilelo.com\/IN\/wp-json\/wp\/v2\/posts\/2643\/revisions"}],"wp:featuredmedia":[{"embeddable":true,"href":"https:\/\/congolobilelo.com\/IN\/wp-json\/"}],"wp:attachment":[{"href":"https:\/\/congolobilelo.com\/IN\/wp-json\/wp\/v2\/media?parent=2643"}],"wp:term":[{"taxonomy":"category","embeddable":true,"href":"https:\/\/congolobilelo.com\/IN\/wp-json\/wp\/v2\/categories?post=2643"},{"taxonomy":"post_tag","embeddable":true,"href":"https:\/\/congolobilelo.com\/IN\/wp-json\/wp\/v2\/tags?post=2643"}],"curies":[{"name":"wp","href":"https:\/\/api.w.org\/{rel}","templated":true}]}}