{"id":2639,"date":"2012-03-30T08:34:49","date_gmt":"2012-03-30T08:34:49","guid":{"rendered":"http:\/\/www.ingeta.com\/?p=2639"},"modified":"2012-03-30T08:34:49","modified_gmt":"2012-03-30T08:34:49","slug":"le-rapport-final-de-la-moe-sur-les-elections-2011-en-rdc","status":"publish","type":"post","link":"https:\/\/congolobilelo.com\/IN\/le-rapport-final-de-la-moe-sur-les-elections-2011-en-rdc\/","title":{"rendered":"Le rapport final de la MOE sur les \u00e9lections 2011 en RDC\u200f"},"content":{"rendered":"<p>\t\t\t\t<a href=\"http:\/\/www.ingeta.com\/wp-content\/uploads\/2012\/03\/RF-EU-EOM-RDC-REV-27-MAR-2012.pdf\"><img loading=\"lazy\" decoding=\"async\" class=\"alignnone size-full wp-image-2640\" title=\"MOE2011\" src=\"http:\/\/www.ingeta.com\/wp-content\/uploads\/2012\/03\/MOE2011.jpg\" alt=\"\" width=\"512\" height=\"385\" \/><\/a><\/p>\n<p>Les r\u00e9sultats des \u00e9lections pr\u00e9sidentielle et l\u00e9gislatives de fin 2011 en R\u00e9publique d\u00e9mocratique du Congo &#8220;ne sont pas cr\u00e9dibles&#8221; en raison de &#8220;nombreuses irr\u00e9gularit\u00e9s et fraudes&#8221;, estime la Mission d&#8217;observation de l&#8217;Union europ\u00e9enne dans <a href=\"http:\/\/www.ingeta.com\/wp-content\/uploads\/2012\/03\/RF-EU-EOM-RDC-REV-27-MAR-2012.pdf\">ce rapport<\/a> publi\u00e9 jeudi \u00e0 Kinshasa.<\/p>\n<p>La mission &#8220;consid\u00e8re que les r\u00e9sultats publi\u00e9s par la Commission \u00e9lectorale nationale ind\u00e9pendante (C\u00e9ni) ne sont pas cr\u00e9dibles \u00e0 la lumi\u00e8re des nombreuses irr\u00e9gularit\u00e9s et fraudes constat\u00e9es lors du processus \u00e9lectoral&#8221;, \u00e9crit-elle dans son rapport final sur ces scrutins remport\u00e9s par le chef de l&#8217;Etat sortant Joseph Kabila et l&#8217;alliance de partis qui l&#8217;ont soutenu.<\/p>\n<p>T\u00e9l\u00e9chargez <a href=\"http:\/\/www.ingeta.com\/wp-content\/uploads\/2012\/03\/RF-EU-EOM-RDC-REV-27-MAR-2012.pdf\">le rapport final de la mission d&#8217;Observation \u00e9lectorale de l&#8217;Union europ\u00e9enne<\/a>.\t\t<\/p>\n","protected":false},"excerpt":{"rendered":"<p>Les r\u00e9sultats des \u00e9lections pr\u00e9sidentielle et l\u00e9gislatives de fin 2011 en R\u00e9publique d\u00e9mocratique du Congo &#8220;ne sont pas cr\u00e9dibles&#8221; en raison de &#8220;nombreuses irr\u00e9gularit\u00e9s et fraudes&#8221;, estime la Mission d&#8217;observation de l&#8217;Union europ\u00e9enne dans ce rapport publi\u00e9 jeudi \u00e0 Kinshasa. La mission &#8220;consid\u00e8re que les r\u00e9sultats publi\u00e9s par la Commission \u00e9lectorale nationale ind\u00e9pendante (C\u00e9ni) ne [&hellip;]<\/p>\n","protected":false},"author":1,"featured_media":2640,"comment_status":"open","ping_status":"open","sticky":false,"template":"","format":"standard","meta":{"_acf_changed":false,"content-type":"","footnotes":""},"categories":[154,122,124],"tags":[],"class_list":["post-2639","post","type-post","status-publish","format-standard","has-post-thumbnail","hentry","category-etudes-rapports","category-news-alertes","category-politique-societe"],"acf":[],"_links":{"self":[{"href":"https:\/\/congolobilelo.com\/IN\/wp-json\/wp\/v2\/posts\/2639","targetHints":{"allow":["GET"]}}],"collection":[{"href":"https:\/\/congolobilelo.com\/IN\/wp-json\/wp\/v2\/posts"}],"about":[{"href":"https:\/\/congolobilelo.com\/IN\/wp-json\/wp\/v2\/types\/post"}],"author":[{"embeddable":true,"href":"https:\/\/congolobilelo.com\/IN\/wp-json\/wp\/v2\/users\/1"}],"replies":[{"embeddable":true,"href":"https:\/\/congolobilelo.com\/IN\/wp-json\/wp\/v2\/comments?post=2639"}],"version-history":[{"count":0,"href":"https:\/\/congolobilelo.com\/IN\/wp-json\/wp\/v2\/posts\/2639\/revisions"}],"wp:featuredmedia":[{"embeddable":true,"href":"https:\/\/congolobilelo.com\/IN\/wp-json\/"}],"wp:attachment":[{"href":"https:\/\/congolobilelo.com\/IN\/wp-json\/wp\/v2\/media?parent=2639"}],"wp:term":[{"taxonomy":"category","embeddable":true,"href":"https:\/\/congolobilelo.com\/IN\/wp-json\/wp\/v2\/categories?post=2639"},{"taxonomy":"post_tag","embeddable":true,"href":"https:\/\/congolobilelo.com\/IN\/wp-json\/wp\/v2\/tags?post=2639"}],"curies":[{"name":"wp","href":"https:\/\/api.w.org\/{rel}","templated":true}]}}