{"id":2619,"date":"2012-03-29T01:47:03","date_gmt":"2012-03-29T01:47:03","guid":{"rendered":"http:\/\/www.ingeta.com\/?p=2619"},"modified":"2012-03-29T01:47:03","modified_gmt":"2012-03-29T01:47:03","slug":"montreal-preiere-canadienne-du-film-meurtre-a-kinshasa-qui-a-tue-laurent-desire-kabila","status":"publish","type":"post","link":"https:\/\/congolobilelo.com\/IN\/montreal-preiere-canadienne-du-film-meurtre-a-kinshasa-qui-a-tue-laurent-desire-kabila\/","title":{"rendered":"Montr\u00e9al &#8211; Premi\u00e8re Canadienne du film &#8221;Meurtre \u00e0 Kinshasa qui a tu\u00e9 Laurent D\u00e9sir\u00e9 Kabila&#8221;"},"content":{"rendered":"<p>\t\t\t\tLe <a href=\"http:\/\/www.grila.org\/index_fr.htm\" target=\"_blank\" rel=\"noopener\">GRILA\u00a0 <\/a>(groupe de recherche et d\u2019initiative pour la lib\u00e9ration de l\u2019Afrique) vous convie \u00e0 un \u00e9v\u00e8nement double, le lancement du LIVRE : &#8221;<em><strong>African Awakening<\/strong><\/em>&#8221; en pr\u00e9sence de l\u2019\u00e9diteur Firoze Manji de Pambazuka et la projection en premi\u00e8re canadienne du FILM :&#8221;<em><strong>Meurtre \u00e0 Kinshasa qui a tu\u00e9 Laurent D\u00e9sir\u00e9 Kabila<\/strong><\/em>&#8221; de Marl\u00e8ne Rabaud et Arnaud Zajtman, ICTV Solferino.<\/p>\n<p><strong>Date<\/strong> : Jeudi 5 Avril 2012 \u00e0<\/p>\n<p><strong>Heure<\/strong> : 18h au<\/p>\n<p><strong>Lieu<\/strong> : UQAM, m\u00e9tro Berri-, 201 Sainte-Catherine Est, salle V-3430,<\/p>\n<p>&nbsp;<\/p>\n<p><strong>Interview de Arnaud Zajtman<\/strong><\/p>\n<p><iframe loading=\"lazy\" title=\"Arnaud Zajtman : meurtre \u00e0 Kinshasa\" width=\"1080\" height=\"608\" src=\"https:\/\/www.youtube.com\/embed\/rZFuBTShxoE?feature=oembed\" frameborder=\"0\" allow=\"accelerometer; autoplay; clipboard-write; encrypted-media; gyroscope; picture-in-picture; web-share\" referrerpolicy=\"strict-origin-when-cross-origin\" allowfullscreen><\/iframe>\t\t<\/p>\n","protected":false},"excerpt":{"rendered":"<p>Le GRILA\u00a0 (groupe de recherche et d\u2019initiative pour la lib\u00e9ration de l\u2019Afrique) vous convie \u00e0 un \u00e9v\u00e8nement double, le lancement du LIVRE : &#8221;African Awakening&#8221; en pr\u00e9sence de l\u2019\u00e9diteur Firoze Manji de Pambazuka et la projection en premi\u00e8re canadienne du FILM :&#8221;Meurtre \u00e0 Kinshasa qui a tu\u00e9 Laurent D\u00e9sir\u00e9 Kabila&#8221; de Marl\u00e8ne Rabaud et Arnaud [&hellip;]<\/p>\n","protected":false},"author":1,"featured_media":2620,"comment_status":"open","ping_status":"open","sticky":false,"template":"","format":"standard","meta":{"_acf_changed":false,"content-type":"","footnotes":""},"categories":[141,116,122,127],"tags":[],"class_list":["post-2619","post","type-post","status-publish","format-standard","has-post-thumbnail","hentry","category-canada","category-manifs","category-news-alertes","category-rencontresdebats"],"acf":[],"_links":{"self":[{"href":"https:\/\/congolobilelo.com\/IN\/wp-json\/wp\/v2\/posts\/2619","targetHints":{"allow":["GET"]}}],"collection":[{"href":"https:\/\/congolobilelo.com\/IN\/wp-json\/wp\/v2\/posts"}],"about":[{"href":"https:\/\/congolobilelo.com\/IN\/wp-json\/wp\/v2\/types\/post"}],"author":[{"embeddable":true,"href":"https:\/\/congolobilelo.com\/IN\/wp-json\/wp\/v2\/users\/1"}],"replies":[{"embeddable":true,"href":"https:\/\/congolobilelo.com\/IN\/wp-json\/wp\/v2\/comments?post=2619"}],"version-history":[{"count":0,"href":"https:\/\/congolobilelo.com\/IN\/wp-json\/wp\/v2\/posts\/2619\/revisions"}],"wp:featuredmedia":[{"embeddable":true,"href":"https:\/\/congolobilelo.com\/IN\/wp-json\/"}],"wp:attachment":[{"href":"https:\/\/congolobilelo.com\/IN\/wp-json\/wp\/v2\/media?parent=2619"}],"wp:term":[{"taxonomy":"category","embeddable":true,"href":"https:\/\/congolobilelo.com\/IN\/wp-json\/wp\/v2\/categories?post=2619"},{"taxonomy":"post_tag","embeddable":true,"href":"https:\/\/congolobilelo.com\/IN\/wp-json\/wp\/v2\/tags?post=2619"}],"curies":[{"name":"wp","href":"https:\/\/api.w.org\/{rel}","templated":true}]}}