{"id":2592,"date":"2012-03-27T08:10:05","date_gmt":"2012-03-27T08:10:05","guid":{"rendered":"http:\/\/www.ingeta.com\/?p=2592"},"modified":"2012-03-27T08:10:05","modified_gmt":"2012-03-27T08:10:05","slug":"aprodec-asbl-vs-didier-reynders-la-reaction-de-lassociation-a-la-visite-officielle-du-ministre-belge-en-rdc","status":"publish","type":"post","link":"https:\/\/congolobilelo.com\/IN\/aprodec-asbl-vs-didier-reynders-la-reaction-de-lassociation-a-la-visite-officielle-du-ministre-belge-en-rdc\/","title":{"rendered":"APRODEC asbl Vs Didier Reynders: La r\u00e9action de l&#8217;association \u00e0 la visite officielle du ministre belge en RDC"},"content":{"rendered":"<p>\t\t\t\t<img loading=\"lazy\" decoding=\"async\" class=\"alignnone  wp-image-2593\" title=\"Reynders au Congo\" src=\"http:\/\/www.ingeta.com\/wp-content\/uploads\/2012\/03\/ReyndersauCongo.jpg\" alt=\"\" width=\"562\" height=\"307\" \/><\/p>\n<p>L&#8217;APRODEC asbl tient \u00e0 souligner que les \u00e9lections pr\u00e9sidentielle et des D\u00e9put\u00e9s nationaux organis\u00e9es le 28 novembre 2011 en R\u00e9publique D\u00e9mocratique du Congo ne sont pas cr\u00e9dibles non pas tant en raison de ce qui se serait pass\u00e9 le jour du scrutin ou par apr\u00e8s lors de la compilation des r\u00e9sultats mais bien parce que la phase pr\u00e9paratoire de ce processus \u00e9lectoral &#8211; concr\u00e9tis\u00e9e notamment par l&#8217;op\u00e9ration d&#8217;identification et d&#8217;enr\u00f4lement des \u00e9lecteurs &#8211; a abouti \u00e0 la constitution d&#8217;un fichier \u00e9lectoral d\u00e9pourvu de toute fiabilit\u00e9 qui ne rend pas compte du nombre r\u00e9el d&#8217;\u00e9lecteurs valablement enr\u00f4l\u00e9s.<\/p>\n<p>En effet, il demeure \u00e0 ce jour des incertitudes sur le nombre r\u00e9el de centres d&#8217;inscription et d&#8217;enr\u00f4lement des \u00e9lecteurs d\u00e9ploy\u00e9s sur l&#8217;ensemble du territoire congolais dans le cadre de cette op\u00e9ration en raison notamment de contradictions entre les chiffres publi\u00e9s \u00e0 ce sujet par le PNUD et la Commission \u00e9lectorale nationale ind\u00e9pendante (CENI). De m\u00eame, le nombre d&#8217;\u00e9lecteurs enr\u00f4l\u00e9s par la Commission \u00e9lectorale nationale ind\u00e9pendante (32 millions d\u2019\u00e9lecteurs) traduit un accroissement du corps \u00e9lectoral de 26% en 5 ans de l\u00e9gislature. Ceci, est sans rapport avec le taux de croissance d\u00e9mographique d\u00e9fini par la Banque Mondiale lequel devrait \u00eatre inf\u00e9rieur \u00e0 15% en 5 ans. De ce fait, l\u2019APRODEC asbl a \u00e9t\u00e9 la premi\u00e8re ONG \u00e0 avoir d\u00e9nonc\u00e9 &#8211; depuis le mois de juillet 2011, soit 4 mois avant la tenue des scrutins du 28 novembre 2011 &#8211; l\u2019existence dans le fichier \u00e9lectoral congolais d\u2019au moins 11% d\u2019\u00e9lecteurs fictifs (soit 3.6 millions d\u2019\u00e9lecteurs).<\/p>\n<p>Par ailleurs, bien que le pouvoir organisateur des \u00e9lections (CENI) et le Repr\u00e9sentant sp\u00e9cial du Secr\u00e9taire g\u00e9n\u00e9ral des Nation unies en R\u00e9publique D\u00e9mocratique du Congo Monsieur Roger MEECE sont parfaitement conscients de la pr\u00e9sence dans le fichier \u00e9lectoral de mineurs d&#8217;\u00e2ge, d&#8217;\u00e9trangers, de militaires ou de policiers et surtout de doublons binaire et criminel ( cf. le rapport partiel de la soci\u00e9t\u00e9 belge ZETES du 3 ao\u00fbt 2011) ceux-ci ont sciemment permis la falsification du nombre r\u00e9el d&#8217;\u00e9lecteurs valablement enr\u00f4l\u00e9s et cr\u00e9\u00e9s de la sorte des votants fictifs (soit 3.6 millions d\u2019\u00e9lecteurs). Cette situation a pour cons\u00e9quence de fausser le taux de participation au vote ainsi que la valeur du quotient \u00e9lectoral permettant d&#8217;obtenir un si\u00e8ge de d\u00e9put\u00e9 \u00e0 l&#8217;Assembl\u00e9e nationale sapant de la sorte au-del\u00e0 des fraudes \u00e9ventuelles la l\u00e9gitimit\u00e9 m\u00eame de cette institution.<\/p>\n<p>La fraude corrompt tout ! Monsieur Didier REYNDERS le ministre belge des Affaires \u00e9trang\u00e8res qui est juriste de formation ne peut l&#8217;ignorer. Le simple fait qu&#8217;en amont, la phase pr\u00e9paratoire des \u00e9lections en R\u00e9publique D\u00e9mocratique du Congo ne s&#8217;est pas pass\u00e9e de fa\u00e7on irr\u00e9prochable et qu&#8217;elle a \u00e9t\u00e9 marqu\u00e9e par la commission d&#8217;infractions \u00e0 charge du pouvoir organisateur des \u00e9lections (falsification du nombre r\u00e9el de centres d&#8217;inscription, falsification du nombre r\u00e9el d&#8217;\u00e9lecteurs et tromperie cons\u00e9cutive \u00e0 l&#8217;enr\u00f4lement de mineurs d&#8217;\u00e2ge par la CENI en violation de la Constitution et de la Loi \u00e9lectorale) suffit \u00e0 invalider l&#8217;ensemble des scrutins organis\u00e9s le 28 novembre 2011 en R\u00e9publique D\u00e9mocratique du Congo.<\/p>\n<p>A cet \u00e9gard, il n&#8217;y aura pas d&#8217;\u00e9lections cr\u00e9dibles en R\u00e9publique D\u00e9mocratique du Congo tant qu&#8217;un recensement g\u00e9n\u00e9ral de la population congolaise n&#8217;aboutira pas \u00e0 la cr\u00e9ation de registres de l&#8217;\u00e9tat civil et partant, la constitution d&#8217;un fichier fiable refl\u00e9tant le nombre r\u00e9el de personnes en \u00e2ge de voter dans ce pays inscrites sur les listes \u00e9lectorales. En l&#8217;absence de ces conditions, toute poursuite du financement du processus \u00e9lectoral en R\u00e9publique D\u00e9mocratique du Congo par la Belgique ne pourra qu&#8217;\u00eatre assimil\u00e9 \u00e0 un d\u00e9tournement de fonds publics au d\u00e9triment des contribuables belges. Ceci, d&#8217;autant plus que la gestion de la Commission \u00e9lectorale nationale ind\u00e9pendante n&#8217;a toujours pas fait l&#8217;objet d&#8217;un audit ind\u00e9pendant.<\/p>\n<p>Ainsi, l&#8217;APRODEC invite le Parlement belge \u00e0 demander \u00e0 la Cour des Comptes un examen sur l&#8217;usage de l&#8217;ensemble des fonds &#8211; y compris ceux mis \u00e0 la disposition du PNUD &#8211; mobilis\u00e9s par le gouvernement belge dans le cadre du financement du processus \u00e9lectoral en R\u00e9publique D\u00e9mocratique du Congo.<\/p>\n<p>L&#8217;APRODEC invite le gouvernement belge dans ses relations avec la R\u00e9publique D\u00e9mocratique du Congo \u00e0 rompre avec le paternalisme envahissant et le n\u00e9ocolonialisme en cessant notamment de revendiquer le r\u00f4le d&#8217;avocat de ce pays sur la sc\u00e8ne internationale; \u00e0 privil\u00e9gier le respect des droits de l&#8217;Homme, de la bonne gouvernance, de l&#8217;\u00e9thique en cessant de donner la priorit\u00e9 \u00e0 la satisfaction des int\u00e9r\u00eats \u00e9conomiques de certains milieux politico-affairistes d\u2019une part et d\u2019autre part, \u00e0 faire respecter par Monsieur Dominique STRUYE DE SWIELANDE l\u2019Ambassadeur d\u00e9missionnaire de Belgique en poste \u00e0 Kinshasa les r\u00e8gles les plus \u00e9l\u00e9mentaires de la diplomatie en mati\u00e8re de non-ing\u00e9rence dans les affaires int\u00e9rieures du pays accr\u00e9ditant.<\/p>\n<p>L&#8217;APRODEC invite le gouvernement belge \u00e0 s&#8217;assurer de ce que Monsieur Charles MWANDO NSIMBA &#8211; qui a \u00e9t\u00e9 r\u00e9cemment nomm\u00e9 informateur par Monsieur Joseph KABILA &#8211; a bien renonc\u00e9 \u00e0 la nationalit\u00e9 belge en conformit\u00e9 avec le Code de droit international priv\u00e9. Dans l&#8217;hypoth\u00e8se o\u00f9 cela ne serait pas le cas, l&#8217;APRODEC asbl prie le gouvernement belge de faire usage de son droit d&#8217;injonction positive afin que des poursuites judiciaires pour tromperie et immixtion dans la fonction publique soient initi\u00e9es \u00e0 l&#8217;\u00e9gard de Monsieur MWANDO NSIMBA Charles qui exerce depuis 2003 des fonctions de D\u00e9put\u00e9 et de Ministre en R\u00e9publique D\u00e9mocratique du Congo en violation de la Loi \u00e9lectorale et de la Constitution de ce pays laquelle dispose que la nationalit\u00e9 congolaise est une et exclusive.<\/p>\n<p>L&#8217;APRODEC s&#8217;\u00e9tonne de ce qu&#8217;un op\u00e9rateur \u00e9conomique belge ayant des activit\u00e9s en R\u00e9publique D\u00e9mocratique du Congo, en l\u2019occurrence Monsieur Georges Arthur FORREST, ait publi\u00e9 il y a peu un communiqu\u00e9 \u00e0 forte connotation politique. Ceci, en violation flagrante des principes directeurs de l&#8217;OCDE \u00e0 l&#8217;attention des entreprises multinationales.<\/p>\n<p>L&#8217;APRODEC sachant que des investisseurs institutionnels sont pr\u00e9sents dans le capital de la soci\u00e9t\u00e9 SN Airholding (la maison m\u00e8re de Brussels Airlines) invite le gouvernement belge \u00e0 faire toute la transparence sur les accords ayant abouti \u00e0 la mise sur pied de la compagnie a\u00e9rienne de droit congolais Korongo Airlines en r\u00e9v\u00e9lant notamment l&#8217;identit\u00e9 des investisseurs congolais partenaires dans cette soci\u00e9t\u00e9 de Brussels Airlines et de la soci\u00e9t\u00e9 George FORREST International.<\/p>\n<p>Enfin, l&#8217;APRODEC asbl :<\/p>\n<ul>\n<li>d\u00e9nonce l&#8217;interpr\u00e9tation tendancieuse et r\u00e9p\u00e9t\u00e9e par Monsieur Didier REYNDERS des rapports du Centre Carter ;<\/li>\n<\/ul>\n<ul>\n<li>souligne que par sa visite officielle Monsieur Didier REYNDERS tend \u00e0 confirmer sa complicit\u00e9 dans l&#8217;usurpation de fonctions dont est coupable depuis le 6 d\u00e9cembre 2006 Monsieur Joseph KABILA en association avec la Commission \u00e9lectorale nationale ind\u00e9pendante et la Cour Supr\u00eame de Justice de la R\u00e9publique D\u00e9mocratique du Congo. A cet \u00e9gard, Monsieur Didier REYNDERS devra produire \u00e0 son retour en Belgique une copie de l&#8217;arr\u00eat RE007 prononc\u00e9 le 16 d\u00e9cembre 2011 par la Cour Supr\u00eame de Justice proclamant Monsieur Joseph KABILA Pr\u00e9sident de la R\u00e9publique;<\/li>\n<\/ul>\n<ul>\n<li>rappelle sa volont\u00e9 de voir Monsieur Didier Reynders d\u00e9missionner de ses fonctions.<\/li>\n<\/ul>\n<p>&nbsp;<\/p>\n<p>Fait \u00e0 Bruxelles, le 26 mars 2012<\/p>\n<p>Pour l&#8217;APRODEC asbl*<br \/>\nM. Benjamin Stanis Kalombo, Pr\u00e9sident et Administrateur-d\u00e9l\u00e9gu\u00e9 &amp; M. Didier NKINGU, Administrateur charg\u00e9 des questions juridiques.<\/p>\n<p>&nbsp;<\/p>\n<p><em>*L\u2019Association pour la promotion de la d\u00e9mocratie et du d\u00e9veloppement de la R\u00e9publique D\u00e9mocratique du Congo (APRODEC asbl) est une association de droit belge qui a pour but principal de d\u00e9fendre les int\u00e9r\u00eats et les droits de la R\u00e9publique D\u00e9mocratique du Congo, des citoyens et des personnes d\u2019origine congolaise. Elle pourra notamment lutter et agir en justice contre toute forme de violation des droits, de la souverainet\u00e9 et de l\u2019int\u00e9grit\u00e9 du territoire de la R\u00e9publique D\u00e9mocratique du Congo ; contre le pillage de ses ressources naturelles ; ainsi que les violations graves des droits de l\u2019homme et du droit international humanitaire, qu\u2019elles soient le fait de personnes physiques ou morales, d\u2019un \u00c9tat, quelle que soit leur nationalit\u00e9, sans limitation dans le temps, ni dans l\u2019espace. L\u2019Association \u0153uvre pour la promotion de la d\u00e9mocratie, le d\u00e9veloppement socio\u00e9conomique et culturel de la RD Congo.<br \/>\nDans ce cadre, l\u2019Association peut entreprendre, promouvoir et coordonner toute poursuite judiciaire, toute investigation, tout audit, tous travaux, colloques, actions, ainsi qu\u2019\u00e9tablir des rapports et analyses approfondies en rapport avec son but. Elle fait des recommandations et du Lobbying aupr\u00e8s des d\u00e9cideurs \u00e9tatiques et non \u00e9tatiques; elle peut \u00e9galement collaborer avec d\u2019autres associations nationales ou internationales poursuivant les m\u00eames objectifs. <\/em>\t\t<\/p>\n","protected":false},"excerpt":{"rendered":"<p>L&#8217;APRODEC asbl tient \u00e0 souligner que les \u00e9lections pr\u00e9sidentielle et des D\u00e9put\u00e9s nationaux organis\u00e9es le 28 novembre 2011 en R\u00e9publique D\u00e9mocratique du Congo ne sont pas cr\u00e9dibles non pas tant en raison de ce qui se serait pass\u00e9 le jour du scrutin ou par apr\u00e8s lors de la compilation des r\u00e9sultats mais bien parce que [&hellip;]<\/p>\n","protected":false},"author":1,"featured_media":2593,"comment_status":"open","ping_status":"open","sticky":false,"template":"","format":"standard","meta":{"_acf_changed":false,"content-type":"","footnotes":""},"categories":[107,122,124],"tags":[],"class_list":["post-2592","post","type-post","status-publish","format-standard","has-post-thumbnail","hentry","category-analyses-commentaires","category-news-alertes","category-politique-societe"],"acf":[],"_links":{"self":[{"href":"https:\/\/congolobilelo.com\/IN\/wp-json\/wp\/v2\/posts\/2592","targetHints":{"allow":["GET"]}}],"collection":[{"href":"https:\/\/congolobilelo.com\/IN\/wp-json\/wp\/v2\/posts"}],"about":[{"href":"https:\/\/congolobilelo.com\/IN\/wp-json\/wp\/v2\/types\/post"}],"author":[{"embeddable":true,"href":"https:\/\/congolobilelo.com\/IN\/wp-json\/wp\/v2\/users\/1"}],"replies":[{"embeddable":true,"href":"https:\/\/congolobilelo.com\/IN\/wp-json\/wp\/v2\/comments?post=2592"}],"version-history":[{"count":0,"href":"https:\/\/congolobilelo.com\/IN\/wp-json\/wp\/v2\/posts\/2592\/revisions"}],"wp:featuredmedia":[{"embeddable":true,"href":"https:\/\/congolobilelo.com\/IN\/wp-json\/"}],"wp:attachment":[{"href":"https:\/\/congolobilelo.com\/IN\/wp-json\/wp\/v2\/media?parent=2592"}],"wp:term":[{"taxonomy":"category","embeddable":true,"href":"https:\/\/congolobilelo.com\/IN\/wp-json\/wp\/v2\/categories?post=2592"},{"taxonomy":"post_tag","embeddable":true,"href":"https:\/\/congolobilelo.com\/IN\/wp-json\/wp\/v2\/tags?post=2592"}],"curies":[{"name":"wp","href":"https:\/\/api.w.org\/{rel}","templated":true}]}}