{"id":2588,"date":"2012-03-26T21:35:47","date_gmt":"2012-03-26T21:35:47","guid":{"rendered":"http:\/\/www.ingeta.com\/?p=2588"},"modified":"2012-03-26T21:35:47","modified_gmt":"2012-03-26T21:35:47","slug":"congolais-a-bruxelles-nouveaux-combattants-politiques","status":"publish","type":"post","link":"https:\/\/congolobilelo.com\/IN\/congolais-a-bruxelles-nouveaux-combattants-politiques\/","title":{"rendered":"Congolais \u00e0 Bruxelles : nouveaux combattants politiques"},"content":{"rendered":"<p>\t\t\t\t<strong><em>&#8220;Congolais \u00e0 Bruxelles : nouveaux combattants politiques&#8221;<\/em><\/strong>. Il s&#8217;agit d&#8217;un reportage\u00a0 de la principale cha\u00eene de t\u00e9l\u00e9vision belge, la RTBF, sur les combattants. Le reportage a \u00e9t\u00e9 diffus\u00e9 lundi 26 mars\u00a0 2012 au journal du soir, \u00e0 l&#8217;occasion de la visite \u00e0 Kinshasa, du ministre des affaires \u00e9trang\u00e8res belge, Didier Reynders.<\/p>\n<p><iframe loading=\"lazy\" src=\"http:\/\/player.vimeo.com\/video\/39221716?title=0&amp;byline=0&amp;portrait=0\" frameborder=\"0\" width=\"400\" height=\"225\"><\/iframe><\/p>\n<p><a href=\"http:\/\/vimeo.com\/39221716\">Congolais \u00e0 Bruxelles : nouveaux combattants politiques (reportage de la RTBF sur les combattants)<\/a> from <a href=\"http:\/\/vimeo.com\/user5568349\">banamikili<\/a> on <a href=\"http:\/\/vimeo.com\">Vimeo<\/a>.\t\t<\/p>\n","protected":false},"excerpt":{"rendered":"<p>&#8220;Congolais \u00e0 Bruxelles : nouveaux combattants politiques&#8221;. Il s&#8217;agit d&#8217;un reportage\u00a0 de la principale cha\u00eene de t\u00e9l\u00e9vision belge, la RTBF, sur les combattants. Le reportage a \u00e9t\u00e9 diffus\u00e9 lundi 26 mars\u00a0 2012 au journal du soir, \u00e0 l&#8217;occasion de la visite \u00e0 Kinshasa, du ministre des affaires \u00e9trang\u00e8res belge, Didier Reynders. Congolais \u00e0 Bruxelles : [&hellip;]<\/p>\n","protected":false},"author":1,"featured_media":2589,"comment_status":"open","ping_status":"open","sticky":false,"template":"","format":"standard","meta":{"_acf_changed":false,"content-type":"","footnotes":""},"categories":[167,142,116,122,124],"tags":[],"class_list":["post-2588","post","type-post","status-publish","format-standard","has-post-thumbnail","hentry","category-belgique","category-ce-que-disent-les-medias","category-manifs","category-news-alertes","category-politique-societe"],"acf":[],"_links":{"self":[{"href":"https:\/\/congolobilelo.com\/IN\/wp-json\/wp\/v2\/posts\/2588","targetHints":{"allow":["GET"]}}],"collection":[{"href":"https:\/\/congolobilelo.com\/IN\/wp-json\/wp\/v2\/posts"}],"about":[{"href":"https:\/\/congolobilelo.com\/IN\/wp-json\/wp\/v2\/types\/post"}],"author":[{"embeddable":true,"href":"https:\/\/congolobilelo.com\/IN\/wp-json\/wp\/v2\/users\/1"}],"replies":[{"embeddable":true,"href":"https:\/\/congolobilelo.com\/IN\/wp-json\/wp\/v2\/comments?post=2588"}],"version-history":[{"count":0,"href":"https:\/\/congolobilelo.com\/IN\/wp-json\/wp\/v2\/posts\/2588\/revisions"}],"wp:featuredmedia":[{"embeddable":true,"href":"https:\/\/congolobilelo.com\/IN\/wp-json\/"}],"wp:attachment":[{"href":"https:\/\/congolobilelo.com\/IN\/wp-json\/wp\/v2\/media?parent=2588"}],"wp:term":[{"taxonomy":"category","embeddable":true,"href":"https:\/\/congolobilelo.com\/IN\/wp-json\/wp\/v2\/categories?post=2588"},{"taxonomy":"post_tag","embeddable":true,"href":"https:\/\/congolobilelo.com\/IN\/wp-json\/wp\/v2\/tags?post=2588"}],"curies":[{"name":"wp","href":"https:\/\/api.w.org\/{rel}","templated":true}]}}