{"id":2584,"date":"2012-03-26T21:03:14","date_gmt":"2012-03-26T21:03:14","guid":{"rendered":"http:\/\/www.ingeta.com\/?p=2584"},"modified":"2012-03-26T21:03:14","modified_gmt":"2012-03-26T21:03:14","slug":"ceux-au-pouvoir-a-kinshasa","status":"publish","type":"post","link":"https:\/\/congolobilelo.com\/IN\/ceux-au-pouvoir-a-kinshasa\/","title":{"rendered":"Ceux au pouvoir \u00e0 Kinshasa doivent conna\u00eetre les conditions sous lesquelles nous offrirons notre soutien, ce qui \u00e9quivaut encore chaque ann\u00e9e \u00e0 120 millions."},"content":{"rendered":"<p>\t\t\t\t<em>Source :\u00a0 <a href=\"http:\/\/www.karlvanlouwe.be\/citaten\/de-machthebbers-kinshasa-moeten-weten-welke-voorwaarden-wij-koppelen-aan-onze-steun-jaarlijk\">Bart De Wever et Karl Vanlouwe dans De Morgen (26\/02\/2012)<\/a><\/em><\/p>\n<p><strong>La visite de M. Didier Reynders, au Congo donne un mauvais signal. C&#8217;est ce que disent Bart De Wever, pr\u00e9sident de la N-VA, et Karl Vanlouwe, pr\u00e9sident de la commission des relations \u00e9trang\u00e8res du S\u00e9nat.<\/strong><\/p>\n<p><img loading=\"lazy\" decoding=\"async\" class=\" wp-image-2585 alignnone\" title=\"KVL\" src=\"http:\/\/www.ingeta.com\/wp-content\/uploads\/2012\/03\/KVL.jpg\" alt=\"\" width=\"562\" height=\"307\" \/><\/p>\n<p>R\u00e9cemment l&#8217;Organisation des Nations Unies a publi\u00e9 un rapport sensationnel. Selon les Nations Unies, les forces de s\u00e9curit\u00e9 congolaises se sont tendus coupables de graves violations des droits de l&#8217;homme, lors des \u00e9lections en Novembre l&#8217;ann\u00e9e derni\u00e8re, y compris de meurtre et de torture. En outre, il ya 265 personnes qui attendent dans une prison sans aucun proc\u00e8s.<br \/>\nAu Cabinet des Affaires \u00e9trang\u00e8res, dans la rue des Carmes, il reste silencieux comme l\u2019ann\u00e9e derni\u00e8re au moment o\u00f9 le pr\u00e9sident sortant Joseph Kabila a modifi\u00e9 la constitution pour assurer sa r\u00e9\u00e9lection. M\u00eame avant le d\u00e9voilement des chiffres officiels une r\u00e9union avec le ministre congolais des Affaires \u00e9trang\u00e8res avait d\u00e9j\u00e0 eu lieu \u00e0 Hertoginnedal, loin d&#8217;Affaires \u00e9trang\u00e8res et proche du quartier Matong\u00e9.<\/p>\n<p>Les rapports sur les \u00e9lections faits par l&#8217;Institut Carter et l&#8217;Union europ\u00e9enne toutefois pas \u00e9taient claires. Dans certains districts, le taux de participation \u00e9tait \u00e0 100 pour cent, avec 99,9 pour cent de vote pour le pr\u00e9sident sortant. Faut le faire. D&#8217;une bataille \u00e9lectorale \u00e9quitable on pouvait \u00e0 peine parler. Quoi qu&#8217;il en \u00e9tait l&#8217;\u00e9tat de notre pays a d\u00e9clar\u00e9 que le soutien financier &#8211; 16,5 millions &#8211; avant l&#8217;\u00e9lection. Pourtant ceci \u00e9tait la condition principale sous laquelle notre pays offrirait du soutien finale pour les \u00e9lections.<\/p>\n<p>L&#8217;annonce officielle de la visite Reynders a eu lieu il ya quelques semaines. Notre ambassadeur \u00e0 Kinshasa a soulign\u00e9 &#8220;l&#8217;excellente coop\u00e9ration entre la Belgique et le Congo, deux pays qui actuellement se trouvent dans une phase de dialogue permanent et constructif&#8221;. Le passage cit\u00e9 ci-dessus est symptomatique de l&#8217;absence totale de vision face au Congo. Sous le gouvernement violet-vert les liens avec le gouvernement de Kinshasa ont \u00e9t\u00e9 raviv\u00e9es. Le ministre des Affaires \u00e9trang\u00e8res, \u00e0 ce moment Louis Michel, a donn\u00e9 la priorit\u00e9 absolue au Congo, mais les fr\u00e9quentes visites n\u2019ont motiv\u00e9 Kabila, p\u00e8re et fils, \u00e0 \u00e9laborer pour une d\u00e9mocratie ou le d\u00e9veloppement \u00e9conomique et social. Le niveau de vie du peuple congolais demeure l&#8217;un des plus bas au monde jusqu\u2019\u00e0 ce jour-ci.<\/p>\n<p><strong>Une vision strat\u00e9gique<\/strong><\/p>\n<p>Le passage de Karel De Gucht, lui qui a eu le courage n\u00e9cessaire pour exprimer des critiques face au pouvoir \u00e0 Kinshasa, a \u00e9t\u00e9 sensationnel dans les salons diplomatiques. Mais il r\u00e9sultait simplement \u00e0 une politique parall\u00e8le dans laquelle les anciens ministres Andr\u00e9 Flahaut et Armand De Decker maintenaient les contacts de haut niveau. De Gucht \u00e9tait \u00e0 peine sorti \u00e0 la Commission Europ\u00e9enne, ou la gouvernement avait accept\u00e9 la pr\u00e9sence du Roi Albert \u00e0 la c\u00e9r\u00e9monie de 50 ans d&#8217;ind\u00e9pendance. Kabila ne pouvait pas imaginer un meilleur point de d\u00e9part pour sa campagne un an plus tard.<\/p>\n<p>Aujourd&#8217;hui, nos relations avec Kinshasa sont d\u00e9termin\u00e9s par la culpabilit\u00e9 historique, mais avant tout des int\u00e9r\u00eats individuels, en particulier du c\u00f4t\u00e9 francophone. Ce voyage-ce s&#8217;inscrit aussi dans le soutien des contacts \u00e9conomiques.<\/p>\n<p>Personne ne conteste la n\u00e9cessit\u00e9 de la diplomatie \u00e9conomique, en particulier dans des moments difficiles. Mais \u00e7a ce doit pas \u00eatre une justification pour l\u00e9gitimer un r\u00e9gime qui \u00e0 travers des \u00e9lections frauduleuses tente de rester au pouvoir. Et c&#8217;est ce qui arrivera. Notre ministre des Affaires \u00e9trang\u00e8res est le premier ministre europ\u00e9en qui s&#8217;est rendu \u00e0 Kinshasa. \u00c9videmment, ceci renforcera la position de Kabila sur la sc\u00e8ne internationale, contre la volont\u00e9 des Congolais.<\/p>\n<p>On ne peut pas attendre de notre diplomatie qu\u2019elle intervienne partout. Les priorit\u00e9s doivent \u00eatre analys\u00e9es. Au Congo, cependant, nous avons encore une influence. Il est donc surtout douloureux que nous l\u2019utilisons pour l\u00e9gitimer Kabila. Elle est aussi peu constructive face \u00e0 une politique europ\u00e9enne commune. La lettre de f\u00e9licitations de M. Di Rupo adress\u00e9 \u00e0 Kabila, avant que le r\u00e9sultat n\u2019\u00e9tait connu, \u00e9tait impensable. Sous la pression de l&#8217;Europe on pourrait \u00e9viter qu&#8217;un membre de notre gouvernement assisterait \u00e0 la prestation de serment de Kabila. Aujourd&#8217;hui nous nous isolons de nouveau. Le commissaire europ\u00e9en pour l&#8217;aide humanitaire, Kristilina Georgieva, a clairement une vision diff\u00e9rente. Dans \u00ab De Standaard \u00bb elle d\u00e9clarait sans scrupules que, l&#8217;Etat congolais abandonne ses citoyens.<\/p>\n<p>Nous appelons en premier lieu, le ministre des Affaires \u00e9trang\u00e8res \u00e0 d\u00e9velopper une vision strat\u00e9gique sur la politique du Congo, en consultation avec le parlement f\u00e9d\u00e9ral, \u00e9tatique et la soci\u00e9t\u00e9 civile. La diplomatie ad hoc actuelle cr\u00e9e de la confusion. Mais ceux au pouvoir \u00e0 Kinshasa doivent conna\u00eetre les conditions que nous attachons \u00e0 notre soutien, ce qui \u00e9quivaut toujours d&#8217;un montant annuel d&#8217;environ 120 millions d&#8217;euros. Des conditions qui ont \u00e0 voir avec le progr\u00e8s et le d\u00e9veloppement d\u00e9mocratique, le respect des droits de l&#8217;homme, la bonne gouvernance et lutte contre la corruption. Toutes des conditions que le Congo ne remplit pas du tout. Aujourd&#8217;hui, Reynders peut d\u00e9j\u00e0 entreprendre quelque chose, notamment de ne pas serrer la main du chef d\u2019Etat.<\/p>\n<p>&nbsp;\t\t<\/p>\n","protected":false},"excerpt":{"rendered":"<p>Source :\u00a0 Bart De Wever et Karl Vanlouwe dans De Morgen (26\/02\/2012) La visite de M. Didier Reynders, au Congo donne un mauvais signal. C&#8217;est ce que disent Bart De Wever, pr\u00e9sident de la N-VA, et Karl Vanlouwe, pr\u00e9sident de la commission des relations \u00e9trang\u00e8res du S\u00e9nat. R\u00e9cemment l&#8217;Organisation des Nations Unies a publi\u00e9 un [&hellip;]<\/p>\n","protected":false},"author":1,"featured_media":2585,"comment_status":"open","ping_status":"open","sticky":false,"template":"","format":"standard","meta":{"_acf_changed":false,"content-type":"","footnotes":""},"categories":[107,122,124],"tags":[],"class_list":["post-2584","post","type-post","status-publish","format-standard","has-post-thumbnail","hentry","category-analyses-commentaires","category-news-alertes","category-politique-societe"],"acf":[],"_links":{"self":[{"href":"https:\/\/congolobilelo.com\/IN\/wp-json\/wp\/v2\/posts\/2584","targetHints":{"allow":["GET"]}}],"collection":[{"href":"https:\/\/congolobilelo.com\/IN\/wp-json\/wp\/v2\/posts"}],"about":[{"href":"https:\/\/congolobilelo.com\/IN\/wp-json\/wp\/v2\/types\/post"}],"author":[{"embeddable":true,"href":"https:\/\/congolobilelo.com\/IN\/wp-json\/wp\/v2\/users\/1"}],"replies":[{"embeddable":true,"href":"https:\/\/congolobilelo.com\/IN\/wp-json\/wp\/v2\/comments?post=2584"}],"version-history":[{"count":0,"href":"https:\/\/congolobilelo.com\/IN\/wp-json\/wp\/v2\/posts\/2584\/revisions"}],"wp:featuredmedia":[{"embeddable":true,"href":"https:\/\/congolobilelo.com\/IN\/wp-json\/"}],"wp:attachment":[{"href":"https:\/\/congolobilelo.com\/IN\/wp-json\/wp\/v2\/media?parent=2584"}],"wp:term":[{"taxonomy":"category","embeddable":true,"href":"https:\/\/congolobilelo.com\/IN\/wp-json\/wp\/v2\/categories?post=2584"},{"taxonomy":"post_tag","embeddable":true,"href":"https:\/\/congolobilelo.com\/IN\/wp-json\/wp\/v2\/tags?post=2584"}],"curies":[{"name":"wp","href":"https:\/\/api.w.org\/{rel}","templated":true}]}}