{"id":2579,"date":"2012-03-26T11:05:55","date_gmt":"2012-03-26T11:05:55","guid":{"rendered":"http:\/\/www.ingeta.com\/?p=2579"},"modified":"2012-03-26T11:05:55","modified_gmt":"2012-03-26T11:05:55","slug":"belgique-reynders-une-visite-controversee-a-kinshasa","status":"publish","type":"post","link":"https:\/\/congolobilelo.com\/IN\/belgique-reynders-une-visite-controversee-a-kinshasa\/","title":{"rendered":"Belgique: Reynders, une visite controvers\u00e9e \u00e0 Kinshasa"},"content":{"rendered":"<p>\t\t\t\t<em>Source: La Libre Belgique. Par Marie-France Cros.<\/em><\/p>\n<p><em><strong>Didier Reynders arrive ce soir dans un pays paralys\u00e9 apr\u00e8s les fraudes \u00e9lectorales. Trouver une majorit\u00e9 autour du parti pr\u00e9sidentiel au Congo co\u00fbtera cher.<\/strong><\/em><\/p>\n<p><img loading=\"lazy\" decoding=\"async\" class=\"size-full wp-image-2580 alignnone\" title=\"Didier Reynders\" src=\"http:\/\/www.ingeta.com\/wp-content\/uploads\/2012\/03\/DidierReynders.jpg\" alt=\"\" width=\"500\" height=\"364\" \/><\/p>\n<div id=\"articleText\">\n<p>Le ministre belge des Affaires \u00e9trang\u00e8res, Didier Reynders (MR), embarque ce lundi pour une visite controvers\u00e9e au Congo, quatre mois apr\u00e8s des \u00e9lections pr\u00e9sidentielle et l\u00e9gislatives marqu\u00e9es par des fraudes massives. Sous sa direction, la Belgique a pris une position de pointe dans la reconnaissance d\u2019un r\u00e9gime que les autres capitales<em> &#8220;amies du Congo&#8221;<\/em> s\u2019accordent \u00e0 consid\u00e9rer comme profond\u00e9ment affect\u00e9 par le &#8221; <em>manque de cr\u00e9dibilit\u00e9<\/em> &#8221; (dixit le Centre Carter) des scrutins du 28 novembre dernier.<\/p>\n<p>Depuis l\u2019affront subi par Joseph Kabila, le 20 d\u00e9cembre, jour de sa prestation de serment \u00e0 laquelle n\u2019a assist\u00e9 qu\u2019un seul de ses pairs invit\u00e9s (Robert Mugabe, le pr\u00e9sident du Zimbabwe), le pays semble paralys\u00e9 et les fonctionnaires sont nombreux \u00e0 ne plus se pr\u00e9senter au travail qu\u2019un temps minimal. <em>&#8220;On ne sent pas qu\u2019il y a une direction<\/em>, notent de nombreux Congolais, <em>et le chef de l\u2019Etat est pratiquement absent.&#8221;<\/em><\/p>\n<p>Du c\u00f4t\u00e9 de l\u2019opposition, cela ne va gu\u00e8re mieux. L\u2019UDPS d\u2019Etienne Tshisekedi &#8211; qui s\u2019est proclam\u00e9 vainqueur du scrutin pr\u00e9sidentiel sans autre suite visible que sa mise de facto en r\u00e9sidence surveill\u00e9e &#8211; se divise sur la question de savoir si ceux de ses \u00e9lus qui ont \u00e9t\u00e9 reconnus par la Commission \u00e9lectorale (Ceni, tr\u00e8s critiqu\u00e9e pour sa mauvaise gestion des scrutins et dont certains dirigeants sont accus\u00e9s de s\u2019\u00eatre enrichis), au nombre de 41, doivent ou non si\u00e9ger dans un Parlement issu d\u2019\u00e9lections non cr\u00e9dibles.<\/p>\n<p>La Cour supr\u00eame, dont les juges ont \u00e9t\u00e9 nomm\u00e9s par Joseph Kabila et qui est charg\u00e9e de trancher les contestations \u00e9lectorales, est jug\u00e9e peu cr\u00e9dible. Elle a d\u00e9clar\u00e9 irrecevables ou non fond\u00e9s la majorit\u00e9 des recours d\u00e9pos\u00e9s contre les r\u00e9sultats des l\u00e9gislatives qu\u2019elle a d\u00e9j\u00e0 examin\u00e9s.<\/p>\n<p>&#8221; <em>Par r\u00e9alisme, pas parce que nous approuvons ce qui s\u2019est pass\u00e9<\/em> &#8220;, expliquait jeudi dernier \u00e0 Bruxelles Mgr Banga, vice-pr\u00e9sident de la Conf\u00e9rence \u00e9piscopale congolaise, l\u2019Eglise <em>&#8220;tente d\u2019engager le dialogue entre politiciens. On ne peut pas rester dans le blocage actuel. Or, nous pensons qu\u2019il est impossible de refaire les \u00e9lections. Recompter les bulletins ? Personne n\u2019a confiance dans les proc\u00e8s-verbaux de la Ceni. L\u2019Eglise a donc rencontr\u00e9 diverses personnalit\u00e9s politiques pour attirer leur attention sur le blocage&#8221;, poursuit l\u2019\u00e9v\u00eaque de Buta .<\/em><\/p>\n<p>Mais les d\u00e9marches de la Conf\u00e9rence \u00e9piscopale ne sont gu\u00e8re encourageantes pour l\u2019instant. Joseph Kabila se dit pr\u00eat \u00e0 rencontrer les autres acteurs politiques mais refuse tout gouvernement d\u2019union nationale, pr\u00e9sent\u00e9 par d\u2019aucuns comme une solution pour sortir de la paralysie actuelle.<\/p>\n<p>Etienne Tshisekedi, arriv\u00e9 officiellement deuxi\u00e8me \u00e0 la pr\u00e9sidentielle, dit que tout le monde sait qu\u2019il a gagn\u00e9 les \u00e9lections et qu\u2019il pr\u00e9pare sa prochaine installation au pouvoir en conscientisant l\u2019arm\u00e9e.<\/p>\n<p>Kamerhe, officiellement troisi\u00e8me, est disponible pour discuter de tout avec tous en profondeur, rapportent des sources religieuses. <em>&#8220;Ce n\u2019est pas \u00e0 l\u2019Eglise de leur dire comment faire&#8221;,<\/em> souligne Mgr Banga. <em>&#8220;Notre souci est qu\u2019ils trouvent une solution pour que le pays fonctionne et qu\u2019on ne retourne pas \u00e0 la violence.&#8221;<\/em><\/p>\n<p>Le pr\u00e9sident Kabila a nomm\u00e9 un formateur, Charles Mwando Simba, pour explorer les possibilit\u00e9s de constituer une majorit\u00e9. M. Mwando a rencontr\u00e9 une cinquantaine de partis politiques. La t\u00e2che n\u2019est, en effet, pas facile alors que le parti pr\u00e9sidentiel PPRD, officiellement la principale formation du nouveau Parlement, ne repr\u00e9sente que 12 % de celui-ci. Dans ces conditions et compte tenu des m\u0153urs politiques congolaises, constituer une majorit\u00e9 demandera d\u2019acheter constamment l\u2019appui des multiples micro-partis qui se rallieront au PPRD. Ces d\u00e9penses s\u2019ajouteront \u00e0 celles de la campagne \u00e9lectorale l\u00e9onine du r\u00e9gime, qui ont d\u00e9j\u00e0 entra\u00een\u00e9 des retards de plusieurs mois dans le paiement des fonctionnaires de plusieurs minist\u00e8res.<\/p>\n<p>Cette crise politique survient alors que le pays conna\u00eet d\u00e9j\u00e0 une situation socio-\u00e9conomique difficile. A l\u2019Est, le nombre de d\u00e9plac\u00e9s en raison de la violence a augment\u00e9 de 67 000 personnes depuis les \u00e9lections, pour arriver \u00e0 un total de 1,7 million de personnes. Dans tout le pays, les prix ont augment\u00e9 sous l\u2019effet de la crise mondiale et des tensions internes.<\/p>\n<p>Les Congolais doivent faire face, selon les r\u00e9gions, \u00e0 des \u00e9pid\u00e9mies de rougeole, de chol\u00e9ra, de rage canine, alors qu\u2019ils sont sous-aliment\u00e9s. La distribution d\u2019eau potable et d\u2019\u00e9lectricit\u00e9 est encore plus probl\u00e9matique que d\u2019habitude en raison de la mauvaise gestion de la compagnie nationale d\u2019\u00e9lectricit\u00e9.<\/p>\n<p><em><em>&#8220;Le dioc\u00e8se de Kinshasa continue la formation des fid\u00e8les \u00e0 la non-violence. Car si on continue \u00e0 ne pas s\u2019occuper du social, les gens vont bouger. Qu\u2019on le veuille ou pas<\/em> &#8220;, <\/em>note Mgr Banga.<\/p>\n<p>&#8220;<em>Ma visite n&#8217;est un pas un soutien \u00e0 J. Kabila. J&#8217;y vais pour venir en aide \u00e0 la population<\/em>&#8220;, a d\u00e9clar\u00e9 Didier Reynders sur les ondes de Matin Premi\u00e8re. Le ministre des Affaires \u00e9trang\u00e8res a plaid\u00e9 pour l&#8217;ouverture. &#8220;Regardons chaque pays avec ses m\u00e9rites propres&#8221;, a-t-il poursuivi, insistant par ailleurs sur l&#8217;importance de la bonne organisation des prochaines \u00e9lections.<\/p>\n<\/div>\n","protected":false},"excerpt":{"rendered":"<p>Source: La Libre Belgique. Par Marie-France Cros. Didier Reynders arrive ce soir dans un pays paralys\u00e9 apr\u00e8s les fraudes \u00e9lectorales. Trouver une majorit\u00e9 autour du parti pr\u00e9sidentiel au Congo co\u00fbtera cher. Le ministre belge des Affaires \u00e9trang\u00e8res, Didier Reynders (MR), embarque ce lundi pour une visite controvers\u00e9e au Congo, quatre mois apr\u00e8s des \u00e9lections pr\u00e9sidentielle [&hellip;]<\/p>\n","protected":false},"author":1,"featured_media":2580,"comment_status":"open","ping_status":"open","sticky":false,"template":"","format":"standard","meta":{"_acf_changed":false,"content-type":"","footnotes":""},"categories":[107,122,124],"tags":[],"class_list":["post-2579","post","type-post","status-publish","format-standard","has-post-thumbnail","hentry","category-analyses-commentaires","category-news-alertes","category-politique-societe"],"acf":[],"_links":{"self":[{"href":"https:\/\/congolobilelo.com\/IN\/wp-json\/wp\/v2\/posts\/2579","targetHints":{"allow":["GET"]}}],"collection":[{"href":"https:\/\/congolobilelo.com\/IN\/wp-json\/wp\/v2\/posts"}],"about":[{"href":"https:\/\/congolobilelo.com\/IN\/wp-json\/wp\/v2\/types\/post"}],"author":[{"embeddable":true,"href":"https:\/\/congolobilelo.com\/IN\/wp-json\/wp\/v2\/users\/1"}],"replies":[{"embeddable":true,"href":"https:\/\/congolobilelo.com\/IN\/wp-json\/wp\/v2\/comments?post=2579"}],"version-history":[{"count":0,"href":"https:\/\/congolobilelo.com\/IN\/wp-json\/wp\/v2\/posts\/2579\/revisions"}],"wp:featuredmedia":[{"embeddable":true,"href":"https:\/\/congolobilelo.com\/IN\/wp-json\/"}],"wp:attachment":[{"href":"https:\/\/congolobilelo.com\/IN\/wp-json\/wp\/v2\/media?parent=2579"}],"wp:term":[{"taxonomy":"category","embeddable":true,"href":"https:\/\/congolobilelo.com\/IN\/wp-json\/wp\/v2\/categories?post=2579"},{"taxonomy":"post_tag","embeddable":true,"href":"https:\/\/congolobilelo.com\/IN\/wp-json\/wp\/v2\/tags?post=2579"}],"curies":[{"name":"wp","href":"https:\/\/api.w.org\/{rel}","templated":true}]}}