{"id":2575,"date":"2012-03-25T17:48:25","date_gmt":"2012-03-25T17:48:25","guid":{"rendered":"http:\/\/www.ingeta.com\/?p=2575"},"modified":"2012-03-25T17:48:25","modified_gmt":"2012-03-25T17:48:25","slug":"belgique-action-sit-in-a-bruxelles-contre-total-en-rd-congo-le-30-mars-2012","status":"publish","type":"post","link":"https:\/\/congolobilelo.com\/IN\/belgique-action-sit-in-a-bruxelles-contre-total-en-rd-congo-le-30-mars-2012\/","title":{"rendered":"Belgique: Action Sit-in a Bruxelles contre TOTAL en RD Congo, le 30 mars 2012"},"content":{"rendered":"<p>\t\t\t\t&nbsp;<\/p>\n<p>&nbsp;<\/p>\n<p><img loading=\"lazy\" decoding=\"async\" class=\"alignleft size-medium wp-image-2576\" title=\"Total\" src=\"http:\/\/www.ingeta.com\/wp-content\/uploads\/2012\/03\/Total-300x215.jpg\" alt=\"\" width=\"300\" height=\"215\" \/><strong><\/strong><\/p>\n<p><strong>Date:<\/strong><br \/>\n30 mars 2012<\/p>\n<p><strong>Heures: <\/strong><br \/>\nDe 15h \u00e0 17h<\/p>\n<p><strong>Lieu de rassemblement:<\/strong><br \/>\nDevant le si\u00e8ge social de Total en Belgique \u00e0 Bruxelles:<\/p>\n<p>Rue de l\u2019Industrie, 52 \u2013 B-1040, (Metro sortie Arts \u2013 loi).<\/p>\n<p>&nbsp;<\/p>\n<p>&nbsp;<\/p>\n<p><strong>Message des organisateurs:<\/strong><br \/>\nAction SIT-IN des femmes congolaises, africaines et amies du Congo toutes r\u00e9unies pour d\u00e9noncer TOTAL qui signe le pillage des richesses de la r\u00e9publique d\u00e9mocratique du Congo en Ituri et au lac Albert o\u00f9 les femmes congolaises sont viol\u00e9es et massacr\u00e9es.<br \/>\nMes s\u0153urs, mes fr\u00e8res . . . r\u00e9veillez-vous svp<br \/>\nAppel \u00e0 la diaspora congolaise et aux amis et enfants de l\u2019Afrique : Le Congo ne tombera pas !!!<br \/>\nR\u00e9unissons nous ce Vendredi 30 Mars de 15h00 \u00e0 17h00 devant le si\u00e8ge social de Total en Belgique \u00e0 Bruxelles: Rue de l\u2019Industrie, 52 \u2013 B-1040, (Metro sortie Arts \u2013 loi).<br \/>\nVenez nombreux et ponctuels pour d\u00e9noncer les BALOKI YA CONGO.<\/p>\n<p><em><br \/>\n<\/em>\t\t<\/p>\n","protected":false},"excerpt":{"rendered":"<p>&nbsp; &nbsp; Date: 30 mars 2012 Heures: De 15h \u00e0 17h Lieu de rassemblement: Devant le si\u00e8ge social de Total en Belgique \u00e0 Bruxelles: Rue de l\u2019Industrie, 52 \u2013 B-1040, (Metro sortie Arts \u2013 loi). &nbsp; &nbsp; Message des organisateurs: Action SIT-IN des femmes congolaises, africaines et amies du Congo toutes r\u00e9unies pour d\u00e9noncer TOTAL [&hellip;]<\/p>\n","protected":false},"author":1,"featured_media":2576,"comment_status":"open","ping_status":"open","sticky":false,"template":"","format":"standard","meta":{"_acf_changed":false,"content-type":"","footnotes":""},"categories":[167,108,116,120,122,124],"tags":[],"class_list":["post-2575","post","type-post","status-publish","format-standard","has-post-thumbnail","hentry","category-belgique","category-evenements","category-manifs","category-mondialisation","category-news-alertes","category-politique-societe"],"acf":[],"_links":{"self":[{"href":"https:\/\/congolobilelo.com\/IN\/wp-json\/wp\/v2\/posts\/2575","targetHints":{"allow":["GET"]}}],"collection":[{"href":"https:\/\/congolobilelo.com\/IN\/wp-json\/wp\/v2\/posts"}],"about":[{"href":"https:\/\/congolobilelo.com\/IN\/wp-json\/wp\/v2\/types\/post"}],"author":[{"embeddable":true,"href":"https:\/\/congolobilelo.com\/IN\/wp-json\/wp\/v2\/users\/1"}],"replies":[{"embeddable":true,"href":"https:\/\/congolobilelo.com\/IN\/wp-json\/wp\/v2\/comments?post=2575"}],"version-history":[{"count":0,"href":"https:\/\/congolobilelo.com\/IN\/wp-json\/wp\/v2\/posts\/2575\/revisions"}],"wp:featuredmedia":[{"embeddable":true,"href":"https:\/\/congolobilelo.com\/IN\/wp-json\/"}],"wp:attachment":[{"href":"https:\/\/congolobilelo.com\/IN\/wp-json\/wp\/v2\/media?parent=2575"}],"wp:term":[{"taxonomy":"category","embeddable":true,"href":"https:\/\/congolobilelo.com\/IN\/wp-json\/wp\/v2\/categories?post=2575"},{"taxonomy":"post_tag","embeddable":true,"href":"https:\/\/congolobilelo.com\/IN\/wp-json\/wp\/v2\/tags?post=2575"}],"curies":[{"name":"wp","href":"https:\/\/api.w.org\/{rel}","templated":true}]}}