{"id":2567,"date":"2012-03-24T22:59:03","date_gmt":"2012-03-24T22:59:03","guid":{"rendered":"http:\/\/www.ingeta.com\/?p=2567"},"modified":"2012-03-24T22:59:03","modified_gmt":"2012-03-24T22:59:03","slug":"france-grande-marche-kabila-credit-epuise-solde-insuffisant-pour-diriger-la-rd-congo-le-31-mars-2012-a-paris","status":"publish","type":"post","link":"https:\/\/congolobilelo.com\/IN\/france-grande-marche-kabila-credit-epuise-solde-insuffisant-pour-diriger-la-rd-congo-le-31-mars-2012-a-paris\/","title":{"rendered":"France: Grande marche &#8220;Kabila, cr\u00e9dit \u00e9puis\u00e9 &#8211; Solde insuffisant pour diriger la RD Congo&#8221;, le 31 mars 2012 \u00e0 Paris"},"content":{"rendered":"<p>\t\t\t\t&nbsp;<\/p>\n<p>&nbsp;<\/p>\n<p><a href=\"http:\/\/www.ingeta.com\/wp-content\/uploads\/2012\/03\/31mars2012.jpg\"><img loading=\"lazy\" decoding=\"async\" class=\"alignleft size-medium wp-image-2568\" title=\"31mars2012\" src=\"http:\/\/www.ingeta.com\/wp-content\/uploads\/2012\/03\/31mars2012-216x300.jpg\" alt=\"\" width=\"216\" height=\"300\" \/><\/a><\/p>\n<p><strong>Date: <\/strong><br \/>\nSamedi 31 mars 2012<\/p>\n<p><strong>Heure: <\/strong><br \/>\nDe 13h30 \u00e0 18h<\/p>\n<p><strong>Lieu de ralliement: <\/strong><br \/>\nTrocad\u00e9ro (Parvis des droits de l&#8217;homme) \u00e0 Paris.<\/p>\n<p><strong>Info\/Contact:<\/strong><br \/>\nT\u00e9l.: 0698761270\/0666127389<br \/>\nEmail:rdc.devoirdememoire@gmail.com<\/p>\n<p><strong>Message des organisateurs:<\/strong><br \/>\nLa lutte doit continuer car personne ne d\u00e9fendra les congolais \u00e0 part nous-m\u00eames : Ne jamais compter sur l&#8217;ONU car c&#8217;est le symbole m\u00eame de l&#8217;imp\u00e9rialisme.<\/p>\n<p>APPORTONS TOUS 1 euro symbolique lors de la marche pour soutenir ce noble combat.\t\t<\/p>\n","protected":false},"excerpt":{"rendered":"<p>&nbsp; &nbsp; Date: Samedi 31 mars 2012 Heure: De 13h30 \u00e0 18h Lieu de ralliement: Trocad\u00e9ro (Parvis des droits de l&#8217;homme) \u00e0 Paris. Info\/Contact: T\u00e9l.: 0698761270\/0666127389 Email:rdc.devoirdememoire@gmail.com Message des organisateurs: La lutte doit continuer car personne ne d\u00e9fendra les congolais \u00e0 part nous-m\u00eames : Ne jamais compter sur l&#8217;ONU car c&#8217;est le symbole m\u00eame de [&hellip;]<\/p>\n","protected":false},"author":1,"featured_media":2568,"comment_status":"open","ping_status":"open","sticky":false,"template":"","format":"standard","meta":{"_acf_changed":false,"content-type":"","footnotes":""},"categories":[108,156,116,122,124],"tags":[],"class_list":["post-2567","post","type-post","status-publish","format-standard","has-post-thumbnail","hentry","category-evenements","category-france","category-manifs","category-news-alertes","category-politique-societe"],"acf":[],"_links":{"self":[{"href":"https:\/\/congolobilelo.com\/IN\/wp-json\/wp\/v2\/posts\/2567","targetHints":{"allow":["GET"]}}],"collection":[{"href":"https:\/\/congolobilelo.com\/IN\/wp-json\/wp\/v2\/posts"}],"about":[{"href":"https:\/\/congolobilelo.com\/IN\/wp-json\/wp\/v2\/types\/post"}],"author":[{"embeddable":true,"href":"https:\/\/congolobilelo.com\/IN\/wp-json\/wp\/v2\/users\/1"}],"replies":[{"embeddable":true,"href":"https:\/\/congolobilelo.com\/IN\/wp-json\/wp\/v2\/comments?post=2567"}],"version-history":[{"count":0,"href":"https:\/\/congolobilelo.com\/IN\/wp-json\/wp\/v2\/posts\/2567\/revisions"}],"wp:featuredmedia":[{"embeddable":true,"href":"https:\/\/congolobilelo.com\/IN\/wp-json\/"}],"wp:attachment":[{"href":"https:\/\/congolobilelo.com\/IN\/wp-json\/wp\/v2\/media?parent=2567"}],"wp:term":[{"taxonomy":"category","embeddable":true,"href":"https:\/\/congolobilelo.com\/IN\/wp-json\/wp\/v2\/categories?post=2567"},{"taxonomy":"post_tag","embeddable":true,"href":"https:\/\/congolobilelo.com\/IN\/wp-json\/wp\/v2\/tags?post=2567"}],"curies":[{"name":"wp","href":"https:\/\/api.w.org\/{rel}","templated":true}]}}