{"id":2528,"date":"2012-03-20T21:31:06","date_gmt":"2012-03-20T21:31:06","guid":{"rendered":"http:\/\/www.ingeta.com\/?p=2528"},"modified":"2012-03-20T21:31:06","modified_gmt":"2012-03-20T21:31:06","slug":"le-dernier-rapport-du-bureau-conjoint-des-nations-unies-aux-droits-de-lhomme-et-la-politique-de-la-chaise-videe","status":"publish","type":"post","link":"https:\/\/congolobilelo.com\/IN\/le-dernier-rapport-du-bureau-conjoint-des-nations-unies-aux-droits-de-lhomme-et-la-politique-de-la-chaise-videe\/","title":{"rendered":"Le dernier rapport du  Bureau Conjoint des Nations-Unies aux Droits de l\u2019homme et la politique de la chaise vid\u00e9e"},"content":{"rendered":"<p>\t\t\t\t<em>Par Jean-Pierre Mbelu<\/em><\/p>\n<p><em><strong>Il n\u2019est pas rare d\u2019entendre certains compatriotes inviter certains autres \u00e0 \u00e9viter la politique de la chaise vide. Cette invitation d\u00e9nie le fait que l\u2019espace politique n\u2019existe plus au Congo (et ailleurs). Et qu\u2019il est \u00e0 r\u00e9inventer \u00e0 partir d\u2019un temps propre. C\u2019est-\u00e0-dire celui qui n\u2019est pas soumis \u00e0 la marche que semble nous imposer le r\u00e9seau transnational de pr\u00e9dation chez nous. Oui. L\u2019espace politique a \u00e9t\u00e9 remplac\u00e9 par celui de la mort au Congo dit d\u00e9mocratique. Ce dernier rapport du BCNDH en t\u00e9moigne.<\/strong><\/em><br \/>\n<br \/>\n<img loading=\"lazy\" decoding=\"async\" class=\"size-full wp-image-2530 alignnone\" title=\"Violences \u00e9lectorales en RD Congo\" src=\"http:\/\/www.ingeta.com\/wp-content\/uploads\/2012\/03\/congo-rd-elections-violence-army.jpg\" alt=\"\" width=\"606\" height=\"341\" \/><\/p>\n<div>Apr\u00e8s la mascarade \u00e9lectorale de 2006, la FIDH r\u00e9digeait un rapport intitul\u00e9 \u00ab\u00a0R\u00e9publique \u00a0d\u00e9mocratique du Congo. La d\u00e9rive autoritaire du pouvoir\u00a0\u00bb. Ce rapport\u00a0 donne, sur la premi\u00e8re page, quelques exemples des Conventions relatives \u00e0 la protection des droits de l\u2019homme ratifi\u00e9es par notre pays. Le dernier rapport du BCNDH\u00a0 indiquant le cadre de l\u00e9gal ayant servi de r\u00e9f\u00e9rence \u00e0 son travail se livre \u00e0 peu pr\u00e8s \u00e0 un m\u00eame exercice. Il note, par exemple, ceci\u00a0: \u00ab\u00a0L\u2019ensemble des droits vis\u00e9s par le pr\u00e9sent rapport, \u00e0 savoir le droit \u00e0 la vie, le droit \u00e0 l\u2019int\u00e9grit\u00e9 physique et le droit \u00e0 la libert\u00e9 et \u00e0 la s\u00e9curit\u00e9 de la personne, sont garantis et prot\u00e9g\u00e9s par le Pacte international relatif aux droits civils et politiques (PIDCP) \u00a0et la Charte africaine des droits de l\u2019homme et des peuples (CADHP) .<\/div>\n<p><\/p>\n<div>En tant qu\u2019Etat ayant ratifi\u00e9 ces conventions, la RDC est tenue d\u2019assurer l\u2019exercice des libert\u00e9s fondamentales, y compris en p\u00e9riode \u00e9lectorale, et de garantir leur protection par les diff\u00e9rentes institutions en charge de l\u2019application des lois11. Elle est \u00e9galement tenue d\u2019exercer la diligence n\u00e9cessaire pour pr\u00e9venir et r\u00e9primer les violations de ces droits commises par des membres de ses propres forces de d\u00e9fense et de s\u00e9curit\u00e9 ou des acteurs non \u00e9tatiques.\u00a0\u00bb Il\u00a0 cite m\u00eame le Constitution du pays en ces termes\u00a0: \u00ab\u00a0 La Constitution de la RDC du 18 f\u00e9vrier 2006 garantit \u00e9galement le respect de ces droits12.<\/div>\n<p><\/p>\n<div>Plus sp\u00e9cifiquement, l\u2019Article 16 de la Constitution dispose notamment que \u00ab <em>La personne humaine est sacr\u00e9e. L&#8217;Etat a l&#8217;obligation de la respecter et de la prot\u00e9ger. Toute personne a droit \u00e0 la vie, \u00e0 l&#8217;int\u00e9grit\u00e9 physique ainsi qu&#8217;au libre d\u00e9veloppement de sa personnalit\u00e9 dans le respect de la loi, de l&#8217;ordre public, du droit d&#8217;autrui et des bonnes moeurs. Nul ne peut \u00eatre tenu en esclavage ni dans une condition analogue. Nul ne peut \u00eatre soumis \u00e0 un traitement cruel, inhumain ou d\u00e9gradant. Nul ne peut \u00eatre astreint \u00e0 un travail forc\u00e9 ou obligatoire<\/em>.\u00a0\u00bb<\/div>\n<p><\/p>\n<div>Le BCNDH \u00e9voque\u00a0 aussi les textes l\u00e9gaux auxquels les forces arm\u00e9es et la police nationale doivent \u00eatre soumis. \u00a0Il \u00e9crit\u00a0: \u00ab\u00a0Dans le cadre des \u00e9lections, les attributions des FARDC, de la PNC et autres corps des forces de s\u00e9curit\u00e9 ont \u00e9t\u00e9 pr\u00e9cis\u00e9es dans le D\u00e9cret n\u00b0 05\/026 du 6 mai 2005 portant plan op\u00e9rationnel de s\u00e9curisation du processus \u00e9lectoral. L\u2019article 27 du d\u00e9cret pr\u00e9cit\u00e9 conditionne la constitution au sein des FARDC d\u2019unit\u00e9s de r\u00e9serve pr\u00eates \u00e0 renforcer la PNC dans l\u2019ex\u00e9cution du maintien et du r\u00e9tablissement de l\u2019ordre public (MROP) \u00e0 une r\u00e9quisition pr\u00e9alable de l\u2019Autorit\u00e9 politico-administrative, \u00e0 savoir le Vice-premier ministre et ministre de l\u2019Int\u00e9rieur, la S\u00e9curit\u00e9 , la D\u00e9centralisation et l\u2019Am\u00e9nagement du territoire, M. Adolphe Lumanu \u00a0, ou de la CENI , par le biais de son pr\u00e9sident, le R\u00e9v\u00e9rend Pasteur Daniel Ngoy Mulunda\u00a0\u00bb.<\/div>\n<p><\/p>\n<div>L\u2019article 28 du d\u00e9cret pr\u00e9cit\u00e9 restreint \u00e9galement les activit\u00e9s de la GR en p\u00e9riode \u00e9lectorale \u00e0 <em>\u00ab la garde et la protection du Pr\u00e9sident de la R\u00e9publique , ainsi que ses h\u00f4tes de marque et la s\u00e9curit\u00e9 des installations pr\u00e9sidentielles \u00bb.\u00a0\u00bb<\/em><\/div>\n<p><\/p>\n<div>A lire ce rapport du BCNDH tomb\u00e9 dans nos bo\u00eetes e-mail ce mardi 20 mars 2012, aucune de ces dispositions l\u00e9gales ne semble avoir \u00e9t\u00e9 respect\u00e9e par \u00ab\u00a0les\u00a0 milices kabilistes\u00a0\u00bb subdivis\u00e9es en plusieurs unit\u00e9s aux d\u00e9nominations fantaisistes. Si elles l\u2019ont \u00e9t\u00e9, c\u2019est avec le quitus de leurs responsables directs ou de leur autorit\u00e9 \u00ab\u00a0immorale\u00a0\u00bb.<\/div>\n<p><\/p>\n<div>Tirer \u00e0 balles r\u00e9elles sur\u00a0 les Congolais et les Congolaises de mani\u00e8re indiscrimin\u00e9e et\/ou cibl\u00e9e et cela \u00e0 travers (presque) toute la ville-province de Kinshasa devrait constituer un grave crime contre l\u2019humanit\u00e9. Tuer et emporter les cadavres, enlever\u00a0 des paisibles citoyens\u00a0 de chez eux pour aller les torturer, les tuer, les \u00e9ventrer et jeter leurs cadavres dans le fleuve\u00a0 et ne pas permettre aux leurs d\u2019organiser le deuil, c\u2019est le comble de l\u2019inhumanit\u00e9.<\/div>\n<p><\/p>\n<div>Il n\u2019est pas croyable que plusieurs parmi nos politiciens (ou ce qui en reste) en viennent \u00e0 mettre entre parenth\u00e8ses \u00ab\u00a0ce g\u00e9nocide silencieux\u00a0\u00bb pour \u00e9viter ce qu\u2019ils appellent \u00ab\u00a0la politique de la chaise vide\u00a0\u00bb. O\u00f9 est la politique dans un pays o\u00f9 les r\u00e8gles et les proc\u00e9dures du jeu\u00a0 ne sont pas du tout respect\u00e9es, dans un pays o\u00f9 la justice est foul\u00e9e au pied\u00a0? O\u00f9 est la politique dans un pays o\u00f9 le pouvoir d\u2019occupation transnational a vid\u00e9 les chaises o\u00f9 si\u00e8gent les gouvernants de tout pouvoir en en faisant les marionnettes d\u2019un n\u00e9olib\u00e9ralisme cynique\u00a0? O\u00f9 est la politique dans un pays o\u00f9 l\u2019exercice des droits et libert\u00e9s fondamentales par son d\u00e9tenteur (c\u2019est-\u00e0-dire le peuple) conduit \u00e0 la mort\u00a0?<\/div>\n<p><\/p>\n<div>Au Congo, il n\u2019y a plus d\u2019espace politique viable. Notre pays est devenu une jungle o\u00f9 r\u00e8gne la loi de la nature. Nous avons, tous et chacun l\u00e0 o\u00f9 il est, le devoir de r\u00e9inventer l\u2019espace politique rationnel et raisonnable. Nous avons aussi le devoir d\u2019inventer notre temps en rompant avec le processus de la mort initi\u00e9 par le r\u00e9seau d\u2019\u00e9lite de pr\u00e9dation transnational depuis 1996. Et m\u00eame avant. Oui. Nous devons inventer notre temps. \u00ab\u00a0Les petits\u00a0\u00bb restent y travaillent avec acharnement.<\/div>\n<p><\/p>\n<div><em>Par Jean-Pierre Mbelu<\/em><\/div>\n<p><\/p>\n<div>T\u00e9l\u00e9chargez <a href=\"http:\/\/www.ingeta.com\/wp-content\/uploads\/2012\/03\/ReportDRC_26Nov_25Dec2011_fr.pdf\">le rapport du\u00a0 Bureau Conjoint des Nations-Unies aux Droits de l\u2019homme sur la p\u00e9riode des \u00e9lections 2011<\/a><\/div>\n","protected":false},"excerpt":{"rendered":"<p>Par Jean-Pierre Mbelu Il n\u2019est pas rare d\u2019entendre certains compatriotes inviter certains autres \u00e0 \u00e9viter la politique de la chaise vide. Cette invitation d\u00e9nie le fait que l\u2019espace politique n\u2019existe plus au Congo (et ailleurs). Et qu\u2019il est \u00e0 r\u00e9inventer \u00e0 partir d\u2019un temps propre. C\u2019est-\u00e0-dire celui qui n\u2019est pas soumis \u00e0 la marche que [&hellip;]<\/p>\n","protected":false},"author":1,"featured_media":2530,"comment_status":"open","ping_status":"open","sticky":false,"template":"","format":"standard","meta":{"_acf_changed":false,"content-type":"","footnotes":""},"categories":[107,122,124],"tags":[],"class_list":["post-2528","post","type-post","status-publish","format-standard","has-post-thumbnail","hentry","category-analyses-commentaires","category-news-alertes","category-politique-societe"],"acf":[],"_links":{"self":[{"href":"https:\/\/congolobilelo.com\/IN\/wp-json\/wp\/v2\/posts\/2528","targetHints":{"allow":["GET"]}}],"collection":[{"href":"https:\/\/congolobilelo.com\/IN\/wp-json\/wp\/v2\/posts"}],"about":[{"href":"https:\/\/congolobilelo.com\/IN\/wp-json\/wp\/v2\/types\/post"}],"author":[{"embeddable":true,"href":"https:\/\/congolobilelo.com\/IN\/wp-json\/wp\/v2\/users\/1"}],"replies":[{"embeddable":true,"href":"https:\/\/congolobilelo.com\/IN\/wp-json\/wp\/v2\/comments?post=2528"}],"version-history":[{"count":0,"href":"https:\/\/congolobilelo.com\/IN\/wp-json\/wp\/v2\/posts\/2528\/revisions"}],"wp:featuredmedia":[{"embeddable":true,"href":"https:\/\/congolobilelo.com\/IN\/wp-json\/"}],"wp:attachment":[{"href":"https:\/\/congolobilelo.com\/IN\/wp-json\/wp\/v2\/media?parent=2528"}],"wp:term":[{"taxonomy":"category","embeddable":true,"href":"https:\/\/congolobilelo.com\/IN\/wp-json\/wp\/v2\/categories?post=2528"},{"taxonomy":"post_tag","embeddable":true,"href":"https:\/\/congolobilelo.com\/IN\/wp-json\/wp\/v2\/tags?post=2528"}],"curies":[{"name":"wp","href":"https:\/\/api.w.org\/{rel}","templated":true}]}}