{"id":2522,"date":"2012-03-19T19:10:58","date_gmt":"2012-03-19T19:10:58","guid":{"rendered":"http:\/\/www.ingeta.com\/?p=2522"},"modified":"2012-03-19T19:10:58","modified_gmt":"2012-03-19T19:10:58","slug":"belgique-marche-contre-le-depart-de-reynders-au-congo-vendredi-23-mars-2012-a-bruxelles","status":"publish","type":"post","link":"https:\/\/congolobilelo.com\/IN\/belgique-marche-contre-le-depart-de-reynders-au-congo-vendredi-23-mars-2012-a-bruxelles\/","title":{"rendered":"Belgique : Marche contre le d\u00e9part de Reynders au Congo, vendredi 23 mars 2012 \u00e0 Bruxelles"},"content":{"rendered":"<p>\t\t\t\t&nbsp;<\/p>\n<p>&nbsp;<\/p>\n<p><img loading=\"lazy\" decoding=\"async\" class=\"alignleft size-full wp-image-2523\" title=\"STOP REYNDERS\" src=\"http:\/\/www.ingeta.com\/wp-content\/uploads\/2012\/03\/REYNDERS.png\" alt=\"\" width=\"416\" height=\"602\" \/><strong><\/strong><\/p>\n<p><strong>Date:<\/strong><br \/>\n23 mars 2012<\/p>\n<p><strong>Heure de ralliement: <\/strong><br \/>\n14h<\/p>\n<p><strong>Lieu de rassemblement:<\/strong><br \/>\nLa station de m\u00e9tro Tr\u00f4ne, \u00e0 Bruxelles<\/p>\n<p><strong>Communiqu\u00e9 de <a href=\"http:\/\/www.cheikfitanews.net\/article-marche-a-bruxelles-contre-le-depart-de-reynders-au-congo-101877783.html\">Cheik Fita<\/a>:<\/strong><br \/>\nLe 23 mars 2012 \u00e0 14h00 \u00e0 Bruxelles, \u00e0 partir du m\u00e9tro tr\u00f4ne, une marche est annonc\u00e9e par \u00ab Change in Congo \u00bb et \u00ab Mirgec \u00bb afin de protester contre le prochain voyage fin mars, en RD Congo de monsieur Didier Reynders, ministre belge des affaires \u00e9trang\u00e8res.<\/p>\n<p>Monsieur Didier Reynders sera le premier homme politique occidental \u00e0 se rendre en RD Congo apr\u00e8s les \u00e9lections chahut\u00e9es du 28 novembre dernier, \u00e9lections caract\u00e9ris\u00e9es par des bourrages des urnes sans commune mesure et des falsifications de diff\u00e9rents PV\u2026 Au profit de monsieur Joseph Kabila le Pr\u00e9sident sortant.<\/p>\n<p>52 ans apr\u00e8s l\u2019ind\u00e9pendance, cette d\u00e9marche cavali\u00e8re, arrogante et quelque peu m\u00e9prisante, de l\u2019ancienne puissance coloniale n\u2019est pas du tout appr\u00e9ci\u00e9e par la communaut\u00e9 congolaise de Belgique.<\/p>\n<p>Car, apparemment, \u00e9lections chez nous ou pas, le pr\u00e9sident, c\u2019est celui que l\u2019ancienne m\u00e9tropole choisit.<\/p>\n<p>Pour montrer \u00e0 la face du monde que nous ne sommes plus en 1958, le vendredi 23 mars 2012 \u00e0 14h00 \u00e0 Bruxelles, les Congolais seront donc dans la rue.<\/p>\n<p><iframe loading=\"lazy\" src=\"http:\/\/www.youtube.com\/embed\/yjomWK6ShfU\" frameborder=\"0\" width=\"560\" height=\"315\"><\/iframe>\t\t<\/p>\n","protected":false},"excerpt":{"rendered":"<p>&nbsp; &nbsp; Date: 23 mars 2012 Heure de ralliement: 14h Lieu de rassemblement: La station de m\u00e9tro Tr\u00f4ne, \u00e0 Bruxelles Communiqu\u00e9 de Cheik Fita: Le 23 mars 2012 \u00e0 14h00 \u00e0 Bruxelles, \u00e0 partir du m\u00e9tro tr\u00f4ne, une marche est annonc\u00e9e par \u00ab Change in Congo \u00bb et \u00ab Mirgec \u00bb afin de protester contre [&hellip;]<\/p>\n","protected":false},"author":1,"featured_media":2523,"comment_status":"open","ping_status":"open","sticky":false,"template":"","format":"standard","meta":{"_acf_changed":false,"content-type":"","footnotes":""},"categories":[167,108,116,122,124],"tags":[],"class_list":["post-2522","post","type-post","status-publish","format-standard","has-post-thumbnail","hentry","category-belgique","category-evenements","category-manifs","category-news-alertes","category-politique-societe"],"acf":[],"_links":{"self":[{"href":"https:\/\/congolobilelo.com\/IN\/wp-json\/wp\/v2\/posts\/2522","targetHints":{"allow":["GET"]}}],"collection":[{"href":"https:\/\/congolobilelo.com\/IN\/wp-json\/wp\/v2\/posts"}],"about":[{"href":"https:\/\/congolobilelo.com\/IN\/wp-json\/wp\/v2\/types\/post"}],"author":[{"embeddable":true,"href":"https:\/\/congolobilelo.com\/IN\/wp-json\/wp\/v2\/users\/1"}],"replies":[{"embeddable":true,"href":"https:\/\/congolobilelo.com\/IN\/wp-json\/wp\/v2\/comments?post=2522"}],"version-history":[{"count":0,"href":"https:\/\/congolobilelo.com\/IN\/wp-json\/wp\/v2\/posts\/2522\/revisions"}],"wp:featuredmedia":[{"embeddable":true,"href":"https:\/\/congolobilelo.com\/IN\/wp-json\/"}],"wp:attachment":[{"href":"https:\/\/congolobilelo.com\/IN\/wp-json\/wp\/v2\/media?parent=2522"}],"wp:term":[{"taxonomy":"category","embeddable":true,"href":"https:\/\/congolobilelo.com\/IN\/wp-json\/wp\/v2\/categories?post=2522"},{"taxonomy":"post_tag","embeddable":true,"href":"https:\/\/congolobilelo.com\/IN\/wp-json\/wp\/v2\/tags?post=2522"}],"curies":[{"name":"wp","href":"https:\/\/api.w.org\/{rel}","templated":true}]}}