{"id":2518,"date":"2012-03-19T18:59:01","date_gmt":"2012-03-19T18:59:01","guid":{"rendered":"http:\/\/www.ingeta.com\/?p=2518"},"modified":"2012-03-19T18:59:01","modified_gmt":"2012-03-19T18:59:01","slug":"suisse-grande-marche-anti-kabila-anti-hold-up-electoral-samedi-24-mars-2012-a-zurich","status":"publish","type":"post","link":"https:\/\/congolobilelo.com\/IN\/suisse-grande-marche-anti-kabila-anti-hold-up-electoral-samedi-24-mars-2012-a-zurich\/","title":{"rendered":"Suisse: &#8220;Grande Marche Anti-Kabila, Anti-hold-up \u00e9lectoral&#8221;, samedi 24 mars 2012 \u00e0 Zurich"},"content":{"rendered":"<p>\t\t\t\t&nbsp;<\/p>\n<p><em>Information d\u00e9livr\u00e9e par Freddy Mulongo.<\/em><\/p>\n<p>Jean-Claude Kalala, Achile Ibula, Bienvenu Nsilulu et d&#8217;autres congolais, Suisses et amis du Congo s&#8217;affairent pour la r\u00e9ussite de la grande marche, anti-Kabila et anti-hold-up \u00e9lectoral qu&#8217;ils organisent ce samedi 24 mars \u00e0 Zurich-Helvetsiaplatz en Suisse. Infatigables, les t\u00e9m\u00e9raires congolais anti-r\u00e9gime de la dictature totalitaire du r\u00e9gime jos\u00e9phiste ne sont pas \u00e0 leur premier coup d&#8217;essai. L&#8217;avantage de la Communaut\u00e9 congolaise de Zurich est qu&#8217;elle associe sa marche avec tous les opposants de r\u00e9gimes dictatoriaux du monde: les Syriens qui sont tu\u00e9s comme des mouches, le pouvoir iranien qui livre des armes au Congo-Kinshasa contre l&#8217;achat de l&#8217;uranium congolais, les Palestiniens sans terre&#8230;seront de la partie. Sans oublier les sans papiers et les indign\u00e9s. La mobilisation est \u00e0 son comble !<\/p>\n<p>Le hold-up \u00e9lectoral ne passera pas, surtout pas \u00e0 Zurich ! Le 29 octobre dernier, un tracteur d\u00e9nomm\u00e9 &#8220;CPI&#8221; par les manifestants avec les noms de criminels de guerre et g\u00e9nocidaires qui \u00e9chappent encore \u00e0 la Cour P\u00e9nale Internationale \u00e9tait dans le cort\u00e8ge. Que nous r\u00e9servent les cr\u00e9atifs Congolais de Zurich ? Personne ne sait ! Rendez-vous est pris \u00e0 Helvetsiaplatz \u00e0 Zurich.<\/p>\n<p><img loading=\"lazy\" decoding=\"async\" class=\"alignnone\" title=\"Manifestation \u00e0 Zurich\" src=\"http:\/\/reveil-fm.com\/images\/Elie01\/Elie2\/P1020032.JPG\" alt=\"\" width=\"515\" height=\"387\" \/>\t\t<\/p>\n","protected":false},"excerpt":{"rendered":"<p>&nbsp; Information d\u00e9livr\u00e9e par Freddy Mulongo. Jean-Claude Kalala, Achile Ibula, Bienvenu Nsilulu et d&#8217;autres congolais, Suisses et amis du Congo s&#8217;affairent pour la r\u00e9ussite de la grande marche, anti-Kabila et anti-hold-up \u00e9lectoral qu&#8217;ils organisent ce samedi 24 mars \u00e0 Zurich-Helvetsiaplatz en Suisse. Infatigables, les t\u00e9m\u00e9raires congolais anti-r\u00e9gime de la dictature totalitaire du r\u00e9gime jos\u00e9phiste ne [&hellip;]<\/p>\n","protected":false},"author":1,"featured_media":1205,"comment_status":"open","ping_status":"open","sticky":false,"template":"","format":"standard","meta":{"_acf_changed":false,"content-type":"","footnotes":""},"categories":[108,116,122,124,164],"tags":[],"class_list":["post-2518","post","type-post","status-publish","format-standard","has-post-thumbnail","hentry","category-evenements","category-manifs","category-news-alertes","category-politique-societe","category-suisse"],"acf":[],"_links":{"self":[{"href":"https:\/\/congolobilelo.com\/IN\/wp-json\/wp\/v2\/posts\/2518","targetHints":{"allow":["GET"]}}],"collection":[{"href":"https:\/\/congolobilelo.com\/IN\/wp-json\/wp\/v2\/posts"}],"about":[{"href":"https:\/\/congolobilelo.com\/IN\/wp-json\/wp\/v2\/types\/post"}],"author":[{"embeddable":true,"href":"https:\/\/congolobilelo.com\/IN\/wp-json\/wp\/v2\/users\/1"}],"replies":[{"embeddable":true,"href":"https:\/\/congolobilelo.com\/IN\/wp-json\/wp\/v2\/comments?post=2518"}],"version-history":[{"count":0,"href":"https:\/\/congolobilelo.com\/IN\/wp-json\/wp\/v2\/posts\/2518\/revisions"}],"wp:featuredmedia":[{"embeddable":true,"href":"https:\/\/congolobilelo.com\/IN\/wp-json\/"}],"wp:attachment":[{"href":"https:\/\/congolobilelo.com\/IN\/wp-json\/wp\/v2\/media?parent=2518"}],"wp:term":[{"taxonomy":"category","embeddable":true,"href":"https:\/\/congolobilelo.com\/IN\/wp-json\/wp\/v2\/categories?post=2518"},{"taxonomy":"post_tag","embeddable":true,"href":"https:\/\/congolobilelo.com\/IN\/wp-json\/wp\/v2\/tags?post=2518"}],"curies":[{"name":"wp","href":"https:\/\/api.w.org\/{rel}","templated":true}]}}