{"id":2449,"date":"2012-03-14T08:50:51","date_gmt":"2012-03-14T08:50:51","guid":{"rendered":"http:\/\/www.ingeta.com\/?p=2449"},"modified":"2012-03-14T08:50:51","modified_gmt":"2012-03-14T08:50:51","slug":"rd-congo-formateurs-belges-pour-larmee","status":"publish","type":"post","link":"https:\/\/congolobilelo.com\/IN\/rd-congo-formateurs-belges-pour-larmee\/","title":{"rendered":"RD Congo: Formateurs belges pour l\u2019arm\u00e9e"},"content":{"rendered":"<p>\t\t\t\t<em>Source: <a href=\"http:\/\/www.lalibre.be\/actu\/international\/article\/725877\/formateurs-belges-pour-l-armee.html\">La Libre Belgique<\/a>. Par Marie-France Cros. Le 14 mars 2012.<\/em><\/p>\n<p><em><strong>Bruxelles approuve l\u2019envoi de nouveaux formateurs militaires \u00e0 Kananga. <\/strong><\/em><\/p>\n<p><img loading=\"lazy\" decoding=\"async\" class=\"alignnone  wp-image-2450\" title=\"eusec-rdc\" src=\"http:\/\/www.ingeta.com\/wp-content\/uploads\/2012\/03\/eusec-rdc.jpg\" alt=\"\" width=\"526\" height=\"394\" \/><\/p>\n<p>Le gouvernement belge a approuv\u00e9 la semaine derni\u00e8re l\u2019envoi au Congo de deux groupes de formateurs militaires pour l\u2019acad\u00e9mie congolaise de Kananga.<\/p>\n<p>Un premier groupe de quinze instructeurs sera d\u00e9ploy\u00e9 de fin mars \u00e0 avril prochains pour former les instructeurs de l\u2019arm\u00e9e congolaise de l\u2019ancienne Ecole de formation pour officiers (EFO); le second groupe, de six hommes, suivra durant six semaines. L\u2019alternance des deux sessions se r\u00e9p\u00e9tera <em>&#8220;pendant les phases d\u2019instruction militaire les plus importantes de 2012, pendant huit et cinq semaines&#8221;<\/em> , a indiqu\u00e9 un porte-parole du minist\u00e8re de la D\u00e9fense.<\/p>\n<p>La Belgique et l\u2019Union europ\u00e9enne appuient depuis plusieurs ann\u00e9es la relance de l\u2019Acad\u00e9mie militaire de Kananga, ferm\u00e9e depuis vingt-six ans. La <a href=\"http:\/\/www.consilium.europa.eu\/eeas\/security-defence\/eu-operations\/eusec-rd-congo?lang=fr\">mission Eusec<\/a>* contribue ainsi \u00e0 la r\u00e9habilitation et \u00e0 la relance de l\u2019\u00e9cole pour 3,5 millions d\u2019euros. Depuis le second semestre 2010 ont d\u00e9but\u00e9 les travaux de r\u00e9habilitation des infrastructures (b\u00e2timents et \u00e9quipement). Eusec travaille \u00e9galement \u00e0 \u00e9tablir le syst\u00e8me de cours pour les officiers et le recrutement des \u00e9l\u00e8ves, ainsi qu\u2019\u00e0 la s\u00e9lection des enseignants.<\/p>\n<p>Ces collaborations pr\u00e9parent l\u2019arm\u00e9e congolaise de demain et apr\u00e8s-demain, souligne une source \u00e0 Eusec, alors que le cadre form\u00e9 des officiers congolais arrive peu \u00e0 peu dans les tranches d\u2019\u00e2ge proches de la retraite. &#8221; <em>Si on veut \u00e9viter une situation comparable \u00e0 celle du Congo ind\u00e9pendant de 1960, d\u00e9pourvu d\u2019officiers congolais, il est imp\u00e9ratif de les former<\/em> d\u00e8s aujourd\u2019hui&#8221;, poursuit la source.<\/p>\n<p>Celle-ci donne lieu \u00e0 une coordination d\u2019Eusec et des pays europ\u00e9ens qui contribuent \u00e0 former les militaires congolais. L\u2019Union europ\u00e9enne se charge ainsi de la r\u00e9habilitation et de la relance de la formation mais elle ne dispose pas d\u2019instructeurs, que fournissent la Belgique et la France.<\/p>\n<p>L\u2019actuelle arm\u00e9e congolaise est constitu\u00e9e d\u2019officiers form\u00e9s et d\u2019autres, issus d\u2019anciennes r\u00e9bellions, qui ont n\u00e9goci\u00e9 leur int\u00e9gration \u00e0 l\u2019arm\u00e9e nationale ainsi que leurs grades. Il est ainsi habituel de voir des officiers incapables de lire une carte ou des soldats qui n\u2019ob\u00e9issent pas \u00e0 l\u2019officier formellement en charge du commandement, lui pr\u00e9f\u00e9rant un de leurs anciens &#8220;commandants&#8221; de la r\u00e9bellion.<\/p>\n<p>&nbsp;<\/p>\n<p><em>*La mission de conseil et d&#8217;assistance de l&#8217;Union europ\u00e9enne en mati\u00e8re de r\u00e9forme du secteur de la s\u00e9curit\u00e9 en R\u00e9publique d\u00e9mocratique du Congo(&#8220;EUSEC RD Congo&#8221;) a \u00e9t\u00e9 mise en place par l&#8217;Union Europ\u00e9enne et lanc\u00e9e\u00a0 le 8 juin 2005, \u00e0 la suite d&#8217;une demande officielle du gouvernement de la RDC. son pr\u00e9sent mandat court jusqu&#8217;au 30 septembre 2012.<\/em>\t\t<\/p>\n","protected":false},"excerpt":{"rendered":"<p>Source: La Libre Belgique. Par Marie-France Cros. Le 14 mars 2012. Bruxelles approuve l\u2019envoi de nouveaux formateurs militaires \u00e0 Kananga. Le gouvernement belge a approuv\u00e9 la semaine derni\u00e8re l\u2019envoi au Congo de deux groupes de formateurs militaires pour l\u2019acad\u00e9mie congolaise de Kananga. Un premier groupe de quinze instructeurs sera d\u00e9ploy\u00e9 de fin mars \u00e0 avril [&hellip;]<\/p>\n","protected":false},"author":1,"featured_media":2450,"comment_status":"open","ping_status":"open","sticky":false,"template":"","format":"standard","meta":{"_acf_changed":false,"content-type":"","footnotes":""},"categories":[122,124],"tags":[],"class_list":["post-2449","post","type-post","status-publish","format-standard","has-post-thumbnail","hentry","category-news-alertes","category-politique-societe"],"acf":[],"_links":{"self":[{"href":"https:\/\/congolobilelo.com\/IN\/wp-json\/wp\/v2\/posts\/2449","targetHints":{"allow":["GET"]}}],"collection":[{"href":"https:\/\/congolobilelo.com\/IN\/wp-json\/wp\/v2\/posts"}],"about":[{"href":"https:\/\/congolobilelo.com\/IN\/wp-json\/wp\/v2\/types\/post"}],"author":[{"embeddable":true,"href":"https:\/\/congolobilelo.com\/IN\/wp-json\/wp\/v2\/users\/1"}],"replies":[{"embeddable":true,"href":"https:\/\/congolobilelo.com\/IN\/wp-json\/wp\/v2\/comments?post=2449"}],"version-history":[{"count":0,"href":"https:\/\/congolobilelo.com\/IN\/wp-json\/wp\/v2\/posts\/2449\/revisions"}],"wp:featuredmedia":[{"embeddable":true,"href":"https:\/\/congolobilelo.com\/IN\/wp-json\/"}],"wp:attachment":[{"href":"https:\/\/congolobilelo.com\/IN\/wp-json\/wp\/v2\/media?parent=2449"}],"wp:term":[{"taxonomy":"category","embeddable":true,"href":"https:\/\/congolobilelo.com\/IN\/wp-json\/wp\/v2\/categories?post=2449"},{"taxonomy":"post_tag","embeddable":true,"href":"https:\/\/congolobilelo.com\/IN\/wp-json\/wp\/v2\/tags?post=2449"}],"curies":[{"name":"wp","href":"https:\/\/api.w.org\/{rel}","templated":true}]}}