{"id":2439,"date":"2012-03-13T20:07:56","date_gmt":"2012-03-13T20:07:56","guid":{"rendered":"http:\/\/www.ingeta.com\/?p=2439"},"modified":"2012-03-13T20:07:56","modified_gmt":"2012-03-13T20:07:56","slug":"belgique-manifestation-contre-les-violences-policieres","status":"publish","type":"post","link":"https:\/\/congolobilelo.com\/IN\/belgique-manifestation-contre-les-violences-policieres\/","title":{"rendered":"Belgique: Manifestation contre les violences polici\u00e8res, le 15 mars 2012 \u00e0 Bruxelles"},"content":{"rendered":"<p>\t\t\t\t&nbsp;<\/p>\n<p>&nbsp;<\/p>\n<p><strong><img loading=\"lazy\" decoding=\"async\" class=\"size-medium wp-image-2440 alignleft\" title=\"stoprepression\" src=\"http:\/\/www.ingeta.com\/wp-content\/uploads\/2012\/03\/stoprepression-212x300.jpg\" alt=\"\" width=\"212\" height=\"300\" \/><\/strong><\/p>\n<p>&nbsp;<\/p>\n<p><strong>Date:<\/strong><br \/>\nJeudi 15 mars 2012<\/p>\n<p><strong>Heure:<\/strong><br \/>\n18:00 \u2013 21:00<\/p>\n<p><strong>Lieu:<\/strong><br \/>\nPlace Debrouck\u00e9re, Bruxelles. Belgique.<\/p>\n<p><strong>Pour plus d&#8217;information:<\/strong><br \/>\nSite-web : <a href=\"http:\/\/www.stop-repression.be\/\">http:\/\/www.stop-repression.be\/<\/a><\/p>\n<p>Page : <a href=\"https:\/\/www.facebook.com\/StopRepression\">https:\/\/www.facebook.com\/StopRepression<\/a><\/p>\n<p>Twitter : <a href=\"https:\/\/twitter.com\/#!\/stoprepression\">https:\/\/twitter.com\/#!\/stoprepression<\/a><\/p>\n<p>Stream : <a href=\"http:\/\/www.stop-repression.be\/live\/\">http:\/\/www.stop-repression.be\/live\/<\/a><\/p>\n<p>&nbsp;<\/p>\n<p>Dans le cadre de la Journ\u00e9e Internationale contre les brutalit\u00e9s polici\u00e8res, la manifestation servira de plateforme pour mettre en \u00e9vidence les cas, de plus en plus nombreux, de violence de la police. En effet, depuis la r\u00e9pression du camp No Border, les abus de la police vont crescendo en parall\u00e8le avec l\u2019intensification des luttes. Mais il n\u2019y a pas que la police politique qui est de plus en plus violente, dans les quartiers le racisme, la violence et l\u2019arbitraire sont la r\u00e8gle depuis longtemps.<\/p>\n<p>Le d\u00e9sespoir social aliment\u00e9 par les gouvernements et leur aust\u00e9rit\u00e9 nourrit la peur qui sert \u00e0 son tour \u00e0 justifier toujours plus de police ainsi qu\u2019une police toujours plus arm\u00e9e et donc plus violente. Les violences polici\u00e8res se multiplient tout comme les mouvements \u00e9tudiants, ceux des jeunes des quartiers populaires, le mouvement des indign\u00e9s,&#8230; qui en sont les premi\u00e8res victimes. Le mouvement syndical aussi fait de plus en plus souvent face \u00e0 des astreintes ou m\u00eame \u00e0 des r\u00e9quisitions de travailleurs afin de casser des gr\u00e8ves.<\/p>\n<p>La surveillance et le fichage se g\u00e9n\u00e9ralisent, les armes \u00ab non l\u00e9tales \u00bb justifient l\u2019usage de la violence pour tout et n\u2019importe quoi et l\u2019impunit\u00e9 des abus renforce le sentiment de toute puissance des agents. La manifestation permettra aussi de porter toutes les revendications li\u00e9es \u00e0 un meilleur contr\u00f4le de la police.<\/p>\n<p>Dans le cadre de la campagne \u00ab STOP REPRESSION \u00bb de la JOC, la JOC Bruxelles et Li\u00e9ge appelle donc toutes les organisations, toutes les personnes, \u00e0 rejoindre le cort\u00e8ge le jeudi 15 mars 2012. Les d\u00e9tails de celui-ci sont en cours d\u2019\u00e9laboration ! Nous appelons aussi toutes les organisations et personnes qui souhaitent co-organiser la manifestation \u00e0 nous joindre \u00e0 l&#8217;adresse suivante : stop.repression.be@gmail.com<\/p>\n<p>&#8211; Non au racisme dans la police<br \/>\n&#8211; Contre la r\u00e9pression des mouvements sociaux<br \/>\n&#8211; Non au tout s\u00e9curitaire<br \/>\n&#8211; Non aux Tasers et Flashball<br \/>\n&#8211; Protection des libert\u00e9s (lutte contre les cam\u00e9ras, portiques, etc&#8230;)<\/p>\n<p>La Journ\u00e9e Internationale de la brutalit\u00e9 polici\u00e8re est n\u00e9e en 1997 \u00e0 l\u2019initiative du COBP (Collectif Oppos\u00e9 \u00e0 la Brutalit\u00e9 Polici\u00e8re), un collectif bas\u00e9 \u00e0 Montr\u00e9al au Canada. Il organise depuis 15 ans une manifestation autour du mot d\u2019ordre : \u00ab qui nous prot\u00e8ge de la police ? \u00bb<\/p>\n<p>A l&#8217;initiative de la JOC<\/p>\n<p>Organisations qui soutiennent l&#8217;appel : Ligue des droits de l&#8217;homme, \u00c9galit\u00e9, GSARA, Vie F\u00e9minine Bruxelles, Parti Socialiste de Lutte &#8211; Linkse Socialistische Partij, Jeunes CSC Bruxelles, ASBL asbl declik, \u00c9tudiants FGTB ULB, D\u00e9sob\u00e9issance civile Belgique, Parti Communiste, ASBL Joseph Jacquemotte, Comit\u00e9 pour l&#8217;annulation de la dette du Tiers Monde, Ligue Communiste R\u00e9volutionnaire &#8211; Socialistische Arbeiderspartij, Jeune Anti Capitaliste, Attac ULB, Secours Rouge, African Socialist International, Action pour la paix, Le Mouvement International de la R\u00e9conciliation et l\u2019 Internationale des R\u00e9sistant-e-s \u00e0 la Guerre.<\/p>\n<p>\u00c9quipe STOP R\u00e9pression\t\t<\/p>\n","protected":false},"excerpt":{"rendered":"<p>&nbsp; &nbsp; &nbsp; Date: Jeudi 15 mars 2012 Heure: 18:00 \u2013 21:00 Lieu: Place Debrouck\u00e9re, Bruxelles. Belgique. Pour plus d&#8217;information: Site-web : http:\/\/www.stop-repression.be\/ Page : https:\/\/www.facebook.com\/StopRepression Twitter : https:\/\/twitter.com\/#!\/stoprepression Stream : http:\/\/www.stop-repression.be\/live\/ &nbsp; Dans le cadre de la Journ\u00e9e Internationale contre les brutalit\u00e9s polici\u00e8res, la manifestation servira de plateforme pour mettre en \u00e9vidence les cas, [&hellip;]<\/p>\n","protected":false},"author":1,"featured_media":2440,"comment_status":"open","ping_status":"open","sticky":false,"template":"","format":"standard","meta":{"_acf_changed":false,"content-type":"","footnotes":""},"categories":[108,116],"tags":[],"class_list":["post-2439","post","type-post","status-publish","format-standard","has-post-thumbnail","hentry","category-evenements","category-manifs"],"acf":[],"_links":{"self":[{"href":"https:\/\/congolobilelo.com\/IN\/wp-json\/wp\/v2\/posts\/2439","targetHints":{"allow":["GET"]}}],"collection":[{"href":"https:\/\/congolobilelo.com\/IN\/wp-json\/wp\/v2\/posts"}],"about":[{"href":"https:\/\/congolobilelo.com\/IN\/wp-json\/wp\/v2\/types\/post"}],"author":[{"embeddable":true,"href":"https:\/\/congolobilelo.com\/IN\/wp-json\/wp\/v2\/users\/1"}],"replies":[{"embeddable":true,"href":"https:\/\/congolobilelo.com\/IN\/wp-json\/wp\/v2\/comments?post=2439"}],"version-history":[{"count":0,"href":"https:\/\/congolobilelo.com\/IN\/wp-json\/wp\/v2\/posts\/2439\/revisions"}],"wp:featuredmedia":[{"embeddable":true,"href":"https:\/\/congolobilelo.com\/IN\/wp-json\/"}],"wp:attachment":[{"href":"https:\/\/congolobilelo.com\/IN\/wp-json\/wp\/v2\/media?parent=2439"}],"wp:term":[{"taxonomy":"category","embeddable":true,"href":"https:\/\/congolobilelo.com\/IN\/wp-json\/wp\/v2\/categories?post=2439"},{"taxonomy":"post_tag","embeddable":true,"href":"https:\/\/congolobilelo.com\/IN\/wp-json\/wp\/v2\/tags?post=2439"}],"curies":[{"name":"wp","href":"https:\/\/api.w.org\/{rel}","templated":true}]}}