{"id":2435,"date":"2012-03-13T19:13:18","date_gmt":"2012-03-13T19:13:18","guid":{"rendered":"http:\/\/www.ingeta.com\/?p=2435"},"modified":"2012-03-13T19:13:18","modified_gmt":"2012-03-13T19:13:18","slug":"belgique-aprodec-asbl-ira-en-justice-contre-le-gouvernement-belge","status":"publish","type":"post","link":"https:\/\/congolobilelo.com\/IN\/belgique-aprodec-asbl-ira-en-justice-contre-le-gouvernement-belge\/","title":{"rendered":"Belgique: APRODEC asbl ira en justice contre le gouvernement belge"},"content":{"rendered":"<p>\t\t\t\t&#8220;Les \u00e9lections congolaises du 28 novembre 2011 vont bient\u00f4t s&#8217;inviter devant la justice belge: Aprodec (Association pour la Promotion de la D\u00e9mocratie et du D\u00e9veloppement de la R\u00e9publique D\u00e9mocratique du Congo) asbl de Belgique a d\u00e9cid\u00e9 de tra\u00eener le gouvernement belge en justice pour son implication dans la fraude \u00e9lectorale qui a permis \u00e0 monsieur Joseph Kabila de se cramponner au pouvoir. Le gouvernement belge serait substantiellement impliqu\u00e9 dans la fraude \u00e9lectorale en RD Congo. Sur quoi l&#8217;asbl Aprodec base-t-elle ses affirmations? Nous vous prions de suivre la vid\u00e9o ci-dessous&#8221;.<\/p>\n<p><iframe loading=\"lazy\" src=\"http:\/\/www.youtube.com\/embed\/Nf_ZFFcRDlA\" frameborder=\"0\" width=\"560\" height=\"315\"><\/iframe><\/p>\n<p><em>Pour plus de d\u00e9tails, APRODEC asbl tiendra une conf\u00e9rence de presse suivie d&#8217;un d\u00e9bat, le mercredi 21 mars 2012 \u00e0 11heures, \u00e0 l&#8217;horloge du Sud, rue du tr\u00f4ne n\u00b0 141, 1050 Bruxelles (angle avec chauss\u00e9e de Wavre).<\/em><\/p>\n<p><strong>CONTACT<\/strong><br \/>\nL&#8217;APRODEC asbl : N\u00b0 d\u2019entreprise (Moniteur Belge) 891.074.266<br \/>\nSi\u00e8ge social : Rue des V\u00e9t\u00e9rinaires, 89 Bo\u00eete 3-1070 Anderlecht (Belgique)<\/p>\n<p>T\u00e9l\/Fax : 0032.484.925.836<br \/>\nE-mail : aprodecasbl@gmail.com<br \/>\nBlog : http:\/\/aprodec.blog4ever.com\/<br \/>\nProfil facebook: http:\/\/facebook.com\/aprodecasbl\/<br \/>\nE-mail: aprodecasbl@facebook.com<\/p>\n<p>DONS<br \/>\nLes dons \u00e0 l&#8217;ASBL APRODEC peuvent \u00eatre vers\u00e9s conform\u00e9ment \u00e0 l&#8217;article 10 des statuts sur le compte de l&#8217;association :<br \/>\nDelta Lloyd Bank: 132-5334362-82 IBAN: BE25132533436282 BIC: BNAGBEBB\t\t<\/p>\n","protected":false},"excerpt":{"rendered":"<p>&#8220;Les \u00e9lections congolaises du 28 novembre 2011 vont bient\u00f4t s&#8217;inviter devant la justice belge: Aprodec (Association pour la Promotion de la D\u00e9mocratie et du D\u00e9veloppement de la R\u00e9publique D\u00e9mocratique du Congo) asbl de Belgique a d\u00e9cid\u00e9 de tra\u00eener le gouvernement belge en justice pour son implication dans la fraude \u00e9lectorale qui a permis \u00e0 monsieur [&hellip;]<\/p>\n","protected":false},"author":1,"featured_media":2436,"comment_status":"open","ping_status":"open","sticky":false,"template":"","format":"standard","meta":{"_acf_changed":false,"content-type":"","footnotes":""},"categories":[167,122,124],"tags":[],"class_list":["post-2435","post","type-post","status-publish","format-standard","has-post-thumbnail","hentry","category-belgique","category-news-alertes","category-politique-societe"],"acf":[],"_links":{"self":[{"href":"https:\/\/congolobilelo.com\/IN\/wp-json\/wp\/v2\/posts\/2435","targetHints":{"allow":["GET"]}}],"collection":[{"href":"https:\/\/congolobilelo.com\/IN\/wp-json\/wp\/v2\/posts"}],"about":[{"href":"https:\/\/congolobilelo.com\/IN\/wp-json\/wp\/v2\/types\/post"}],"author":[{"embeddable":true,"href":"https:\/\/congolobilelo.com\/IN\/wp-json\/wp\/v2\/users\/1"}],"replies":[{"embeddable":true,"href":"https:\/\/congolobilelo.com\/IN\/wp-json\/wp\/v2\/comments?post=2435"}],"version-history":[{"count":0,"href":"https:\/\/congolobilelo.com\/IN\/wp-json\/wp\/v2\/posts\/2435\/revisions"}],"wp:featuredmedia":[{"embeddable":true,"href":"https:\/\/congolobilelo.com\/IN\/wp-json\/"}],"wp:attachment":[{"href":"https:\/\/congolobilelo.com\/IN\/wp-json\/wp\/v2\/media?parent=2435"}],"wp:term":[{"taxonomy":"category","embeddable":true,"href":"https:\/\/congolobilelo.com\/IN\/wp-json\/wp\/v2\/categories?post=2435"},{"taxonomy":"post_tag","embeddable":true,"href":"https:\/\/congolobilelo.com\/IN\/wp-json\/wp\/v2\/tags?post=2435"}],"curies":[{"name":"wp","href":"https:\/\/api.w.org\/{rel}","templated":true}]}}