{"id":2342,"date":"2012-03-06T17:24:48","date_gmt":"2012-03-06T17:24:48","guid":{"rendered":"http:\/\/www.ingeta.com\/?p=2342"},"modified":"2012-03-06T17:24:48","modified_gmt":"2012-03-06T17:24:48","slug":"expulsion-de-20-refugies-congolais-en-belgique-certains-risquent-de-se-faire-arreter-ou-assassiner-en-rdc","status":"publish","type":"post","link":"https:\/\/congolobilelo.com\/IN\/expulsion-de-20-refugies-congolais-en-belgique-certains-risquent-de-se-faire-arreter-ou-assassiner-en-rdc\/","title":{"rendered":"Expulsion de 20 r\u00e9fugi\u00e9s congolais en Belgique: &#8220;Certains risquent de se faire arr\u00eater ou assassiner en RDC&#8221;"},"content":{"rendered":"<p>\t\t\t\t<em>Source: <a href=\"http:\/\/www.levif.be\/info\/belga-generique\/expulsion-de-20-refugies-congolais-du-centre-127-bis-de-steenokkerzeel\/article-4000060253241.htm#\">Belga<\/a>. Publi\u00e9 le mardi 06 mars 2012 \u00e0 14h17.<\/em><\/p>\n<p><strong>Vingt r\u00e9fugi\u00e9s congolais qui se trouvent actuellement au centre 127 bis de Steenokkerzeel seront expuls\u00e9s mardi sur un vol militaire pour Kinshasa. Parmi eux se trouvent plusieurs opposants au pr\u00e9sident congolais Joseph Kabila dont certains ont \u00e9t\u00e9 arr\u00eat\u00e9s durant des manifestations \u00e0 Matonge en d\u00e9cembre dernier.<\/strong><\/p>\n<p>Selon le CRER (Coordination contre les Rafles, les Expulsions et pour la R\u00e9gularisation), certains de ces Congolais sont recherch\u00e9s en RDC et risquent de se faire arr\u00eater ou assassiner \u00e0 leur arriv\u00e9e \u00e0 Kinshasa. D&#8217;autres sont \u00e9galement en danger car ils ont \u00e9t\u00e9 interpell\u00e9s lors des manifestations d&#8217;opposition \u00e0 Kabila \u00e0 Matonge au moment des \u00e9lections congolaises. <\/p>\n<p>Le CRER d\u00e9nonce une op\u00e9ration &#8220;internationale&#8221; dans la mesure o\u00f9 certaines de ces personnes ont \u00e9t\u00e9 transf\u00e9r\u00e9es des diff\u00e9rents centres ferm\u00e9s belges, mais aussi des Pays-Bas. La plupart ont d\u00e9j\u00e0 subi des tentatives d&#8217;expulsion. Une manifestation de soutien aux 20 Congolais en voie d&#8217;expulsion aura lieu \u00e0 14h devant l&#8217;Office des Etrangers situ\u00e9 chauss\u00e9e d&#8217;Anvers. Son objectif est de demander l&#8217;annulation de toute expulsion de citoyens congolais tant que le respect de droits de l&#8217;homme ne sera pas garanti en RDC. (MUA) \t\t<\/p>\n","protected":false},"excerpt":{"rendered":"<p>Source: Belga. Publi\u00e9 le mardi 06 mars 2012 \u00e0 14h17. Vingt r\u00e9fugi\u00e9s congolais qui se trouvent actuellement au centre 127 bis de Steenokkerzeel seront expuls\u00e9s mardi sur un vol militaire pour Kinshasa. Parmi eux se trouvent plusieurs opposants au pr\u00e9sident congolais Joseph Kabila dont certains ont \u00e9t\u00e9 arr\u00eat\u00e9s durant des manifestations \u00e0 Matonge en d\u00e9cembre [&hellip;]<\/p>\n","protected":false},"author":1,"featured_media":2343,"comment_status":"open","ping_status":"open","sticky":false,"template":"","format":"standard","meta":{"_acf_changed":false,"content-type":"","footnotes":""},"categories":[167,116,122,124],"tags":[],"class_list":["post-2342","post","type-post","status-publish","format-standard","has-post-thumbnail","hentry","category-belgique","category-manifs","category-news-alertes","category-politique-societe"],"acf":[],"_links":{"self":[{"href":"https:\/\/congolobilelo.com\/IN\/wp-json\/wp\/v2\/posts\/2342","targetHints":{"allow":["GET"]}}],"collection":[{"href":"https:\/\/congolobilelo.com\/IN\/wp-json\/wp\/v2\/posts"}],"about":[{"href":"https:\/\/congolobilelo.com\/IN\/wp-json\/wp\/v2\/types\/post"}],"author":[{"embeddable":true,"href":"https:\/\/congolobilelo.com\/IN\/wp-json\/wp\/v2\/users\/1"}],"replies":[{"embeddable":true,"href":"https:\/\/congolobilelo.com\/IN\/wp-json\/wp\/v2\/comments?post=2342"}],"version-history":[{"count":0,"href":"https:\/\/congolobilelo.com\/IN\/wp-json\/wp\/v2\/posts\/2342\/revisions"}],"wp:featuredmedia":[{"embeddable":true,"href":"https:\/\/congolobilelo.com\/IN\/wp-json\/"}],"wp:attachment":[{"href":"https:\/\/congolobilelo.com\/IN\/wp-json\/wp\/v2\/media?parent=2342"}],"wp:term":[{"taxonomy":"category","embeddable":true,"href":"https:\/\/congolobilelo.com\/IN\/wp-json\/wp\/v2\/categories?post=2342"},{"taxonomy":"post_tag","embeddable":true,"href":"https:\/\/congolobilelo.com\/IN\/wp-json\/wp\/v2\/tags?post=2342"}],"curies":[{"name":"wp","href":"https:\/\/api.w.org\/{rel}","templated":true}]}}