{"id":2337,"date":"2012-03-05T11:50:43","date_gmt":"2012-03-05T11:50:43","guid":{"rendered":"http:\/\/www.ingeta.com\/?p=2337"},"modified":"2012-03-05T11:50:43","modified_gmt":"2012-03-05T11:50:43","slug":"notre-lutte-nos-allies-et-les-autres","status":"publish","type":"post","link":"https:\/\/congolobilelo.com\/IN\/notre-lutte-nos-allies-et-les-autres\/","title":{"rendered":"Notre lutte, nos  alli\u00e9s et  les autres"},"content":{"rendered":"<p>\t\t\t\t<em>Par Jean-Pierre Mbelu.<\/em><\/p>\n<p><strong>Notre pays dispose des mati\u00e8res premi\u00e8res cruciales. Cela en fait la proie des seigneurs de la guerre et des multinationales. Le capitalisme \u00e9conomico-financier et le capitalo-parlementarisme qu\u2019il g\u00e9n\u00e8re entretiennent le syst\u00e8me de pr\u00e9dation et la mort qu\u2019il g\u00e9n\u00e8re. Le capitalisme \u00e9conomico-financer \u00e9tant globalis\u00e9, notre lutte doit, elle aussi, se globaliser : elle a besoin des alli\u00e9s mondiaux s\u00fbrs. A l\u2019Est et ailleurs dans notre pays, elle est trahie par l\u2019ONU. Celle-ci est instrumentalis\u00e9e par les ex-grandes puissances recourant \u00e0 ses r\u00e9solutions pour \u00e9craser les petits pays et les piller au nom de \u00ab la d\u00e9mocratie \u00bb et des \u00ab droits de l\u2019homme \u00bb.<br \/>\n<\/strong><br \/>\nLa guerre d\u2019agression contre notre pays prend du temps. A l\u2019Est, les compatriotes ne savent toujours pas \u00e0 quel saint se vouer. Massacres, viols, vols, traitements d\u00e9gradants deviennent monnaie courante. Les mascarades \u00e9lectorales se succ\u00e8dent et se ressemblent : elles n\u2019apportent aucune solution structurelle \u00e0 la mis\u00e8re anthropologique de nos populations. La culture de la machette s\u2019installe de plus en plus dans la capitale Congolaise. L\u2019ensauvagement devient de plus en plus un principe de gestion du pays adopt\u00e9 par les marionnettes des multinationales et des partis politiques traditionnels de l\u2019Occident. De gauche comme de droite. Le cirque politique jou\u00e9 par les adeptes du syst\u00e8me n\u00e9olib\u00e9ral au Nord du monde a des incidences catastrophiques au Sud en g\u00e9n\u00e9ral et dans notre pays en particulier.<\/p>\n<p>Pour rappel, le Congo, notre beau et grand pays dispose de cinq ressources min\u00e9rales cruciales : le coltan, les diamants, le cuivre, le cobalt et l\u2019or. Le p\u00e9trole, le soleil et l\u2019eau peuvent \u00eatre ajout\u00e9s \u00e0 ces cinq. Celui qui les poss\u00e8de en permanence dirige le monde. Telle est l\u2019ambition du capitalisme global que servent les diff\u00e9rents chefs de guerre tapis au Rwanda, en Ouganda, au Burundi, au Kenya, en Tanzanie, \u00e0 Kinshasa, \u00e0 Walungu, \u00e0 Beni-Lubero, etc. A cause de ces mati\u00e8res premi\u00e8res cruciales, \u00ab depuis la chute de Mobutu, le Congo n\u2019existe plus comme un Etat op\u00e9rationnel unifi\u00e9, surtout dans sa partie orientales, une multiplicit\u00e9 de territoires sous la coupe de chefs de guerre locaux qui d\u00e9fendent leur pr\u00e9-carr\u00e9 (\u2026). Chaque chef de guerre entretient des liens commerciaux avec une compagnie ou une firme \u00e9trang\u00e8re qui exploite la plupart des richesses mini\u00e8res de la r\u00e9gion. Cet arrangement convient aux deux parties : la firme obtient les droits miniers sans taxes ou autres tracasseries, le chef de guerre s\u2019enrichit.[1] \u00bb Les chefs de guerre qui s\u2019enrichissent \u00e0 l\u2019Est de notre pays ont leurs relais \u00e0 Kinshasa, au \u00ab gouvernement central \u00bb. Ces relais entretiennent l\u2019ensauvagement de notre pays en recourant au service des \u00ab Pomba \u00bb ou des \u00ab Kuluna \u00bb. Ils sont eux-m\u00eames des \u00ab Kuluna en cravate \u00bb.<\/p>\n<p>Le capitalisme global tirant profit de cette situation d\u2019ensauvagement g\u00e9n\u00e9ralis\u00e9 de notre pays est transnational. Ceci est important \u00e0 savoir. Ce capitalisme est \u00e0 la fois russe, chinois, \u00e9tasunien, europ\u00e9en, africain, etc. Lui trouver un syst\u00e8me alternatif est indispensable. Comment devrions-nous proc\u00e9der au niveau local, national, supranational et transnational ?<\/p>\n<p>A tous ces niveaux, nous avons besoin d\u2019une bonne ma\u00eetrise de son fonctionnement et de ses relais. Nous avons aussi besoin d\u2019alli\u00e9s op\u00e9rant au niveau local, national, supranational et transnational \u00e0 travers le monde entier.<\/p>\n<p>Ayant beaucoup souffert des affres du capitalisme globalis\u00e9, nous avons tendance \u00e0 nous replier sur nous-m\u00eames et \u00e0 devenir sourds aux alli\u00e9s possibles de notre sous-r\u00e9gion et m\u00eame du monde entier. Ayant \u00e9t\u00e9 tourn\u00e9s en bourriques par certains ressortissants des pays voisins ayant profit\u00e9 de notre hospitalit\u00e9, nous avons tendance \u00e0 \u00e9riger la m\u00e9fiance en principe de gestion de nos relations avec les tiers. Cette m\u00e9fiance nous marque tellement que nous soup\u00e7onnons rapidement la pr\u00e9sence des \u00ab collabos \u00bb au sein de notre propre communaut\u00e9. A tort ou \u00e0 raison. C\u2019est vrai. Nous devons demeurer sages et prudents.<\/p>\n<p>M\u00eame si certains contacts prouvent de plus en plus qu\u2019\u00e0 travers le monde entier, nous avons des alli\u00e9s. Prenons quelques exemples. Comment nos compatriotes qui ont tourn\u00e9 le documentaire sur \u00ab le conflit au Congo. La v\u00e9rit\u00e9 d\u00e9voil\u00e9 \u00bb ont-ils pu faire pour arracher des professeurs d\u2019universit\u00e9 Am\u00e9ricains les v\u00e9rit\u00e9s qu\u2019ils ont pu obtenir sur l\u2019implication de leur pays dans la guerre d\u2019agression que le n\u00f4tre conna\u00eet depuis 1996 ? Les sous que Thierry Michel pourrait r\u00e9colter en projetant son documentaire sur l\u2019assassinant de l\u2019activiste des droits de l\u2019homme Congolais Floribert Chebeya (\u00e0 travers l\u2019Europe et le Congo) suffisent-ils pour justifier son engagement de cin\u00e9aste dans \u00ab la jungle Congolais \u00bb ? Comment pourrons-nous expliquer la pr\u00e9sentation de la situation catastrophique que traverse notre pays au Parlement Europ\u00e9en par l\u2019ASBL Belge \u00ab Rencontre et Paix \u00bb le 31 janvier 2012 ? (Cette pr\u00e9sentation avait \u00e9t\u00e9 faite avec une grande expertise et beaucoup de ma\u00eetrise par les membres de Rencontre et Paix.) Nous pouvons multiplier ces exemples de prise de parole ou de parole partag\u00e9e avec des citoyens et des citoyennes du monde \u00e9pris de solidarit\u00e9, de fraternit\u00e9, d\u2019\u00e9galit\u00e9, de libert\u00e9 et de respect de la dignit\u00e9 humaine par-del\u00e0 les diff\u00e9rences raciales, philosophiques, religieuses, culturelles ou id\u00e9ologiques. Le constat est que nous, Congolais(es), ne nous battons pas seuls. M\u00eame si nous sommes les premiers concern\u00e9s par cette lutte trop exigeante. Elle nous demandera que nous soyons toujours dispos\u00e9s \u00e0 l\u2019\u00e9valuer du point de vue des r\u00e9sultats obtenus, de l\u2019organisation ayant permis ces r\u00e9sultats, des faiblesses n\u2019ayant pas permis que nous puissions engranger un peu plus que ce que nous avons obtenu et de notre capacit\u00e9 de nous remettre en question pour repartir du bon pied aux c\u00f4t\u00e9s des alli\u00e9s s\u00fbrs.<\/p>\n<p>Nous aurions tout \u00e0 gagner en ayant certains des dignes filles et fils de notre pays et ces alli\u00e9s au sein des institutions dont ils peuvent infl\u00e9chir, petit \u00e0 petit, contre vents et mar\u00e9es, la politique que de lutter seuls dans la rue. Oui. La rue a fait et continue \u00e0 faire ses preuves. Mais les transformations structurelles partent du c\u0153ur des institutions. Trouver des liens permanents entre la rue et les institutions demeure un d\u00e9fi que nous aurons sans cesse \u00e0 relever. De l\u2019entretien performant de ce lien pourrait d\u00e9pendre le reste de notre lutte.<\/p>\n<p>A ce point nomm\u00e9, nous ne devrions pas beaucoup nous leurrer : nous ne sommes pas les seuls \u00e0 crier dans la rue notre ras-le-bol contre le n\u00e9olib\u00e9ralisme et ses valets. A New York, \u00e0 Londres, \u00e0 Madrid, \u00e0 Ath\u00e8nes, \u00e0 Paris, \u00e0 Bruxelles, \u00e0 Ath\u00e8nes, etc. des indign\u00e9s se l\u00e8vent. Il serait souhaitable que nous soyons attentifs au traitement qui leur est r\u00e9serv\u00e9 et \u00e0 leur mani\u00e8re de poser les questions qu\u2019ils abordent. Cela pourrait nous rendre un peu plus r\u00e9alistes. Car, les marionnettes de nos pays ob\u00e9issent, souvent, aux ordres de leurs parrains qui, aujourd\u2019hui, sont en train de mater les rues de chez eux sans m\u00e9nagement.<\/p>\n<p>Dans nos strat\u00e9gies de lutte, le d\u00e9passement des clivages politiques, raciaux, philosophiques et id\u00e9ologiques pourrait nous aider \u00e0 rejoindre \u00ab nos alli\u00e9s naturels \u00bb dans les rues de chez eux pour entrevoir ensemble notre commune capacit\u00e9 de recr\u00e9er un autre vivre-ensemble mondial.<br \/>\nQue nous le voulions ou pas, le monde est en train de devenir polycentrique. L\u2019une des d\u00e9monstrations a \u00e9t\u00e9 donn\u00e9e par le dernier veto impos\u00e9 par l\u2019axe Russie-Chine au Conseil de s\u00e9curit\u00e9 sur la question syrienne.<\/p>\n<p>Malheureusement, les r\u00e8gles d\u00e9finissant la gestion d\u2019un monde polycentrique n\u2019ont pas encore \u00e9t\u00e9 clairement d\u00e9finies par l\u2019ONU. (Chez nous, elle donne suffisamment de preuves de son instrumentalisation par les ex-grandes puissances.) Les ex-grandes puissances font comme si elles ne se rendaient pas compte que le monde devient de plus en plus polycentrique. Ils s\u2019en prennent aux petits pays (comme le n\u00f4tre) qu\u2019ils \u00e9crasent au nom de \u00ab la d\u00e9mocratie \u00bb et des \u00ab droits de l\u2019homme \u00bb pour entretenir l\u2019illusion d\u2019\u00eatre toujours les gendarmes du monde. Et certains de ces petits pays enferm\u00e9s dans l\u2019obscurantisme et l\u2019ignorance les croient.<\/p>\n<p>Dans ce contexte, les minorit\u00e9s organis\u00e9es et agissantes ont le devoir civique de rester attentives au devenir polycentrique du monde pour en tirer toutes les cons\u00e9quences possibles et imaginables avec les alli\u00e9s attach\u00e9s \u00e0 un autre monde possible.<\/p>\n<p>\u00ab Mwena bwebe wabuamba bikole, nanku bena panshi pakuambilabu \u00bb, chantent les Bayuda du Congo. Cela veut dire que si nous ne plaidons pas nous-m\u00eames notre cause, nous n\u2019aurons pas d\u2019alli\u00e9s. Dieu merci ! Nos diff\u00e9rentes mobilisations et la rue sont en train d\u2019aider nos possibles alli\u00e9s \u00e0 comprendre et \u00e0 d\u00e9fendre notre cause commune : la lutte contre le capitalisme \u00e9conomico-financier et le capitalo-parlementarisme qu\u2019il g\u00e9n\u00e8re. Cette lutte est Congolaise. Mais elle est en train devenir mondiale. Le circus politicus[2] occidental va \u00eatre, dans les mois et les ann\u00e9es \u00e0 venir, une circonstance aggravante. (A Bayonne, le candidat \u00e0 la pr\u00e9sidentielle en France, Nicolas Sarkozy, \u00ab le pr\u00e9sident des riches \u00bb a \u00e9t\u00e9 accueilli par le jet d\u2019\u0153ufs. Il a d\u00fb se replier dans un bar !) Nous, Congolais et Congolaises, ne boudons pas notre plaisir quand il nous faut rejoindre \u00ab nos alli\u00e9s naturels \u00bb dans notre lutte commune.<\/p>\n<p>&#8212;&#8212;&#8212;&#8212;&#8212;&#8212;&#8212;&#8212;&#8212;&#8211;<br \/>\n[1] S. ZIZEK, Vivre la fin des temps, Paris, Flammarion, 2011, p. 232.<br \/>\n[2] Lire \u00e0 ce sujet deux livres suffisamment importants pour comprendre tant soit peu la question. Il s\u2019agit de C. DELOIRE et C. DUBOIS, Circus politicus, Paris, Albin Michel 2012 et M. COLLON, Les 7 p\u00e9ch\u00e9s d\u2019Hugo Chavez, Bruxelles, Investig\u2019Action, 2009.\t\t<\/p>\n","protected":false},"excerpt":{"rendered":"<p>Par Jean-Pierre Mbelu. Notre pays dispose des mati\u00e8res premi\u00e8res cruciales. Cela en fait la proie des seigneurs de la guerre et des multinationales. Le capitalisme \u00e9conomico-financier et le capitalo-parlementarisme qu\u2019il g\u00e9n\u00e8re entretiennent le syst\u00e8me de pr\u00e9dation et la mort qu\u2019il g\u00e9n\u00e8re. Le capitalisme \u00e9conomico-financer \u00e9tant globalis\u00e9, notre lutte doit, elle aussi, se globaliser : elle [&hellip;]<\/p>\n","protected":false},"author":1,"featured_media":2338,"comment_status":"open","ping_status":"open","sticky":false,"template":"","format":"standard","meta":{"_acf_changed":false,"content-type":"","footnotes":""},"categories":[107,124],"tags":[],"class_list":["post-2337","post","type-post","status-publish","format-standard","has-post-thumbnail","hentry","category-analyses-commentaires","category-politique-societe"],"acf":[],"_links":{"self":[{"href":"https:\/\/congolobilelo.com\/IN\/wp-json\/wp\/v2\/posts\/2337","targetHints":{"allow":["GET"]}}],"collection":[{"href":"https:\/\/congolobilelo.com\/IN\/wp-json\/wp\/v2\/posts"}],"about":[{"href":"https:\/\/congolobilelo.com\/IN\/wp-json\/wp\/v2\/types\/post"}],"author":[{"embeddable":true,"href":"https:\/\/congolobilelo.com\/IN\/wp-json\/wp\/v2\/users\/1"}],"replies":[{"embeddable":true,"href":"https:\/\/congolobilelo.com\/IN\/wp-json\/wp\/v2\/comments?post=2337"}],"version-history":[{"count":0,"href":"https:\/\/congolobilelo.com\/IN\/wp-json\/wp\/v2\/posts\/2337\/revisions"}],"wp:featuredmedia":[{"embeddable":true,"href":"https:\/\/congolobilelo.com\/IN\/wp-json\/"}],"wp:attachment":[{"href":"https:\/\/congolobilelo.com\/IN\/wp-json\/wp\/v2\/media?parent=2337"}],"wp:term":[{"taxonomy":"category","embeddable":true,"href":"https:\/\/congolobilelo.com\/IN\/wp-json\/wp\/v2\/categories?post=2337"},{"taxonomy":"post_tag","embeddable":true,"href":"https:\/\/congolobilelo.com\/IN\/wp-json\/wp\/v2\/tags?post=2337"}],"curies":[{"name":"wp","href":"https:\/\/api.w.org\/{rel}","templated":true}]}}