{"id":2265,"date":"2012-02-29T08:20:43","date_gmt":"2012-02-29T08:20:43","guid":{"rendered":"http:\/\/www.ingeta.com\/?p=2265"},"modified":"2012-02-29T08:20:43","modified_gmt":"2012-02-29T08:20:43","slug":"belgique-la-commune-dixelles-envoie-des-amendes-salees-aux-congolais","status":"publish","type":"post","link":"https:\/\/congolobilelo.com\/IN\/belgique-la-commune-dixelles-envoie-des-amendes-salees-aux-congolais\/","title":{"rendered":"Belgique: La commune d&#8217;Ixelles envoie des amendes sal\u00e9es aux Congolais"},"content":{"rendered":"<p>\t\t\t\t<em>Par <a href=\"http:\/\/www.cheikfitanews.net\/article-la-commune-d-ixelles-envoie-des-amendes-salees-a-plusieurs-congolais-100371081.html\">Cheik Fita<\/a>.<\/em><\/p>\n<p><em><strong>Plusieurs congolais de Belgique ont eu ces derniers jours la d\u00e9sagr\u00e9able surprise de recevoir dans leurs bo\u00eetes aux lettres une amende leur adress\u00e9e par la commune d&#8217;Ixelles, suite \u00e0 leur participation \u00e0 des manifestations dans le quartier de Matonge fin 2011.<\/strong><\/em><\/p>\n<p><iframe loading=\"lazy\" src=\"http:\/\/www.youtube.com\/embed\/2BsN8u75Xdo\" frameborder=\"0\" width=\"560\" height=\"315\"><\/iframe><\/p>\n<p>Lors de la proclamation en d\u00e9cembre 2011 des r\u00e9sultats de la pr\u00e9sidentielle congolaise, des centaines des congolais \u00e9taient spontan\u00e9ment descendus dans la rue \u00e0 Bruxelles, dans le quartier Matonge. Durant plusieurs jours, il y eut des manifestations contre le hold-up \u00e9lectoral. Ces manifestations \u00e9taient r\u00e9prim\u00e9es violemment par la police, provoquant parfois des r\u00e9actions des congolais.<\/p>\n<p>C&#8217;est seulement maintenant que la commune d&#8217;Ixelles a envoy\u00e9 des amendes \u00e0 la plupart de ceux qui \u00e9taient arr\u00eat\u00e9s. Les concern\u00e9s se sont ligu\u00e9s et ont contact\u00e9 Me Mukendi pour leur d\u00e9fense.<\/p>\n<p><iframe loading=\"lazy\" width=\"560\" height=\"315\" src=\"http:\/\/www.youtube.com\/embed\/rqf7OVx1X7A\" frameborder=\"0\" allowfullscreen><\/iframe><\/p>\n<p>Faut-il rappeler que plusieurs commerces dans le quartier Matonge de Bruxelles ne doivent leur prosp\u00e9rit\u00e9 qu&#8217;au flot impressionnant des visiteurs congolais en provenance du monde entier?<\/p>\n<p>Faisant un parall\u00e8le entre cette action de la commune d&#8217;Ixelles et le jusqu&#8217;auboutisme monsieur Reynders, ministre belge des affaires \u00e9trang\u00e8res d&#8217;aller au Congo, des associations de la communaut\u00e9 congolaise ont d\u00e9cid\u00e9 d&#8217;organiser des sit-in dont certains devant le minist\u00e8re belge des affaires \u00e9trang\u00e8res.<\/p>\n<p>La Belgique officielle est le seul pays occidental \u00e0 naviguer \u00e0 contre-courant du toll\u00e9 g\u00e9n\u00e9ral contre les \u00e9lections b\u00e2cl\u00e9es de la RD Congo.<\/p>\n<p>Ce qui ne contribue pas \u00e0 calmer la col\u00e8re de la communaut\u00e9 congolaise,en Belgique et dans d&#8217;autres pays du monde. Premier rendez-vous: <a href=\"http:\/\/www.ingeta.com\/belgique-action-stop-reynders-au-congo-le-2-mars-a-bruxelles\/\">Vendredi 2 mars 2012 de 15h00 \u00e0 18h00 devant la statue de L\u00e9opold II<\/a>, en diagonale de la sortie du m\u00e9tro Tr\u00f4ne.<\/p>\n<p>Et d\u00e8s la semaine du 6 mars, des sit-in devant le minist\u00e8re belge des affaires \u00e9trang\u00e8res.\t\t<\/p>\n","protected":false},"excerpt":{"rendered":"<p>Par Cheik Fita. Plusieurs congolais de Belgique ont eu ces derniers jours la d\u00e9sagr\u00e9able surprise de recevoir dans leurs bo\u00eetes aux lettres une amende leur adress\u00e9e par la commune d&#8217;Ixelles, suite \u00e0 leur participation \u00e0 des manifestations dans le quartier de Matonge fin 2011. Lors de la proclamation en d\u00e9cembre 2011 des r\u00e9sultats de la [&hellip;]<\/p>\n","protected":false},"author":1,"featured_media":2266,"comment_status":"open","ping_status":"open","sticky":false,"template":"","format":"standard","meta":{"_acf_changed":false,"content-type":"","footnotes":""},"categories":[167,116,122,124],"tags":[],"class_list":["post-2265","post","type-post","status-publish","format-standard","has-post-thumbnail","hentry","category-belgique","category-manifs","category-news-alertes","category-politique-societe"],"acf":[],"_links":{"self":[{"href":"https:\/\/congolobilelo.com\/IN\/wp-json\/wp\/v2\/posts\/2265","targetHints":{"allow":["GET"]}}],"collection":[{"href":"https:\/\/congolobilelo.com\/IN\/wp-json\/wp\/v2\/posts"}],"about":[{"href":"https:\/\/congolobilelo.com\/IN\/wp-json\/wp\/v2\/types\/post"}],"author":[{"embeddable":true,"href":"https:\/\/congolobilelo.com\/IN\/wp-json\/wp\/v2\/users\/1"}],"replies":[{"embeddable":true,"href":"https:\/\/congolobilelo.com\/IN\/wp-json\/wp\/v2\/comments?post=2265"}],"version-history":[{"count":0,"href":"https:\/\/congolobilelo.com\/IN\/wp-json\/wp\/v2\/posts\/2265\/revisions"}],"wp:featuredmedia":[{"embeddable":true,"href":"https:\/\/congolobilelo.com\/IN\/wp-json\/"}],"wp:attachment":[{"href":"https:\/\/congolobilelo.com\/IN\/wp-json\/wp\/v2\/media?parent=2265"}],"wp:term":[{"taxonomy":"category","embeddable":true,"href":"https:\/\/congolobilelo.com\/IN\/wp-json\/wp\/v2\/categories?post=2265"},{"taxonomy":"post_tag","embeddable":true,"href":"https:\/\/congolobilelo.com\/IN\/wp-json\/wp\/v2\/tags?post=2265"}],"curies":[{"name":"wp","href":"https:\/\/api.w.org\/{rel}","templated":true}]}}