{"id":2262,"date":"2012-02-29T08:10:07","date_gmt":"2012-02-29T08:10:07","guid":{"rendered":"http:\/\/www.ingeta.com\/?p=2262"},"modified":"2012-02-29T08:10:07","modified_gmt":"2012-02-29T08:10:07","slug":"belgique-action-stop-reynders-au-congo-le-2-mars-a-bruxelles","status":"publish","type":"post","link":"https:\/\/congolobilelo.com\/IN\/belgique-action-stop-reynders-au-congo-le-2-mars-a-bruxelles\/","title":{"rendered":"Belgique: Action &#8220;Stop Reynders au Congo&#8221;, le 2 mars \u00e0 Bruxelles"},"content":{"rendered":"<p>\t\t\t\t&nbsp;<\/p>\n<p>&nbsp;<\/p>\n<p><strong>Date:<\/strong><br \/>\nVendredi 2 mars 2012.<\/p>\n<p><strong>Lieu de rassemblement:<\/strong><br \/>\nDevant la statue de L\u00e9opold II, en diagonale de la sortie du m\u00e9tro Tr\u00f4ne \u00e0 Bruxelles.<br \/>\n<strong><br \/>\nHeure: <\/strong><br \/>\nde 15h \u00e0 18h.<\/p>\n<p><strong>Contact:<\/strong><br \/>\nJoe Mbeka: 0486 855 392<\/p>\n<p>&nbsp;<\/p>\n<p>Parce que le ministre belge des affaires \u00e9trang\u00e8res et europ\u00e9ennes, Didier Reynders exprime le n\u00e9ocoloniasme qui veut continuer sa main-mise sur le Congo, Rendez-vous \u00e0 tous les Congolais, ce vendredi 2 mars \u00e0 15h devant la statue de L\u00e9opold II, \u00e0 Bruxelles pour un sit-in de 15h \u00e0 18h. Venons dire aux belges qu\u2019ils ne peuvent pas apporter leur appui \u00e0 un r\u00e9gime totalitaire sanguin et tricheur.\t\t<\/p>\n","protected":false},"excerpt":{"rendered":"<p>&nbsp; &nbsp; Date: Vendredi 2 mars 2012. Lieu de rassemblement: Devant la statue de L\u00e9opold II, en diagonale de la sortie du m\u00e9tro Tr\u00f4ne \u00e0 Bruxelles. Heure: de 15h \u00e0 18h. Contact: Joe Mbeka: 0486 855 392 &nbsp; Parce que le ministre belge des affaires \u00e9trang\u00e8res et europ\u00e9ennes, Didier Reynders exprime le n\u00e9ocoloniasme qui veut [&hellip;]<\/p>\n","protected":false},"author":1,"featured_media":2263,"comment_status":"open","ping_status":"open","sticky":false,"template":"","format":"standard","meta":{"_acf_changed":false,"content-type":"","footnotes":""},"categories":[167,108,116,122,124],"tags":[],"class_list":["post-2262","post","type-post","status-publish","format-standard","has-post-thumbnail","hentry","category-belgique","category-evenements","category-manifs","category-news-alertes","category-politique-societe"],"acf":[],"_links":{"self":[{"href":"https:\/\/congolobilelo.com\/IN\/wp-json\/wp\/v2\/posts\/2262","targetHints":{"allow":["GET"]}}],"collection":[{"href":"https:\/\/congolobilelo.com\/IN\/wp-json\/wp\/v2\/posts"}],"about":[{"href":"https:\/\/congolobilelo.com\/IN\/wp-json\/wp\/v2\/types\/post"}],"author":[{"embeddable":true,"href":"https:\/\/congolobilelo.com\/IN\/wp-json\/wp\/v2\/users\/1"}],"replies":[{"embeddable":true,"href":"https:\/\/congolobilelo.com\/IN\/wp-json\/wp\/v2\/comments?post=2262"}],"version-history":[{"count":0,"href":"https:\/\/congolobilelo.com\/IN\/wp-json\/wp\/v2\/posts\/2262\/revisions"}],"wp:featuredmedia":[{"embeddable":true,"href":"https:\/\/congolobilelo.com\/IN\/wp-json\/"}],"wp:attachment":[{"href":"https:\/\/congolobilelo.com\/IN\/wp-json\/wp\/v2\/media?parent=2262"}],"wp:term":[{"taxonomy":"category","embeddable":true,"href":"https:\/\/congolobilelo.com\/IN\/wp-json\/wp\/v2\/categories?post=2262"},{"taxonomy":"post_tag","embeddable":true,"href":"https:\/\/congolobilelo.com\/IN\/wp-json\/wp\/v2\/tags?post=2262"}],"curies":[{"name":"wp","href":"https:\/\/api.w.org\/{rel}","templated":true}]}}