{"id":2247,"date":"2012-02-27T15:45:07","date_gmt":"2012-02-27T15:45:07","guid":{"rendered":"http:\/\/www.ingeta.com\/?p=2247"},"modified":"2012-02-27T15:45:07","modified_gmt":"2012-02-27T15:45:07","slug":"la-monusco-les-chancelleries-occidentales-et-les-libertes-fondamentales","status":"publish","type":"post","link":"https:\/\/congolobilelo.com\/IN\/la-monusco-les-chancelleries-occidentales-et-les-libertes-fondamentales\/","title":{"rendered":"La Monusco, les chancelleries occidentales et  les libert\u00e9s fondamentales"},"content":{"rendered":"<p>\t\t\t\t<em>Par Jean-Pierre Mbelu.<\/em><\/p>\n<p><em><strong>Une analyse assez pouss\u00e9e des derniers d\u00e9veloppements de l\u2019actualit\u00e9 de notre pays nous pousse \u00e0 croire davantage qu\u2019il y a une redistribution des r\u00f4les entre les diff\u00e9rents acteurs impliqu\u00e9s dans la guerre d\u2019agression qui nous est livr\u00e9e depuis 1996. Cette guerre est l\u2019une des strat\u00e9gies de la superclasse mondiale d\u00e9cid\u00e9e \u00e0 gouverner contre les peuples. Comprendre cela peut rendre efficaces nos actions \u00e9mancipatrices de sa politique oppressive.<\/strong><\/em><\/p>\n<p><img loading=\"lazy\" decoding=\"async\" class=\"alignnone size-full wp-image-2248\" title=\"MONUSCO\" src=\"http:\/\/www.ingeta.com\/wp-content\/uploads\/2012\/02\/MONUSCO.jpg\" alt=\"\" width=\"519\" height=\"389\" \/><\/p>\n<p>Le 16 f\u00e9vrier 2012, une manifestation des chr\u00e9tiens et chr\u00e9tiennes de Kinshasa a \u00e9t\u00e9 r\u00e9prim\u00e9e par \u00ab une police \u00bb dress\u00e9e contre nos populations. Des bombes lacrymog\u00e8nes ont \u00e9t\u00e9 jet\u00e9es dans les \u00e9glises. Des chr\u00e9tiens et chr\u00e9tiennes, des pr\u00eates, des diacres, des religieux et des religieuses ont \u00e9t\u00e9 arr\u00eat\u00e9s et puis, rel\u00e2ch\u00e9s. A l\u2019\u00e9glise St Joseph de Matonge (\u00e0 Kalamu), l\u2019intervention de la Monusco a permis aux chr\u00e9tiens et chr\u00e9tiennes s\u00e9questr\u00e9s par \u00ab la police \u00bb de se tirer d\u2019affaire. La m\u00eame Monusco est intervenues pour que les personnes arr\u00eat\u00e9es puissent \u00eatre rel\u00e2ch\u00e9es.<\/p>\n<p>Le 24 f\u00e9vrier 2012, Etienne Tshisekedi wa Mulumba a \u00e9t\u00e9 invit\u00e9 \u00e0 l\u2019Ambassade de l\u2019Allemagne o\u00f9 les Ambassadeurs Europ\u00e9ens accr\u00e9dit\u00e9s au Congo lui auraient demand\u00e9 de pr\u00e9senter son plan de sortie de \u00ab la crise \u00bb o\u00f9 le pays est embourb\u00e9. Comment a-t-il fait pour arriver \u00e0 cette Ambassade, lui qui est en r\u00e9sidence surveill\u00e9e ? Les initiateurs de l\u2019invitation doivent avoir demand\u00e9 que la mesure soit lev\u00e9e momentan\u00e9ment. (Lire R. LUAULA, <a href=\"http:\/\/www.congoone.net\/one\/index.php?option=com_content&amp;view=article&amp;id=807:les-europeens-invitent-tshisekedi-a-se-tourner-vers-lavenir-le-president-elu-exige-pour-sa-part-que-limperium-soit-rendu-au-peuple&amp;catid=25:actualites&amp;Itemid=27\" target=\"_blank\" rel=\"noopener\">Les Europ\u00e9ens invitent Tshisekedi \u00e0 se tourner vers l\u2019avenir, le pr\u00e9sident \u00e9lu exige pour sa part que l\u2019imperium soit rendu au peuple<\/a>).<\/p>\n<p>La r\u00e9pression de la manifestation du 16 f\u00e9vrier 2012 rel\u00e8ve de la violation permanente des droits de l\u2019homme et des libert\u00e9s fondamentales au Congo. Depuis la guerre d\u2019agression de 1996, la violation des droits de l\u2019homme et des libert\u00e9s fondamentales rel\u00e8ve du mode de gouvernement des \u00ab gouvernants \u00bb en place . Deux documents importants peuvent \u00eatre consult\u00e9s sur cette question. Il y a un livre (J.-P. BADIDIKE, Guerre et droits de l\u2019homme en R\u00e9publique D\u00e9mocratique du Congo. Regard du Groupe Justice et Lib\u00e9ration, Paris, L\u2019Harmattan, 2009) et un rapport de la FIDH (R\u00e9publique d\u00e9mocratique du Congo. La d\u00e9rive autoritaire du r\u00e9gime, juillet 2009). Les diff\u00e9rents rapports des experts de l\u2019ONU (dont le <a href=\"http:\/\/www.ingeta.com\/rapport-mapping-des-nation-unis-sur-la-rdc\/\" target=\"_blank\" rel=\"noopener\">rapport Mapping<\/a>) peuvent \u00eatre aussi consult\u00e9s. Mais si nous \u00e9voquons le livre de Jean-Pierre Badidike et ses amis dans le contexte actuel, c\u2019est parce qu\u2019il traite de la redistribution des r\u00f4les entre les acteurs impliqu\u00e9s dans la guerre d\u2019agression chez nous. Le rapport de la FIDH cite nomm\u00e9ment \u00ab les acteurs apparents \u00bb et \u00ab les acteurs majeurs \u00bb n\u2019y apparaissent pas.<\/p>\n<p>Le 16 et le 24 f\u00e9vrier, une partie d\u2019 \u00ab acteurs majeurs \u00bb a agi au grand jour. Il s\u2019agit de la Monusco et des Ambassadeurs des pays Europ\u00e9ens. La sortie de la Monusco a mis fin (momentan\u00e9ment) \u00e0 la r\u00e9pression et ses membres ont \u00e9voqu\u00e9 le non-respect des libert\u00e9s fondamentales et des droits de l\u2019homme. Disons que si la Monusco voulait mettre fin au non-respect des libert\u00e9s fondamentales et des droits de l\u2019homme, elle y arriverait. Elle dispose de tous les rapports de ses experts et sait qui fait quoi. Traduire les criminels de guerre et les criminels contre l\u2019humanit\u00e9 cit\u00e9s dans ses diff\u00e9rents rapports devant le Tribunal P\u00e9nal International aurait constitu\u00e9 un signal fort pour notre pays.<\/p>\n<p>Pourquoi n\u2019arrive-t-elle pas \u00e0 actionner les m\u00e9canismes juridiques contre ces criminels ? Instituer un Tribunal P\u00e9nal International pour le Congo serait une fa\u00e7on d\u2019ouvrir une bo\u00eete de pandore : \u00ab les acteurs majeurs \u00bb rest\u00e9s dans l\u2019ombre risquent d\u2019\u00eatre cit\u00e9s \u00e0 compara\u00eetre. Aussi faut-il savoir que les multinationales impliqu\u00e9es dans la guerre d\u2019agression contre notre pays ne r\u00e9pondent devant aucune juridiction \u00e0 travers le monde. Mais il y a pire : \u00ab les acteurs majeurs \u00bb repr\u00e9sent\u00e9s par les Ambassadeurs Europ\u00e9ens pr\u00e9sents \u00e0 Kinshasa participent \u00e0 la lutte contre la d\u00e9mocratie dans leurs propres pays.<\/p>\n<p>Dans les cercles restreints (Si\u00e8cle, Bilderberg, Commission Trilat\u00e9rale) o\u00f9 leurs chefs se rencontrent, ils parlent de plus en plus du retour au gouvernement repr\u00e9sentatif selon les P\u00e8res fondateurs Am\u00e9ricains : \u00ab Les fondateurs de la R\u00e9publique am\u00e9ricaine \u00e9taient profond\u00e9ment pr\u00e9occup\u00e9s de la question de savoir s\u2019il \u00e9tait possible d\u2019avoir en m\u00eame temps un gouvernement d\u00e9mocratique et un syst\u00e8me \u00e9conomique fond\u00e9 sur la propri\u00e9t\u00e9 individuelle. Comme James Madison l\u2019expliquait, le plus grand danger pour une d\u00e9mocratie est que les citoyens s\u2019organisent, se mobilisent, \u00ab s\u2019instituent en factions \u00bb pour promouvoir la demande majoritaire de redistribution par rapport au droit \u00e0 la propri\u00e9t\u00e9. \u00bb (Bernard Manin cit\u00e9 par C. DELOIRE et C. DUBOIS, Circus politicus, Paris, Albin Michel, 2012, p.37)<\/p>\n<p>Lisons tr\u00e8s bien cette citation : le retour au gouvernement repr\u00e9sentatif en Occident selon les P\u00e8res fondateurs Am\u00e9ricains est synonyme d\u2019une lutte acharn\u00e9e contre l\u2019organisation et la mobilisation citoyenne. Dor\u00e9navant, plusieurs d\u00e9cisions sont prises par exemple au niveau du Conseil Europ\u00e9en sans que les parlements des pays concern\u00e9s soient associ\u00e9s. La souverainet\u00e9 politique et \u00e9conomique des ces pays en prend le coup. La Gr\u00e8ce n\u2019a pas pu organiser un referendum populaire avant d\u2019accepter les mesures d\u2019aust\u00e9rit\u00e9 impos\u00e9es par l\u2019UE. A ce point nomm\u00e9 Circus politicus m\u00e9rite d\u2019\u00eatre lu pour comprendre comment \u00e0 Paris, \u00e0 Bruxelles, au Luxembourg, \u00e0 La Haye , \u00e0 Gen\u00e8ve, \u00e0 Saint-Moritz, \u00e0 San Francisco, etc. se m\u00e8ne une lutte pour la \u00ab neutralisation du suffrage universel par une superclasse invisible qui dispose des r\u00e9seaux souterrains pour orienter la d\u00e9cision publique en contournant le suffrage universel. \u00bb (p.8)<\/p>\n<p>Quand, apr\u00e8s \u00ab des \u00e9lections pr\u00e9sidentielles et l\u00e9gislatives vol\u00e9es \u00bb par \u00ab les gouvernants sortants \u00bb chez nous les Ambassadeurs Europ\u00e9ens invitent Tshisekedi \u00e0 se tourner vers l\u2019avenir, ils ob\u00e9issent \u00e0 cette logique de la superclasse d\u00e9cid\u00e9e \u00e0 gouverner le monde sans l\u2019avis des populations organis\u00e9es et mobilis\u00e9es comme un seul homme. Etablir le lien entre le cirque politique tel qu\u2019il se m\u00e8ne en Europe et en Am\u00e9rique et ses cons\u00e9quences dans notre pays n\u2019est pas \u00e9vident. La p\u00e9n\u00e9tration des lieux de fabrication et de diffusion de l\u2019id\u00e9ologie dominante est l\u2019un des pr\u00e9alables indispensables aux actions qui se veulent efficaces \u00e0 court, moyen et long terme dans notre pays. Les minorit\u00e9s pensantes et organis\u00e9es ont le devoir citoyen de ne pas d\u00e9roger \u00e0 cette exigence quelle que soit la longueur de la nuit dans laquelle notre pays est et sera plong\u00e9e.<\/p>\n<p>R\u00e9pondre \u00e0 cette exigence en permanence peut gu\u00e9rir de la haine de soi. Pour cause. Quand les r\u00e9seaux souterrains de la superclasse susmentionn\u00e9e ont fait leur boulot de neutralisation du suffrage universel, ils d\u00e9signent, \u00e0 travers leurs m\u00e9dias (dominants) quelques boucs \u00e9missaires sur lesquels les populations abus\u00e9es peuvent verser leur col\u00e8re. Souvent, les dictateurs ayant servi dans ces r\u00e9seaux jouent ce r\u00f4le de boucs \u00e9missaires pourvu que \u00ab les acteurs majeurs \u00bb demeurent dans l\u2019ombre. Quand ils ne diabolisent pas \u00ab leurs amis dictateurs \u00bb, ils s\u2019en prennent aux \u00ab patriotes-r\u00e9sistants \u00bb. Souvent, leur strat\u00e9gie r\u00e9ussit parce que leurs m\u00e9dias sont les plus \u00e9cout\u00e9s et\/ou les plus lus.<\/p>\n<p>Chez nous, ils ont utilis\u00e9 un subterfuge tr\u00e8s simple en soutenant que l\u2019opposition a \u00e9t\u00e9 battue \u00e0 la pr\u00e9sidentielle en 2012 parce qu\u2019elle y est all\u00e9e en ordre dispers\u00e9. A qui la faute ? A Tshisekedi. En 2006, l\u2019opposition n\u2019a pas gagn\u00e9 \u00e0 l\u2019\u00e9lection pr\u00e9sidentielle parce que l\u2019UDPS n\u2019y avait pas particip\u00e9. A qui la faute ? A Tshisekedi. Ce discours officiel est accompagn\u00e9 d\u2019un autre officieux : \u00ab En 2011, c\u2019est Tshisekedi qui a gagn\u00e9 les \u00e9lections. Mais nous ne pouvons pas travailler avec lui parce qu\u2019il est impr\u00e9visible. \u00bb (Lire l\u2019article D\u2019Arnaud Zajtman intitul\u00e9<a href=\"http:\/\/www.lalibre.be\/debats\/opinions\/article\/704987\/il-est-moins-une-a-kinshasa.html\" target=\"_blank\" rel=\"noopener\"> Il est moins une \u00e0 Kinshasa<\/a>) D\u00e8s que le bouc \u00e9missaire est trouv\u00e9, le tour est jou\u00e9 et la col\u00e8re des \u00ab bien pensants \u00bb se d\u00e9verse sur lui. Dans l\u2019ombre, \u00ab les acteurs majeurs \u00bb ricanent.<\/p>\n<p>Ce bouc \u00e9missaire peut aussi \u00eatre tout un peuple m\u00e9pris\u00e9 ou qui, \u00e0 force d\u2019\u00eatre opprim\u00e9, en vient \u00e0 se m\u00e9priser et cultiver de la haine \u00e0 son propre endroit. Il s\u2019accuse de tous les maux et\/ou de tous les noms d\u2019oiseaux. Cette haine ou ce m\u00e9pris de soi peut le conduire aux solutions extr\u00eames, \u00e0 la barbarie dont sont victimes ses bourreaux. Disons-le nous : \u00ab Un invariant semble \u00eatre que pour parvenir \u00e0 certains &#8220;actes&#8221; il est n\u00e9cessaire que &#8220;l\u2019autre&#8221;, l\u2019ennemi, soit d\u2019une forme d\u2019humanit\u00e9 d\u00e9cr\u00e9t\u00e9e inf\u00e9rieure. Il n\u2019est en r\u00e9alit\u00e9, nous le savons, qu\u2019une seule civilisation et elle est humaine, dans sa complexit\u00e9 et ses noirceurs. La d\u00e9construction de cette unicit\u00e9 d\u2019\u00e9vidence est le premier acte de toutes les guerres et la pr\u00e9misse de toutes les horreurs qui se travestiront de l\u2019argument de la culture, la religion ou la coutume de celui qui nous effraie avant m\u00eame de nous menacer\u2026 \u00bb(Lire <a title=\"Pisser sur des cadavres... Vertige dans la civilisation (Troisi\u00e8me partie - Fin)\" href=\"http:\/\/www.legrandsoir.info\/pisser-sur-des-cadavres-vertige-dans-la-civilisation-troisieme-partie-fin.html\" target=\"_blank\" rel=\"noopener\">http:\/\/www.legrandsoir.info\/pisser-sur-des-cadavres-vertige-dans-la-civilisation-troisieme-partie-fin.html<\/a>)<\/p>\n<p>Le monde est en train de basculer vers \u00ab un racisme de troisi\u00e8me g\u00e9n\u00e9ration \u00bb dont t\u00e9moignent ceux et celles qui, avalisant des r\u00e9sultats \u00e9lectoraux neutralisant le suffrage universel chez nous, crient aussit\u00f4t apr\u00e8s que \u00ab les Africains ne sont pas m\u00fbrs pour la d\u00e9mocratie\u00bb.<br \/>\nLe souhait serait que toutes les actions efficaces que nous voulons mener soient fond\u00e9es sur une approche assez approfondie de la marche actuelle du monde et de \u00ab ses v\u00e9ritables cercles \u00bb de pouvoir. Comprendre par exemple les strat\u00e9gies de la superclasse mondiale et de ses r\u00e9seaux, c\u2019est d\u00e9j\u00e0 agir. Ces strat\u00e9gies arment pour la lutte contre plusieurs libert\u00e9s fondamentales et certains acquis sociaux. Une analyse attentive de la situation de notre pays peut nous permettre de conclure \u00e0 une redistribution des r\u00f4les dans la mise en \u0153uvre de ces strat\u00e9gies entre la Monusco , les chancelleries occidentales et certains criminels de guerre et criminels contre l\u2019humanit\u00e9 op\u00e9rant au sein des certaines institutions du pays.<\/p>\n<p>Mettre petit \u00e0 petit sur pied chez nous des contre-r\u00e9seaux \u2013 anim\u00e9s par des \u00ab intellectuels subversifs \u00bb de tout bord- avec des objectifs pr\u00e9cis \u00e0 r\u00e9aliser \u00e0 court, moyen et long terme finira par porter du fruit. La superclasse dont nous parlons travaille avec ses r\u00e9seaux depuis plusieurs d\u00e9cennies. C\u2019est peut-\u00eatre cela qui fait sa force. Mais face aux contre-r\u00e9seaux massifs, elle finira par n\u00e9gocier sa survie.<\/p>\n<p>L\u2019horizon de notre lutte populaire est d\u2019arriver \u00e0 renverser le syst\u00e8me n\u00e9olib\u00e9ral soutenu par cette superclasse. Dieu merci ! Nous ne sommes pas seuls \u00e0 la livrer.\t\t<\/p>\n","protected":false},"excerpt":{"rendered":"<p>Par Jean-Pierre Mbelu. Une analyse assez pouss\u00e9e des derniers d\u00e9veloppements de l\u2019actualit\u00e9 de notre pays nous pousse \u00e0 croire davantage qu\u2019il y a une redistribution des r\u00f4les entre les diff\u00e9rents acteurs impliqu\u00e9s dans la guerre d\u2019agression qui nous est livr\u00e9e depuis 1996. Cette guerre est l\u2019une des strat\u00e9gies de la superclasse mondiale d\u00e9cid\u00e9e \u00e0 gouverner [&hellip;]<\/p>\n","protected":false},"author":1,"featured_media":2248,"comment_status":"open","ping_status":"open","sticky":false,"template":"","format":"standard","meta":{"_acf_changed":false,"content-type":"","footnotes":""},"categories":[107,122,124],"tags":[],"class_list":["post-2247","post","type-post","status-publish","format-standard","has-post-thumbnail","hentry","category-analyses-commentaires","category-news-alertes","category-politique-societe"],"acf":[],"_links":{"self":[{"href":"https:\/\/congolobilelo.com\/IN\/wp-json\/wp\/v2\/posts\/2247","targetHints":{"allow":["GET"]}}],"collection":[{"href":"https:\/\/congolobilelo.com\/IN\/wp-json\/wp\/v2\/posts"}],"about":[{"href":"https:\/\/congolobilelo.com\/IN\/wp-json\/wp\/v2\/types\/post"}],"author":[{"embeddable":true,"href":"https:\/\/congolobilelo.com\/IN\/wp-json\/wp\/v2\/users\/1"}],"replies":[{"embeddable":true,"href":"https:\/\/congolobilelo.com\/IN\/wp-json\/wp\/v2\/comments?post=2247"}],"version-history":[{"count":0,"href":"https:\/\/congolobilelo.com\/IN\/wp-json\/wp\/v2\/posts\/2247\/revisions"}],"wp:featuredmedia":[{"embeddable":true,"href":"https:\/\/congolobilelo.com\/IN\/wp-json\/"}],"wp:attachment":[{"href":"https:\/\/congolobilelo.com\/IN\/wp-json\/wp\/v2\/media?parent=2247"}],"wp:term":[{"taxonomy":"category","embeddable":true,"href":"https:\/\/congolobilelo.com\/IN\/wp-json\/wp\/v2\/categories?post=2247"},{"taxonomy":"post_tag","embeddable":true,"href":"https:\/\/congolobilelo.com\/IN\/wp-json\/wp\/v2\/tags?post=2247"}],"curies":[{"name":"wp","href":"https:\/\/api.w.org\/{rel}","templated":true}]}}