{"id":2210,"date":"2012-02-19T09:37:27","date_gmt":"2012-02-19T09:37:27","guid":{"rendered":"http:\/\/www.ingeta.com\/?p=2210"},"modified":"2012-02-19T09:37:27","modified_gmt":"2012-02-19T09:37:27","slug":"le-canada-preoccupe-par-la-situation-postelectorale-en-republique-democratique-du-congo","status":"publish","type":"post","link":"https:\/\/congolobilelo.com\/IN\/le-canada-preoccupe-par-la-situation-postelectorale-en-republique-democratique-du-congo\/","title":{"rendered":"Le Canada pr\u00e9occup\u00e9 par la situation post\u00e9lectorale en R\u00e9publique d\u00e9mocratique du Congo"},"content":{"rendered":"<p>\t\t\t\t<strong><a href=\"http:\/\/www.international.gc.ca\/media\/aff\/news-communiques\/2012\/02\/17a.aspx?lang=fra&#038;view=d\">Communiqu\u00e9<\/a> du Minist\u00e8re des Affaires \u00e9trang\u00e8res et commerce international du Canada.<\/strong><\/p>\n<p><em><strong>Le 17 f\u00e9vrier 2012 &#8211;<\/strong><\/em> Le ministre des Affaires \u00e9trang\u00e8res John Baird a fait aujourd\u2019hui la d\u00e9claration suivante :<\/p>\n<p>\u00abJe suis vivement pr\u00e9occup\u00e9 par les informations selon lesquelles la manifestation publique pacifique projet\u00e9e par l\u2019\u00c9glise catholique romaine en R\u00e9publique d\u00e9mocratique du Congo pour protester contre les irr\u00e9gularit\u00e9s de l\u2019\u00e9lection de novembre dernier n\u2019a pas \u00e9t\u00e9 autoris\u00e9e \u00e0 se tenir.<\/p>\n<p>\u00abNous exhortons les autorit\u00e9s congolaises \u00e0 respecter la libert\u00e9 d\u2019expression et la libert\u00e9 de r\u00e9union pacifique, qui font toutes deux partie des assises fondamentales d\u2019une saine d\u00e9mocratie.<\/p>\n<p>\u00abLes membres nouvellement \u00e9lus de l\u2019Assembl\u00e9e nationale ont si\u00e9g\u00e9 pour la premi\u00e8re fois le 16 f\u00e9vrier. Nous les encourageons \u00e0 travailler avec c\u00e9l\u00e9rit\u00e9 au renforcement des valeurs d\u00e9mocratiques qui sont indispensables pour qu\u2019une soci\u00e9t\u00e9 vive en paix et dans la prosp\u00e9rit\u00e9.<\/p>\n<p>\u00abLe Canada demande aux autorit\u00e9s congolaises de tenir compte de l\u2019avis des observateurs \u00e9lectoraux nationaux et internationaux, et d\u2019am\u00e9liorer le processus \u00e9lectoral du pays. Nous esp\u00e9rons que chaque nouvelle mesure qui sera mise en \u0153uvre contribuera \u00e0 restaurer la confiance publique et \u00e0 renforcer la capacit\u00e9 et la transparence des institutions d\u00e9mocratiques du pays.<\/p>\n<p>\u00abNous encourageons toutes les parties \u00e0 r\u00e9soudre leurs diff\u00e9rends par des moyens pacifiques et \u00e0 \u00e9viter toute action qui pourrait avoir pour cons\u00e9quence de d\u00e9t\u00e9riorer davantage la situation en mati\u00e8re de s\u00e9curit\u00e9 du pays.\u00bb<\/p>\n<p><em>Pour de plus amples renseignements, les repr\u00e9sentants des m\u00e9dias sont pri\u00e9s de communiquer avec :<br \/>\nLe Service des relations avec les m\u00e9dias des Affaires \u00e9trang\u00e8res<br \/>\nAffaires \u00e9trang\u00e8res et Commerce international Canada<br \/>\n613-995-1874<\/em>\t\t<\/p>\n","protected":false},"excerpt":{"rendered":"<p>Communiqu\u00e9 du Minist\u00e8re des Affaires \u00e9trang\u00e8res et commerce international du Canada. Le 17 f\u00e9vrier 2012 &#8211; Le ministre des Affaires \u00e9trang\u00e8res John Baird a fait aujourd\u2019hui la d\u00e9claration suivante : \u00abJe suis vivement pr\u00e9occup\u00e9 par les informations selon lesquelles la manifestation publique pacifique projet\u00e9e par l\u2019\u00c9glise catholique romaine en R\u00e9publique d\u00e9mocratique du Congo pour protester [&hellip;]<\/p>\n","protected":false},"author":1,"featured_media":2211,"comment_status":"open","ping_status":"open","sticky":false,"template":"","format":"standard","meta":{"_acf_changed":false,"content-type":"","footnotes":""},"categories":[120,122,124],"tags":[],"class_list":["post-2210","post","type-post","status-publish","format-standard","has-post-thumbnail","hentry","category-mondialisation","category-news-alertes","category-politique-societe"],"acf":[],"_links":{"self":[{"href":"https:\/\/congolobilelo.com\/IN\/wp-json\/wp\/v2\/posts\/2210","targetHints":{"allow":["GET"]}}],"collection":[{"href":"https:\/\/congolobilelo.com\/IN\/wp-json\/wp\/v2\/posts"}],"about":[{"href":"https:\/\/congolobilelo.com\/IN\/wp-json\/wp\/v2\/types\/post"}],"author":[{"embeddable":true,"href":"https:\/\/congolobilelo.com\/IN\/wp-json\/wp\/v2\/users\/1"}],"replies":[{"embeddable":true,"href":"https:\/\/congolobilelo.com\/IN\/wp-json\/wp\/v2\/comments?post=2210"}],"version-history":[{"count":0,"href":"https:\/\/congolobilelo.com\/IN\/wp-json\/wp\/v2\/posts\/2210\/revisions"}],"wp:featuredmedia":[{"embeddable":true,"href":"https:\/\/congolobilelo.com\/IN\/wp-json\/"}],"wp:attachment":[{"href":"https:\/\/congolobilelo.com\/IN\/wp-json\/wp\/v2\/media?parent=2210"}],"wp:term":[{"taxonomy":"category","embeddable":true,"href":"https:\/\/congolobilelo.com\/IN\/wp-json\/wp\/v2\/categories?post=2210"},{"taxonomy":"post_tag","embeddable":true,"href":"https:\/\/congolobilelo.com\/IN\/wp-json\/wp\/v2\/tags?post=2210"}],"curies":[{"name":"wp","href":"https:\/\/api.w.org\/{rel}","templated":true}]}}