{"id":2205,"date":"2012-02-23T20:22:44","date_gmt":"2012-02-23T20:22:44","guid":{"rendered":"http:\/\/www.ingeta.com\/?p=2205"},"modified":"2012-02-23T20:22:44","modified_gmt":"2012-02-23T20:22:44","slug":"le-congo-nest-pas-une-ile","status":"publish","type":"post","link":"https:\/\/congolobilelo.com\/IN\/le-congo-nest-pas-une-ile\/","title":{"rendered":"Le Congo n\u2019est pas une \u00eele"},"content":{"rendered":"<p>\t\t\t\t<strong>Par Jean-Pierre Mbelu<\/strong><\/p>\n<p><em><strong>Soutenir que notre pays n\u2019est pas une \u00eele, c\u2019est l\u2019approcher en ayant un regard largement ouvert sur le monde et l\u2019histoire. C\u2019est organiser sa r\u00e9sistance contre le n\u00e9olib\u00e9ralisme en croyant fermement que quelle que soit la longueur de sa nuit, son jour finira par poindre \u00e0 l\u2019horizon. Le secret : lutter sur le temps et passer le relais.<\/strong><\/em><\/p>\n<p>Quand nous traitons des questions se rapportant \u00e0 notre pays, il nous para\u00eet important de le situer dans le contexte beaucoup plus large de l\u2019\u00e9volution du monde et dans l\u2019histoire. Notre pays n\u2019est pas une \u00eele. Depuis 1996, il est en proie \u00e0 une guerre de basse intensit\u00e9 orchestr\u00e9e par \u00ab les grandes puissances \u00bb et les diff\u00e9rents accords sign\u00e9s pour y mettre fin ont conduit \u00e0 sa mise sous tutelle par l\u2019ONU. Ses partenaires traditionnels de \u00ab la communaut\u00e9 internationale \u00bb se plaisent \u00e0 le maintenir dans cet \u00e9tat : il leur permet de tirer des dividendes \u00e9conomico-financi\u00e8res par leurs marionnettes et les multinationales interpos\u00e9es.<\/p>\n<p>En effet, la guerre de basse intensit\u00e9 impos\u00e9e \u00e0 notre pays a accru les effets nocifs du n\u00e9olib\u00e9ralisme que N. Chomsky d\u00e9finit simplement comme \u00e9tant \u00ab le transfert du pouvoir des citoyens \u00e0 des entit\u00e9s priv\u00e9es. \u00bb (N. CHOMSKY, Deux heures de lucidit\u00e9. Entretiens avec Denis Robert et Weronika Zarachowicz, Paris, les ar\u00e8nes, 2001, p45). Chez nous, ce transfert passe par ce que les \u00e9conomistes n\u00e9olib\u00e9raux nomment l\u2019am\u00e9lioration du climat des affaires et la mise en pratique des programmes d\u2019ajustement structurels impos\u00e9s par le FMI.<\/p>\n<p>Si nous soutenons que notre pays n\u2019est pas une \u00eele, c\u2019est parce qu\u2019il n\u2019est pas le seul \u00e0 se retrouver dans cette situation. Plusieurs pays du Nord sont en train d\u2019\u00eatre victimes des mesures d\u2019aust\u00e9rit\u00e9s pr\u00f4n\u00e9es par le FMI et l\u2019UE au profit des banquiers : la Gr\u00e8ce , l\u2019Italie, l\u2019Espagne, le Portugal, la Roumanie , etc. voient leurs populations descendre dans la rue pour protester contre cette injustice politique, sociale et \u00e9conomique. Il y a une indignation g\u00e9n\u00e9ralis\u00e9e qui, aujourd\u2019hui, secoue le monde. En prendre conscience est important pour les patriotes-R\u00e9sistants Congolais. Cela peut ouvrir la voie vers des alliances, vers une solidarit\u00e9 entre les victimes non-consentantes du syst\u00e8me n\u00e9olib\u00e9ral. D\u2019o\u00f9 aussi l\u2019importance de revoir les cat\u00e9gories \u00e0 partir desquelles nous lisons le pr\u00e9sent et l\u2019avenir du monde. La lutte n\u2019est peut-\u00eatre plus \u00e0 situer au niveau des continents, mais au niveau des classes : l\u2019\u00e9lite pr\u00e9datrice est transnationale ; elle travaille en r\u00e9seau contre les valeurs de la libert\u00e9, de l\u2019\u00e9galit\u00e9, de la fraternit\u00e9 et de la solidarit\u00e9. Les victimes non-consentantes de cette guerre de pr\u00e9dation devraient, elles aussi, organiser des r\u00e9seaux transnationaux \u00e0 dimension locale, nationale, sous-r\u00e9gionale et internationale.<\/p>\n<p>Les pays de l\u2019Am\u00e9rique Latine constituent, au jour d\u2019aujourd\u2019hui, une r\u00e9f\u00e9rence \u00e0 imiter dans la r\u00e9sistance contre le n\u00e9olib\u00e9ralisme : ils ont rompu avec les instruments du n\u00e9olib\u00e9ralisme dont ses IFI et ont cr\u00e9\u00e9 des organisations r\u00e9gionales et sous-r\u00e9gionales int\u00e9grant cette r\u00e9sistance. Les exemples de l\u2019ALBA (Alliance bolivarienne pour les peuples de notre Am\u00e9rique cr\u00e9\u00e9e en 2001) et la CELAC ( la Communaut\u00e9 des Etats latino-am\u00e9ricains et des Cara\u00efbes cr\u00e9\u00e9e en 2011) sont \u00e9loquents. Ces organisations sont des lieux de l\u2019institutionnalisation de la r\u00e9sistance mais aussi de la solidarit\u00e9, de la coop\u00e9ration et de la fraternit\u00e9 latino-am\u00e9ricaine et cara\u00efb\u00e9enne. Pour durer, la r\u00e9sistance a besoin d\u2019\u00eatre institutionnalis\u00e9e et port\u00e9e dans la solidarit\u00e9.<\/p>\n<p>Comme nous, ces pays ont souffert de l\u2019esclavage et la colonisation. Mais de plus en plus, ils r\u00e9ussissent \u00e0 se tirer d\u2019affaires et \u00e0 se mettre au service de leurs populations en privil\u00e9giant d\u2019autres relations g\u00e9opolitiques et g\u00e9ostrat\u00e9giques que celles entretenues avec \u00ab les ex- ma\u00eetres du monde \u00bb.<\/p>\n<p>Soutenir que le Congo n\u2019est pas une \u00eele, c\u2019est aussi l\u2019inciter (au travers de ses dignes filles et fils) \u00e0 regarder ailleurs au lieu de rester \u00e9ternellement la vache laiti\u00e8re d\u2019une \u00ab tro\u00efka \u00bb vampire. Regarder ailleurs avec intelligence et sagesse. Et non pas pour signer des contrats l\u00e9onins et vendre nos entreprises publiques aux industries fictives des Iles Vierges Britanniques au seul profit des \u00ab nouveaux pr\u00e9dateurs \u00bb.<\/p>\n<p>Les pays latino-am\u00e9ricains r\u00e9ussissent \u00e0 institutionnaliser leur r\u00e9sistance en redevenant souverains et en nationalisant leurs entreprises productrices des richesses qu\u2019ils redistribuent \u00e0 leurs populations. Ces richesses sont mises, tant bien que mal, au service de l\u2019alphab\u00e9tisation, de l\u2019\u00e9ducation, de la sante, de la cr\u00e9ation des emplois, etc.<\/p>\n<p>Au m\u00eame moment qu\u2019ils organisent la solidarit\u00e9 et la coop\u00e9ration \u00e0 grande \u00e9chelle, ils essaient, tant bien que mal, de promouvoir, localement, la d\u00e9mocratie participative. Citons l\u2019exemple du Pr\u00e9sident Bolivien. \u00ab A une \u00e9poque o\u00f9 un organisme comme la Banque Centrale Europ\u00e9enne d\u00e9fait et fait des gouvernements en Gr\u00e8ce, en Italie et au Portugal, Evo affronte les d\u00e9fis de son gouvernement en approfondissant la d\u00e9mocratie, facilitant le dialogue horizontal entre gouvernants et gouvern\u00e9s, et faisant v\u00e9rit\u00e9 la maxime zapatiste de \u201ccommander en ob\u00e9issant\u201d. Cette saine inclination de s\u2019unir avec son peuple, de se tonifier en \u00e9coutant ses critiques et ses propositions est une des raisons fondamentales de sa popularit\u00e9. \u00bb (A. BORON, Pour Evo Morales il faut d\u00e9mocratiser pour approfondir le changement (Rebellion), sur le site Le Grand Soir)<\/p>\n<p>Les pays latino-am\u00e9ricains de l\u2019ALBA et de la CELAC ont compris que la souverainet\u00e9 ne marche pas de pair avec la mendicit\u00e9, la dette et l\u2019amn\u00e9sie. Leur r\u00e9sistance s\u2019enracine dans une double m\u00e9moire : \u00ab une m\u00e9moire longue \u00bb des luttes de la r\u00e9sistance du bolivarisme et \u00ab une m\u00e9moire moyenne \u00bb de celles contre l\u2019imp\u00e9rialisme. (Sur ces questions, le livre de Michel Collon intitul\u00e9 Les 7 p\u00e9ch\u00e9s d\u2019Hugo Chavez, Bruxelles, 2009 est une mine d\u2019informations utiles.)<\/p>\n<p>Soutenir que notre pays n\u2019est pas une \u00eele, c\u2019est apprendre \u00e0 prendre distance de tous ces journalistes \u00ab dominants \u00bb ou coupagistes estimant que le soutien des \u00ab ex-grandes puissances \u00bb aux gouvernants sortants du Congo dit RD serait un signal fort attestant que \u00ab les fraudeurs et les tricheurs \u00bb sont des d\u00e9mocrates. Cette hypoth\u00e8se fantaisiste est un d\u00e9ni de la r\u00e9alit\u00e9 : combien des \u00ab d\u00e9mocraties \u00bb ces \u00ab ex-grandes puissances \u00bb qui sont, en r\u00e9alit\u00e9, des \u00ab Etats manqu\u00e9s \u00bb ont-ils d\u00e9j\u00e0 promu \u00e0 travers le monde et l\u2019histoire ? Au contraire, au nom du march\u00e9 et de la cupidit\u00e9, ils attaquent militairement des pays souverains. Ils les d\u00e9truisent et les pillent. Ils tuent cyniquement leurs populations en arguant hypocritement qu\u2019ils luttent pour \u00ab la d\u00e9mocratie \u00bb et \u00ab les droits de l\u2019homme \u00bb.<\/p>\n<p>Soutenir que notre pays n\u2019est pas une \u00eele, c\u2019est dire qu\u2019il n\u2019est pas soumis \u00e0 une quelconque fatalit\u00e9. Que nous pouvons, comme les autres peuples et avec eux, organiser notre r\u00e9sistance contre le n\u00e9olib\u00e9ralisme et ses chiens de garde et nous tirer d\u2019affaires en promouvant un journalisme alternatif, de nouvelles \u00e9lites patriotes, nos \u00ab Hugo Chavez, Evo Morales ou Rafael Correa \u00bb, en subvertissant notre approche du \u00ab commandement \u00bb, en relan\u00e7ant le panafricanisme des peuples, etc. tout en restant enracin\u00e9s dans notre propre \u00ab m\u00e9moire longue \u00bb (avec Kimpa Vita, Kimbangu, Mukenge, Mwamba Mputu, etc.) et dans notre propre \u00ab m\u00e9moire moyenne \u00bb (avec Patrice Emery Lumumba, Mgr Munzihirwa, Floribert Chebeya, Etienne Tshisekedi, etc.)<\/p>\n<p>&nbsp;<\/p>\n<p><em>Jean-Pierre Mbelu<\/em>\t\t<\/p>\n","protected":false},"excerpt":{"rendered":"<p>Par Jean-Pierre Mbelu Soutenir que notre pays n\u2019est pas une \u00eele, c\u2019est l\u2019approcher en ayant un regard largement ouvert sur le monde et l\u2019histoire. C\u2019est organiser sa r\u00e9sistance contre le n\u00e9olib\u00e9ralisme en croyant fermement que quelle que soit la longueur de sa nuit, son jour finira par poindre \u00e0 l\u2019horizon. Le secret : lutter sur [&hellip;]<\/p>\n","protected":false},"author":1,"featured_media":2206,"comment_status":"open","ping_status":"open","sticky":false,"template":"","format":"standard","meta":{"_acf_changed":false,"content-type":"","footnotes":""},"categories":[107,120,124],"tags":[],"class_list":["post-2205","post","type-post","status-publish","format-standard","has-post-thumbnail","hentry","category-analyses-commentaires","category-mondialisation","category-politique-societe"],"acf":[],"_links":{"self":[{"href":"https:\/\/congolobilelo.com\/IN\/wp-json\/wp\/v2\/posts\/2205","targetHints":{"allow":["GET"]}}],"collection":[{"href":"https:\/\/congolobilelo.com\/IN\/wp-json\/wp\/v2\/posts"}],"about":[{"href":"https:\/\/congolobilelo.com\/IN\/wp-json\/wp\/v2\/types\/post"}],"author":[{"embeddable":true,"href":"https:\/\/congolobilelo.com\/IN\/wp-json\/wp\/v2\/users\/1"}],"replies":[{"embeddable":true,"href":"https:\/\/congolobilelo.com\/IN\/wp-json\/wp\/v2\/comments?post=2205"}],"version-history":[{"count":0,"href":"https:\/\/congolobilelo.com\/IN\/wp-json\/wp\/v2\/posts\/2205\/revisions"}],"wp:featuredmedia":[{"embeddable":true,"href":"https:\/\/congolobilelo.com\/IN\/wp-json\/"}],"wp:attachment":[{"href":"https:\/\/congolobilelo.com\/IN\/wp-json\/wp\/v2\/media?parent=2205"}],"wp:term":[{"taxonomy":"category","embeddable":true,"href":"https:\/\/congolobilelo.com\/IN\/wp-json\/wp\/v2\/categories?post=2205"},{"taxonomy":"post_tag","embeddable":true,"href":"https:\/\/congolobilelo.com\/IN\/wp-json\/wp\/v2\/tags?post=2205"}],"curies":[{"name":"wp","href":"https:\/\/api.w.org\/{rel}","templated":true}]}}