{"id":2202,"date":"2012-02-23T19:49:35","date_gmt":"2012-02-23T19:49:35","guid":{"rendered":"http:\/\/www.ingeta.com\/?p=2202"},"modified":"2012-02-23T19:49:35","modified_gmt":"2012-02-23T19:49:35","slug":"rdc-et-ses-partenaires-de-polemique-en-polemique","status":"publish","type":"post","link":"https:\/\/congolobilelo.com\/IN\/rdc-et-ses-partenaires-de-polemique-en-polemique\/","title":{"rendered":"RDC et ses partenaires : de pol\u00e9mique en pol\u00e9mique"},"content":{"rendered":"<p>\t\t\t\t<strong>Source: <a href=\"http:\/\/www.lepotentiel.cd\/2012\/02\/rdc-et-ses-partenaires-de-polemique-en-polemique.html\">Le Potentiel<\/a>. Publi\u00e9 le 23 f\u00e9vrier 2012.<\/strong><\/p>\n<p>\u00c7a sent mauvais entre la R\u00e9publique d\u00e9mocratique du Congo et ses principaux partenaires bilat\u00e9raux et multilat\u00e9raux. En l\u2019espace que 72 heures, l\u2019on assiste \u00e0 une \u00e9tonnante escalade verbale qui risque d\u2019assombrir leurs relations. De pol\u00e9mique en pol\u00e9mique les choses se corsent.<\/p>\n<p>En fin de semaine pass\u00e9e, \u00e0 la suite de la \u00abmarche des chr\u00e9tiens\u00bb du 16 f\u00e9vrier, interdite et ensuite r\u00e9prim\u00e9e, les partenaires de la R\u00e9publique d\u00e9mocratique du Congo, avaient \u00e9lev\u00e9 une vive protestation pour condamner l\u2019intervention \u00e9nergique de la police. La MONUSCO, l\u2019Union europ\u00e9enne ne s\u2019\u00e9taient fait prier \u00e0 travers des communiqu\u00e9s de presse pour exprimer leur indignation.<\/p>\n<p>S\u2019appuyant sur les prescrits de la Constitution, ils \u00e9taient \u00e9tonn\u00e9s de voir les \u00abmanifestations pacifiques\u00bb \u00eatre interdites et r\u00e9prim\u00e9es.<\/p>\n<p>Lambert Mende, ministre de la Communication et des M\u00e9dias, porte-parole du gouvernement, avait promptement r\u00e9agi accusant ses partenaires \u00abd\u2019ing\u00e9rence dans les affaires int\u00e9rieures d\u2019un Etat souverain\u00bb. En plus, avait-il ajout\u00e9, la RDC n\u2019avait de le\u00e7on \u00e0 recevoir de personne.<\/p>\n<p>La r\u00e9plique est tomb\u00e9e tout de suite. L\u2019ambassadeur de France, au nom de ses coll\u00e8gues de l\u2019Union europ\u00e9enne, n\u2019est pas all\u00e9 de main morte pour faire observer qu\u2019entre \u00abamis\u00bb on pouvait se dire des choses m\u00eame qui peuvent choquer, pourvu que l\u2019on avance.<\/p>\n<p>Et comme si cela ne suffisait pas, le ministre de la Communication, dans son dernier point de presse, a fait observer \u00abqu\u2019il n\u2019y avait pas eu usage excessif de la force\u00bb. Il ne s\u2019est pas arr\u00eat\u00e9 \u00e0 ce niveau. Il a abord\u00e9, notamment, le processus \u00e9lectoral en cours. L\u00e0, il s\u2019est \u00e9vertu\u00e9 \u00e0 d\u00e9montrer que le gouvernement congolais a, lui seul, pris en charge l\u2019organisation des scrutins du 28 novembre 2011. Or, l\u2019on sait que les r\u00e9sultats de ces \u00e9lections justifieraient la marche projet\u00e9 le jeudi 16 f\u00e9vrier 2012 pour poser des exigences politiques.<\/p>\n<p>R\u00e9ponse du berger \u00e0 la berg\u00e8re. Un autre partenaire de la RDC, en l\u2019occurrence la MONUSCO, n\u2019a pas voulu se laisser conter des contre v\u00e9rit\u00e9s. Hier mercredi au cours de son point de presse, le porte-parole a tenu \u00e0 r\u00e9tablir la v\u00e9rit\u00e9. \u00abLa communaut\u00e9 internationale a beaucoup contribu\u00e9 aux \u00e9lections de 2011\u00bb, a dit M. Mounouba\u00ef. Et de poursuivre : \u00abJe m\u2019inscris en faux. Les bailleurs de fonds ont jou\u00e9 un grand r\u00f4le. La Belgique, le Canada, la France, la Grande-Bretagne, la Suisse, la Su\u00e8de, les Pays-Bas\u2026 tous ces pays ont contribu\u00e9 financi\u00e8rement \u00e0 travers le PACE et le PNUD, aux \u00e9lections pr\u00e9sidentielle et l\u00e9gislatives nationales du 28 novembre 2011 en mettant \u00e9galement \u00e0 la disposition de la CENI 27 h\u00e9licopt\u00e8res et 5 avions pour transporter et dispatcher les diff\u00e9rents mat\u00e9riels \u00e9lectoraux sur toute l\u2019\u00e9tendue du territoire. Nous avons contribu\u00e9 avec 8.000.000 de litres de carburant. Nous avons d\u00e9pens\u00e9 30.000.000 USD pour payer la totalit\u00e9 des agents de la CENI \u00e0 l\u2019int\u00e9rieur du pays. Et quand on dit que la Communaut\u00e9 internationale n\u2019a rien fait pour ces \u00e9lections, cela nous \u00e9tonne un peu. Cela n\u2019est pas vrai\u00bb.<\/p>\n<p>UNE PENTE DANGEREUSE<\/p>\n<p>La pol\u00e9mique est lanc\u00e9e et elle est de mauvais augure. A quoi va aboutir ces rapports tendus entre la RDC et ses partenaires ext\u00e9rieurs ? Difficile de le dire pour l\u2019instant. Toutefois, ces attaques et ripostes vont crescendo. Elles sont ponctu\u00e9es de phrases provocantes qui ne cachent pas grand-chose sur la nervosit\u00e9 qui \u00e9treint les partenaires.<\/p>\n<p>D\u2019aucuns se demandent si cette pol\u00e9mique ne serait pas lanc\u00e9e \u00e0 dessein. Le processus \u00e9lectoral n\u2019est pas encore arriv\u00e9 \u00e0 son terme. Autrement dit, la politique de minimisation des partenaires profiterait \u00e0 qui ?<\/p>\n<p>Toutes ces phrases choquantes pourraient, \u00e0 la longue, \u00e9mousser les bonnes volont\u00e9s, voire soulever des obstacles impr\u00e9visibles. La RDC a grand int\u00e9r\u00eat \u00e0 mener le processus \u00e9lectoral jusqu\u2019au bout. C\u2019est un devoir constitutionnel tendant vers l\u2019\u00e9tablissement effectif d\u2019un Etat de droit.<\/p>\n<p>L\u2019escalade verbale observ\u00e9e entre Kinshasa et ses partenaires ferait penser \u00e0 des agendas cach\u00e9s de part et d\u2019autre pour bloquer le processus \u00e9lectoral. Leurs rapports se trouvent sur une pente raide, sinon dangereuse. La RDC est dans une p\u00e9riode cruciale de son d\u00e9veloppement et tout incident, quel qu\u2019il soit, pourrait estomper l\u2019\u00e9lan pris.<\/p>\n","protected":false},"excerpt":{"rendered":"<p>Source: Le Potentiel. Publi\u00e9 le 23 f\u00e9vrier 2012. \u00c7a sent mauvais entre la R\u00e9publique d\u00e9mocratique du Congo et ses principaux partenaires bilat\u00e9raux et multilat\u00e9raux. En l\u2019espace que 72 heures, l\u2019on assiste \u00e0 une \u00e9tonnante escalade verbale qui risque d\u2019assombrir leurs relations. De pol\u00e9mique en pol\u00e9mique les choses se corsent. En fin de semaine pass\u00e9e, \u00e0 [&hellip;]<\/p>\n","protected":false},"author":1,"featured_media":2203,"comment_status":"open","ping_status":"open","sticky":false,"template":"","format":"standard","meta":{"_acf_changed":false,"content-type":"","footnotes":""},"categories":[107,122,124],"tags":[],"class_list":["post-2202","post","type-post","status-publish","format-standard","has-post-thumbnail","hentry","category-analyses-commentaires","category-news-alertes","category-politique-societe"],"acf":[],"_links":{"self":[{"href":"https:\/\/congolobilelo.com\/IN\/wp-json\/wp\/v2\/posts\/2202","targetHints":{"allow":["GET"]}}],"collection":[{"href":"https:\/\/congolobilelo.com\/IN\/wp-json\/wp\/v2\/posts"}],"about":[{"href":"https:\/\/congolobilelo.com\/IN\/wp-json\/wp\/v2\/types\/post"}],"author":[{"embeddable":true,"href":"https:\/\/congolobilelo.com\/IN\/wp-json\/wp\/v2\/users\/1"}],"replies":[{"embeddable":true,"href":"https:\/\/congolobilelo.com\/IN\/wp-json\/wp\/v2\/comments?post=2202"}],"version-history":[{"count":0,"href":"https:\/\/congolobilelo.com\/IN\/wp-json\/wp\/v2\/posts\/2202\/revisions"}],"wp:featuredmedia":[{"embeddable":true,"href":"https:\/\/congolobilelo.com\/IN\/wp-json\/"}],"wp:attachment":[{"href":"https:\/\/congolobilelo.com\/IN\/wp-json\/wp\/v2\/media?parent=2202"}],"wp:term":[{"taxonomy":"category","embeddable":true,"href":"https:\/\/congolobilelo.com\/IN\/wp-json\/wp\/v2\/categories?post=2202"},{"taxonomy":"post_tag","embeddable":true,"href":"https:\/\/congolobilelo.com\/IN\/wp-json\/wp\/v2\/tags?post=2202"}],"curies":[{"name":"wp","href":"https:\/\/api.w.org\/{rel}","templated":true}]}}