{"id":2176,"date":"2012-02-21T21:04:53","date_gmt":"2012-02-21T21:04:53","guid":{"rendered":"http:\/\/www.ingeta.com\/?p=2176"},"modified":"2012-02-21T21:04:53","modified_gmt":"2012-02-21T21:04:53","slug":"la-danse-du-congo","status":"publish","type":"post","link":"https:\/\/congolobilelo.com\/IN\/la-danse-du-congo\/","title":{"rendered":"La Danse du Congo"},"content":{"rendered":"<p>\t\t\t\tDans sa chronique, diffus\u00e9 le 2 d\u00e9cembre 2011 sur la T\u00e9l\u00e9vision Suisse Romande (TSR), le cin\u00e9aste Jacob Berger explique pourquoi le Congo n&#8217;est finalement pas\u00a0 ce grand pays d&#8217;Afrique ,dot\u00e9 d&#8217;immenses richesses naturelles qui s&#8217;\u00e9tendaient de l&#8217;Atlantique aux Grands lacs, mais une danse&#8230; <\/p>\n<p>Une danse,\u00a0 invent\u00e9e au 19\u00e8me si\u00e8cle par le roi belge L\u00e9opold II&#8230; Une danse qui ne s&#8217;arr\u00eate jamais&#8230; Une danse qui n\u00e9cessite au moins deux personnes, dont au moins un blanc&#8230; Une danse qui, avec le temps, est devenue macabre.\u00a0<\/p>\n<p>Une vid\u00e9o \u00e0 voir absolument.<\/p>\n<p><iframe width='560' height='315' src='http:\/\/www.tsr.ch\/embed\/FCrW' frameborder='0'><\/iframe>\t\t<\/p>\n","protected":false},"excerpt":{"rendered":"<p>Dans sa chronique, diffus\u00e9 le 2 d\u00e9cembre 2011 sur la T\u00e9l\u00e9vision Suisse Romande (TSR), le cin\u00e9aste Jacob Berger explique pourquoi le Congo n&#8217;est finalement pas\u00a0 ce grand pays d&#8217;Afrique ,dot\u00e9 d&#8217;immenses richesses naturelles qui s&#8217;\u00e9tendaient de l&#8217;Atlantique aux Grands lacs, mais une danse&#8230; Une danse,\u00a0 invent\u00e9e au 19\u00e8me si\u00e8cle par le roi belge L\u00e9opold II&#8230; [&hellip;]<\/p>\n","protected":false},"author":1,"featured_media":2177,"comment_status":"open","ping_status":"open","sticky":false,"template":"","format":"standard","meta":{"_acf_changed":false,"content-type":"","footnotes":""},"categories":[107,148,120,124],"tags":[],"class_list":["post-2176","post","type-post","status-publish","format-standard","has-post-thumbnail","hentry","category-analyses-commentaires","category-documents-presse","category-mondialisation","category-politique-societe"],"acf":[],"_links":{"self":[{"href":"https:\/\/congolobilelo.com\/IN\/wp-json\/wp\/v2\/posts\/2176","targetHints":{"allow":["GET"]}}],"collection":[{"href":"https:\/\/congolobilelo.com\/IN\/wp-json\/wp\/v2\/posts"}],"about":[{"href":"https:\/\/congolobilelo.com\/IN\/wp-json\/wp\/v2\/types\/post"}],"author":[{"embeddable":true,"href":"https:\/\/congolobilelo.com\/IN\/wp-json\/wp\/v2\/users\/1"}],"replies":[{"embeddable":true,"href":"https:\/\/congolobilelo.com\/IN\/wp-json\/wp\/v2\/comments?post=2176"}],"version-history":[{"count":0,"href":"https:\/\/congolobilelo.com\/IN\/wp-json\/wp\/v2\/posts\/2176\/revisions"}],"wp:featuredmedia":[{"embeddable":true,"href":"https:\/\/congolobilelo.com\/IN\/wp-json\/"}],"wp:attachment":[{"href":"https:\/\/congolobilelo.com\/IN\/wp-json\/wp\/v2\/media?parent=2176"}],"wp:term":[{"taxonomy":"category","embeddable":true,"href":"https:\/\/congolobilelo.com\/IN\/wp-json\/wp\/v2\/categories?post=2176"},{"taxonomy":"post_tag","embeddable":true,"href":"https:\/\/congolobilelo.com\/IN\/wp-json\/wp\/v2\/tags?post=2176"}],"curies":[{"name":"wp","href":"https:\/\/api.w.org\/{rel}","templated":true}]}}