{"id":2156,"date":"2012-02-21T07:07:07","date_gmt":"2012-02-21T07:07:07","guid":{"rendered":"http:\/\/www.ingeta.com\/?p=2156"},"modified":"2012-02-21T07:07:07","modified_gmt":"2012-02-21T07:07:07","slug":"laprodec-asbl-demande-la-demission-de-didier-reynders","status":"publish","type":"post","link":"https:\/\/congolobilelo.com\/IN\/laprodec-asbl-demande-la-demission-de-didier-reynders\/","title":{"rendered":"Belgique: L&#8217;APRODEC asbl demande la d\u00e9mission de Didier REYNDERS"},"content":{"rendered":"<p>\t\t\t\t<em><strong>Le 19 f\u00e9vrier 2012, L\u2019association pour la promotion de la d\u00e9mocratie et le d\u00e9veloppement de la R\u00e9publique d\u00e9mocratique du Congo (l\u2019APRODEC asbl*) a adress\u00e9 une lettre publique \u00e0 l&#8217;attention de Didier REYNDERS, ministre f\u00e9d\u00e9ral belge des Affaires \u00e9trang\u00e8res et europ\u00e9ennes au sujet dans laquelle elle expose \u00e0 la fois les d\u00e9clarations de Didier Reynders au sujet des r\u00e9sultats de la pr\u00e9sidentielle en RD Congo et l&#8217;interpr\u00e9tation tendancieuse du rapport pr\u00e9liminaire du Centre Carter, et demande la d\u00e9mission de M. Reynders. Nous vous publions ici un extrait. Nous vous invitons \u00e0 lire l&#8217;int\u00e9gralit\u00e9 de la lettre en <a href=\"http:\/\/aprodec.blog4ever.com\/blog\/lire-article-467504-8352559-l_aprodec_asbl_demande_la_demission_de_didier_reyn.html\">cliquant ici<\/a>.<\/strong><\/em><\/p>\n<p><img loading=\"lazy\" decoding=\"async\" class=\"alignnone size-full wp-image-2157\" title=\"Didier Reynders\" src=\"http:\/\/www.ingeta.com\/wp-content\/uploads\/2012\/02\/ReyndersDidier.jpg\" alt=\"\" width=\"528\" height=\"333\" \/><\/p>\n<p>De ce qui pr\u00e9c\u00e8de,\u00a0 sans pr\u00e9judice des multiples irr\u00e9gularit\u00e9s relatives au cadre juridique du processus \u00e9lectoral en R\u00e9publique D\u00e9mocratique du Congo, notre Association conclut, d\u2019une part, que la fraude \u00e9lectorale en R\u00e9publique D\u00e9mocratique du Congo a \u00e9t\u00e9 planifi\u00e9e \u00e0 tous les niveaux du processus \u00e9lectoral, notamment l\u2019identification et l\u2019enr\u00f4lement des \u00e9lecteurs, le nettoyage du fichier \u00e9lectoral, les op\u00e9rations de vote (bourrage des urnes \u00e0 l\u2019aide des bulletin pr\u00e9 -coch\u00e9s en faveur de Joseph KABILA,)\u00a0 la compilation des r\u00e9sultats du vote, la proclamation des r\u00e9sultats provisoire par la CENI\u00a0 ainsi que la proclamation des r\u00e9sultats d\u00e9finitifs par la Cour Supr\u00eame de Justice.<\/p>\n<p>Ainsi, nous soutenons que la planification et l\u2019ex\u00e9cution de la fraude \u00e9lectorale en R\u00e9publique D\u00e9mocratique du Congo a \u00e9t\u00e9 rendue possible gr\u00e2ce au soutien logistique, technique et financier de l\u2019ONU (division \u00e9lectorale de la MONUSCO et le PNUD) ainsi que certains gouvernements alli\u00e9s de Joseph KABILA (la R\u00e9publique Sud-africaine, l\u2019Angola, le Rwanda, la Belgique, le Zimbabwe\u2026)\u00a0\u00a0 D\u2019autre part, l\u2019\u00e9cart de voix entre les deux premiers candidats est largement inf\u00e9rieur \u00e0 la valeur chiffr\u00e9e de l\u2019ensemble d\u2019irr\u00e9gularit\u00e9s quantifiables.<\/p>\n<p>Finalement, contrairement \u00e0 vos pr\u00e9cit\u00e9es all\u00e9gations relatives \u00e0 l\u2019impact des irr\u00e9gularit\u00e9s sur l\u2019\u00e9cart de voix entre les candidats,\u00a0 nous pouvons conclure que la valeur de l\u2019ensemble des irr\u00e9gularit\u00e9s quantifiables &#8211; soit 7.5 million de voix &#8211; est de nature \u00e0 remettre s\u00e9rieusement en question l\u2019ordre des r\u00e9sultats obtenus par les candidats.\u00a0 Raison pour laquelle l\u2019APRODEC asbl a recommand\u00e9 au Conseil de s\u00e9curit\u00e9 des Nations unies l\u2019annulation pure et simple des \u00e9lections pr\u00e9sidentielle et des D\u00e9put\u00e9s nationaux lesquelles ont \u00e9t\u00e9 organis\u00e9es en R\u00e9publique D\u00e9mocratique du Congo en date du 28 novembre 2011.<\/p>\n<p>A titre indicatif, la Cour Supr\u00eame de Justice de la R\u00e9publique D\u00e9mocratique du Congo aurait d\u00fb, d\u2019une part, soustraire du score du principal b\u00e9n\u00e9fici\u00e8re de la fraude \u00e9lectorale, en l&#8217;occurrence Joseph KABILA, le nombre de voix obtenu gr\u00e2ce aux irr\u00e9gularit\u00e9s quantifiables, c&#8217;est-\u00e0-dire au moins 7.5 millions de voix. D\u00e8s lors, le contrevenant Joseph KABILA ne serait plus cr\u00e9dit\u00e9 que de 1.380.944 voix. D\u2019autre part, EtienneTSHISEKEDI serait, quant \u00e0 lui, remis dans ses droits, puis class\u00e9 en premi\u00e8re position avec un score minimal de 5.864.775 voix, tandis que Vital KAMERHE deviendrait deuxi\u00e8me avec un score minimal de 1.403.372 voix. En ce qui concerne le score de Joseph KABILA, dans les meilleurs des cas, celui-ci serait class\u00e9 en troisi\u00e8me position avec un maximum de 1.380.944 voix. Dans les pires des cas, Joseph KABILA et ses complices devraient \u00eatre poursuivis au p\u00e9nal pour faits de tromperie aggrav\u00e9e, faux et usage de faux avec prise ill\u00e9gale d&#8217;int\u00e9r\u00eats.<\/p>\n<p>En ce qui concerne votre responsabilit\u00e9 p\u00e9nale :<\/p>\n<p>Nous vous faisons observer particuli\u00e8rement que le Gouvernement f\u00e9d\u00e9ral belge ait financ\u00e9 au mois d\u2019octobre 2011 la mission d\u2019observation du Centre Carter \u00e0 hauteur de 500.000 \u20ac pour la formation d\u2019observateurs \u00e9lectoraux et leur programme de d\u00e9ploiement en R\u00e9publique D\u00e9mocratique du Congo.<\/p>\n<p>De notre point de vue, le versement dudit montant ne vous donne nullement le droit d\u2019interpr\u00e9ter &#8211; de mani\u00e8re tendancieuse &#8211;\u00a0 le rapport pr\u00e9liminaire du Centre Carter datant du 10 d\u00e9cembre 2011.\u00a0 Toutefois, l\u2019absence de r\u00e9action du Centre Carter par rapport \u00e0 l\u2019usage abusif et r\u00e9p\u00e9titif que vous faites de son rapport pr\u00e9liminaire nous pousse malheureusement \u00e0 consid\u00e9rer le pr\u00e9cit\u00e9 montant de 500.000 \u20ac comme \u00e9tant une corruption active et trafic d\u2019influence.\u00a0 A cet \u00e9gard, notre association a \u00e9crit au Pr\u00e9sident Jimmy CARTER afin d\u2019obtenir des clarifications n\u00e9cessaires. Ceci, avant saisi des juridictions p\u00e9nales.<\/p>\n<p>Notre Association examine s\u00e9rieusement de quelle fa\u00e7on votre responsabilit\u00e9 p\u00e9nale et celle de Monsieur Domminique\u00a0 STRUYE DE SWIELANDE Ambassadeur de Belgique en poste \u00e0 Kinshasa pourraient \u00eatre engag\u00e9es pour faits de tromperie aggrav\u00e9e et de complicit\u00e9 d\u2019usurpation de fonction (Cf. L&#8217;arr\u00eat RE007 rendu le 16 d\u00e9cembre 2012 par la Cour Supr\u00eame de Justice de la R\u00e9publique D\u00e9mocratique du Congo lequel est r\u00e9put\u00e9 inexistant \u00e0 ce jour et, en tout \u00e9tat de cause constitutif de faux en \u00e9criture).\u00a0 Entre-temps, nous vous prions de d\u00e9missionner de votre propre initiative.\u00a0 Cela,\u00a0 afin de vous permettre de pr\u00e9parer votre d\u00e9fense en Justice en toute s\u00e9r\u00e9nit\u00e9.<\/p>\n<p>Du reste, face \u00e0 la violation massive de l\u2019ordre constitutionnel par Joseph KABILA et ses alli\u00e9s d\u2019une part et d\u2019autre part, l\u2019inertie du Conseil de s\u00e9curit\u00e9 des Nations unies face \u00e0 la crise de l\u00e9gitimit\u00e9 en R\u00e9publique D\u00e9mocratique du Congo, notre Association r\u00e9it\u00e8re son \u00ab Appel au soul\u00e8vement populaire (pacifique !) \u00bb contre le r\u00e9gime ill\u00e9gitime et ill\u00e9gal de Joseph KABILA.\u00a0 Ceci conform\u00e9ment \u00e0 l\u2019article 64 de la Constitution de la R\u00e9publique D\u00e9mocratique du Congo.<\/p>\n<p>Enfin, nous consid\u00e9rons que vos propos susmentionn\u00e9s et l\u2019arrogance qui caract\u00e9rise votre attitude constituent une marque de m\u00e9pris inacceptable non seulement \u00e0 l\u2019endroit de la minorit\u00e9 belge d\u2019origine congolaise et la Communaut\u00e9 congolaise de Belgique mais aussi du clerg\u00e9 et du Peuple congolais en g\u00e9n\u00e9ral lesquels contestent depuis plus de deux mois \u2013 chiffres \u00e0 l\u2019appui et malgr\u00e9 la r\u00e9pression polici\u00e8re (15) &#8211;\u00a0 la cr\u00e9dibilit\u00e9 du processus \u00e9lectoral et les r\u00e9sultats de l\u2019\u00e9lection pr\u00e9sidentielle du 28 novembre 2011 en R\u00e9publique D\u00e9mocratique du Congo tels qu\u2019annonc\u00e9s par la Commission \u00e9lectorale nationale ind\u00e9pendante et, confirm\u00e9s sans le moindre examen par la Cour Supr\u00eame de Justice.<\/p>\n<p>Nous vous prions de recevoir toutefois, Monsieur le Vice-premier Ministre, Monsieur le Ministre, nos civilit\u00e9s.<\/p>\n<p>Pour l&#8217;APRODEC asbl,<br \/>\nBenjamin Stanis\u00a0 KALOMBO<br \/>\nPr\u00e9sident et Administrateur-d\u00e9l\u00e9gu\u00e9<\/p>\n<p><em>*L\u2019Association pour la promotion de la d\u00e9mocratie et le d\u00e9veloppement de la R\u00e9publique D\u00e9mocratique du Congo (l\u2019APRODEC asbl) est une association de droit belge qui a pour but principal de d\u00e9fendre les int\u00e9r\u00eats et les droits de la R\u00e9publique D\u00e9mocratique du Congo, des citoyens et des personnes d\u2019origine congolaise.<\/em>\t\t<\/p>\n","protected":false},"excerpt":{"rendered":"<p>Le 19 f\u00e9vrier 2012, L\u2019association pour la promotion de la d\u00e9mocratie et le d\u00e9veloppement de la R\u00e9publique d\u00e9mocratique du Congo (l\u2019APRODEC asbl*) a adress\u00e9 une lettre publique \u00e0 l&#8217;attention de Didier REYNDERS, ministre f\u00e9d\u00e9ral belge des Affaires \u00e9trang\u00e8res et europ\u00e9ennes au sujet dans laquelle elle expose \u00e0 la fois les d\u00e9clarations de Didier Reynders au [&hellip;]<\/p>\n","protected":false},"author":1,"featured_media":2157,"comment_status":"open","ping_status":"open","sticky":false,"template":"","format":"standard","meta":{"_acf_changed":false,"content-type":"","footnotes":""},"categories":[107,122,124],"tags":[],"class_list":["post-2156","post","type-post","status-publish","format-standard","has-post-thumbnail","hentry","category-analyses-commentaires","category-news-alertes","category-politique-societe"],"acf":[],"_links":{"self":[{"href":"https:\/\/congolobilelo.com\/IN\/wp-json\/wp\/v2\/posts\/2156","targetHints":{"allow":["GET"]}}],"collection":[{"href":"https:\/\/congolobilelo.com\/IN\/wp-json\/wp\/v2\/posts"}],"about":[{"href":"https:\/\/congolobilelo.com\/IN\/wp-json\/wp\/v2\/types\/post"}],"author":[{"embeddable":true,"href":"https:\/\/congolobilelo.com\/IN\/wp-json\/wp\/v2\/users\/1"}],"replies":[{"embeddable":true,"href":"https:\/\/congolobilelo.com\/IN\/wp-json\/wp\/v2\/comments?post=2156"}],"version-history":[{"count":0,"href":"https:\/\/congolobilelo.com\/IN\/wp-json\/wp\/v2\/posts\/2156\/revisions"}],"wp:featuredmedia":[{"embeddable":true,"href":"https:\/\/congolobilelo.com\/IN\/wp-json\/"}],"wp:attachment":[{"href":"https:\/\/congolobilelo.com\/IN\/wp-json\/wp\/v2\/media?parent=2156"}],"wp:term":[{"taxonomy":"category","embeddable":true,"href":"https:\/\/congolobilelo.com\/IN\/wp-json\/wp\/v2\/categories?post=2156"},{"taxonomy":"post_tag","embeddable":true,"href":"https:\/\/congolobilelo.com\/IN\/wp-json\/wp\/v2\/tags?post=2156"}],"curies":[{"name":"wp","href":"https:\/\/api.w.org\/{rel}","templated":true}]}}