{"id":2127,"date":"2012-02-19T09:14:24","date_gmt":"2012-02-19T09:14:24","guid":{"rendered":"http:\/\/www.ingeta.com\/?p=2127"},"modified":"2012-02-19T09:14:24","modified_gmt":"2012-02-19T09:14:24","slug":"demeurer-un-peuple-debout-2","status":"publish","type":"post","link":"https:\/\/congolobilelo.com\/IN\/demeurer-un-peuple-debout-2\/","title":{"rendered":"Demeurer un peuple debout"},"content":{"rendered":"<p>\t\t\t\t<strong>Par Jean-Pierre Mbelu<\/strong> <strong><span style=\"font-size: small;\">(Lignes ma\u00eetresses de la conf\u00e9rence donn\u00e9e aux Pays-Bas le 18 f\u00e9vrier 2012)<\/span><\/strong>.<br \/>\n<strong><br \/>\n<em>Demeurer un peuple debout \u00e0 travers des actions concr\u00e8tes concert\u00e9es, \u00e9tudi\u00e9es et bien planifi\u00e9es pour un vivre-ensemble alternatif chez nous devrait \u00eatre un objectif permanent de notre lutte collective. Une lutte cr\u00e9ant son temps et au cours de laquelle le relais est r\u00e9guli\u00e8rement pass\u00e9 aux plus jeunes \u0153uvrant au sein des minorit\u00e9s pensantes et agissantes. Pour durer, il faut agir, cr\u00e9er, r\u00e9sister. Il faut aussi savoir. Savoir est un pouvoir. Kazanga koyeba, ezali liwa ya mobimba.<\/em><\/strong><\/p>\n<p><img loading=\"lazy\" decoding=\"async\" class=\"alignnone size-full wp-image-2129\" title=\"Manifestation \u00e0 Anvers\" src=\"http:\/\/www.ingeta.com\/wp-content\/uploads\/2012\/02\/Manif-anvers.jpg\" alt=\"\" width=\"560\" height=\"350\" \/><\/p>\n<p>Se mettre debout spontan\u00e9ment pour lutter tel que nous le faisons depuis tout un temps est possible. Le plus dur est de durer. L\u2019enthousiasme du d\u00e9but a toujours servi les grands mouvements de R\u00e9sistance. Il devient une v\u00e9ritable \u00ab arme de destruction massive \u00bb quand il est transform\u00e9 en la militance par les minorit\u00e9s pensantes et agissantes. Et une bonne militance se maintient \u00e0 travers une organisation planifi\u00e9e sur le court, moyen et long terme.<\/p>\n<p>En effet, pour durer dans notre lutte d\u2019\u00e9mancipation des politiques esclavagistes et n\u00e9ocoloniales, nous avons besoin de faire le point r\u00e9guli\u00e8rement ; de mener une \u00e9valuation autour des strat\u00e9gies mises en commun sur pied, des tactiques, des moyens et des m\u00e9thodes utilis\u00e9s. Tourn\u00e9s de plus en plus vers des actions concr\u00e8tes \u00e0 impact direct, nous courrons le risque de devenir des jouets entre les mains des \u00ab cosmocrates \u00bb habitu\u00e9s \u00e0 la planification et l\u2019\u00e9valuation. En effet, nous ne le dirons jamais assez, nous ne luttons pas seulement contre les forces du jour, contre les marionnettes visibles. Nous luttons aussi contre les forces de la nuit et de la mort, contre \u00ab les gouvernements de l\u2019ombre \u00bb, contre ceux que l\u2019un d\u2019entre nous a nomm\u00e9 sur Internet les baloki ya Congo. (Il le disait \u00e0 travers une vid\u00e9o o\u00f9 il indiquait les d\u00e9nominations des multinationales pillant notre pays. Certaines d\u2019entre elles sont cit\u00e9es par <a href=\"http:\/\/www.ingeta.com\/a-lire-noir-canada-pillage-corruption-et-criminalite-en-afrique\/\">Noir Canada. Un livre t\u00e9l\u00e9chargeable aujourd\u2019hui sur Internet<\/a>.)<\/p>\n<p>Bref, pour durer dans notre lutte commune et collective, nous avons besoin de la planifier.<\/p>\n<p>Une planification accompagn\u00e9e d\u2019une \u00e9valuation permanente pourrait par exemple nous questionner sur le nombre des m\u00e9thodes auquel nous avons recours tout au long de notre lutte et sur leur r\u00e9el impact. La planification peut aider \u00e0 la cr\u00e9ation de notre propre temps ; le temps de notre propre victoire. Un temps qui ne soit pas celui qui ont choisi de vendre le terre de nos anc\u00eatres aux ench\u00e8res.<\/p>\n<p>Une planification port\u00e9e par des minorit\u00e9s pensantes et agissantes aide \u00e0 identifier les adversaires en face et les armes qu\u2019ils utilisent pour casser la dynamique en mouvement.<br \/>\nConcr\u00e8tement, nous pouvons avouer que nos marches et nos sit-in ont produit quelques fruits palpables : notre unit\u00e9 s\u2019est consolid\u00e9e, nos enfants nous ont rejoints dans la rue et sont pr\u00eats \u00e0 porter le flambeau de la lutte, des contacts avec certains d\u00e9cideurs ont pris et notre cause est plaid\u00e9e dans certains forums mondiaux s\u00e9rieux, des amis nous accompagnent et luttent \u00e0 nos c\u00f4t\u00e9s, nous avons identifi\u00e9 les acteurs majeurs et mineurs de notre descente en enfer, etc.<\/p>\n<p>Mais serait-il possible d\u2019aller un peu plus loin ? Nous est-il possible d\u2019initier des institutions et des organisations qui soutiennent notre peuple sur place au pays pour qu\u2019il \u00e9vite d\u2019\u00eatre pris en otage par \u00ab les petites mains du capital \u00bb ? (A travers certains pays du monde, les minorit\u00e9s pensantes et agissantes ont organis\u00e9 des services sociaux de soutien \u00e0 leurs populations. Ce faisant, elles les ont aid\u00e9es \u00e0 rejoindre les rangs de la lutte.)<br \/>\nA ce point nomm\u00e9, chacun de nous, individuellement, fait quelque chose pour les siens rest\u00e9s au pays. Mais, c\u2019est insuffisant. Nous avons besoin de mener des actions concert\u00e9es pour des r\u00e9alisations collectives sur place au pays.<\/p>\n<p>Echangeant avec un ami rest\u00e9 au pays sur notre lutte commune, voil\u00e0 ce qu\u2019il nous a dit : \u00ab Dans notre combat qui est un combat de lib\u00e9ration il y a deux volets : le volet n\u00e9gatif qui consiste \u00e0 d\u00e9truire un syst\u00e8me et le volet positif qui consiste \u00e0 mettre en place un nouveau syst\u00e8me&#8230; or, ce nouveau syst\u00e8me, il faut le penser, il faut le cr\u00e9er&#8230; on ne peut commencer \u00e0 d\u00e9truire le vieux syst\u00e8me si l&#8217;on n&#8217;a pas d\u00e9j\u00e0 quelque part le nouveau syst\u00e8me alternatif au risque de reproduire l&#8217;ancien syst\u00e8me en croyant faire du neuf .\u00bb Nos r\u00e9alisations collectives concr\u00e8tes serviraient \u00e0 remettre en place, petit \u00e0 petit, un syst\u00e8me alternatif. Elles pourraient aussi \u00eatre les lieux de la r\u00e9fection du capital-confiance dont nous avons immens\u00e9ment besoin pour r\u00e9inventer le Congo.<\/p>\n<p>Disons que dans nos efforts de planification, il est important de cr\u00e9er une synergie avec les forces du changement op\u00e9rant sur place au pays. Ici, une institution comme l\u2019Eglise catholique peut \u00eatre une alli\u00e9e de taille. Surtout \u00e0 travers le Conseil pour l\u2019apostolat des la\u00efcs catholiques Congolais (CALCC en sigle). C\u2019est ce Conseil qui a organis\u00e9 la marche du 16 f\u00e9vrier. Nous devrions comprendre l\u2019urgence qu\u2019il y a \u00e0 cr\u00e9er un Collectif International des Congolais soud\u00e9s autour de certaines c\u00e9l\u00e9brations historiques \u00e0 des dates pr\u00e9cises. Un pareil collectif partirait de ce qui existe d\u00e9j\u00e0. Il porterait notre lutte sur le court, le moyen et le long terme.<\/p>\n<p><em><br \/>\nJ.-P. Mbelu<\/em><\/p>\n<p>Pour approfondir les questions d\u00e9battues, voici quelques livres\u00a0 \u00e0 lire\u00a0:<\/p>\n<p>J. K-KIZERBO,\u00a0<strong>A quand l\u2019Afrique\u00a0? Entretiens avec Ren\u00e9 Holenstein<\/strong>, Paris, L\u2019aube, 2003.<br \/>\nJAKC GOODY,\u00a0<strong>Le vol de l\u2019histoire. Comment l\u2019Europe a impos\u00e9 le r\u00e9cit de son pass\u00e9 au reste du monde<\/strong>, Paris, Gallimard, 2006.<br \/>\nN. CHOMSKY,\u00a0<strong>Les Etats manqu\u00e9s. Abus de puissance et d\u00e9ficit d\u00e9mocratique<\/strong>, Paris, Fayard,\u00a0\u00a02006.<br \/>\nN. CHOMSHY,\u00a0<strong>Deux heures de lucidit\u00e9s. Entretiens avec Denis Robert et Weronila Zarachowicz<\/strong>, Paris, Les ar\u00e8nes, 2001.<br \/>\nA. BADIOU,\u00a0<strong>Le r\u00e9veil de l\u2019histoire<\/strong>, Paris, Lignes, 2011.<br \/>\nP. PEAN,\u00a0<strong>La R\u00e9publique\u00a0des mallettes. Enqu\u00eate sur la principaut\u00e9 fran\u00e7aise de non-droit<\/strong>, Paris, Fayard, 2001.<br \/>\nP. PEAN,\u00a0<strong>Carnages. Les guerres secr\u00e8tes des grandes puissances en Afrique<\/strong>, Paris, Fayard, 2010.<\/p>\n<div><span style=\"font-size: small;\">Le facebook &#8220;les amis de jean pierre mbelu&#8221; peut aussi \u00eatre consult\u00e9.<\/span><\/div>\n","protected":false},"excerpt":{"rendered":"<p>Par Jean-Pierre Mbelu (Lignes ma\u00eetresses de la conf\u00e9rence donn\u00e9e aux Pays-Bas le 18 f\u00e9vrier 2012). Demeurer un peuple debout \u00e0 travers des actions concr\u00e8tes concert\u00e9es, \u00e9tudi\u00e9es et bien planifi\u00e9es pour un vivre-ensemble alternatif chez nous devrait \u00eatre un objectif permanent de notre lutte collective. Une lutte cr\u00e9ant son temps et au cours de laquelle le [&hellip;]<\/p>\n","protected":false},"author":1,"featured_media":2129,"comment_status":"open","ping_status":"open","sticky":false,"template":"","format":"standard","meta":{"_acf_changed":false,"content-type":"","footnotes":""},"categories":[107,159,122,124],"tags":[],"class_list":["post-2127","post","type-post","status-publish","format-standard","has-post-thumbnail","hentry","category-analyses-commentaires","category-manifestes-memos","category-news-alertes","category-politique-societe"],"acf":[],"_links":{"self":[{"href":"https:\/\/congolobilelo.com\/IN\/wp-json\/wp\/v2\/posts\/2127","targetHints":{"allow":["GET"]}}],"collection":[{"href":"https:\/\/congolobilelo.com\/IN\/wp-json\/wp\/v2\/posts"}],"about":[{"href":"https:\/\/congolobilelo.com\/IN\/wp-json\/wp\/v2\/types\/post"}],"author":[{"embeddable":true,"href":"https:\/\/congolobilelo.com\/IN\/wp-json\/wp\/v2\/users\/1"}],"replies":[{"embeddable":true,"href":"https:\/\/congolobilelo.com\/IN\/wp-json\/wp\/v2\/comments?post=2127"}],"version-history":[{"count":0,"href":"https:\/\/congolobilelo.com\/IN\/wp-json\/wp\/v2\/posts\/2127\/revisions"}],"wp:featuredmedia":[{"embeddable":true,"href":"https:\/\/congolobilelo.com\/IN\/wp-json\/"}],"wp:attachment":[{"href":"https:\/\/congolobilelo.com\/IN\/wp-json\/wp\/v2\/media?parent=2127"}],"wp:term":[{"taxonomy":"category","embeddable":true,"href":"https:\/\/congolobilelo.com\/IN\/wp-json\/wp\/v2\/categories?post=2127"},{"taxonomy":"post_tag","embeddable":true,"href":"https:\/\/congolobilelo.com\/IN\/wp-json\/wp\/v2\/tags?post=2127"}],"curies":[{"name":"wp","href":"https:\/\/api.w.org\/{rel}","templated":true}]}}