{"id":2112,"date":"2012-02-19T07:53:08","date_gmt":"2012-02-19T07:53:08","guid":{"rendered":"http:\/\/www.ingeta.com\/?p=2112"},"modified":"2012-02-19T07:53:08","modified_gmt":"2012-02-19T07:53:08","slug":"conference-congo-lagonie-silencieuse-le-23-fevrier-2012-a-bruxelles","status":"publish","type":"post","link":"https:\/\/congolobilelo.com\/IN\/conference-congo-lagonie-silencieuse-le-23-fevrier-2012-a-bruxelles\/","title":{"rendered":"Conf\u00e9rence &#8221; Congo, l&#8217;agonie silencieuse&#8221;. Le 23 f\u00e9vrier 2012 \u00e0 Bruxelles"},"content":{"rendered":"<p>\t\t\t\t&nbsp;<\/p>\n<p>&nbsp;<\/p>\n<p><strong>Date: <\/strong>23 f\u00e9vrier 2012<br \/>\n<strong>Heure:<\/strong> 19h \u00e0 22h<br \/>\n<strong>Lieu: <\/strong>UB5.132 Campus Du Solbosch. Universit\u00e9 Libre de Bruxelles, Avenue Franklin Roosevelt 50. 1050 Bruxelles<\/p>\n<p>Dans le cadre de la semaine de sensibilisation sur la situation actuelle dans l\u2019Est du Congo, Le Cercle des \u00e9tudiants congolais de l&#8217;Ulb et Amnesty organisent la conf\u00e9rence &#8221; Congo, l&#8217;agonie silencieuse&#8221;.<\/p>\n<p><strong>Conf\u00e9renciers : <\/strong><\/p>\n<p>&#8211; Maddy Tiembe<br \/>\nSp\u00e9cialiste du droit des femmes au Congo et observatrice lors des \u00e9lections de novembre<\/p>\n<p>-Arnaud Zajtman<br \/>\nJournaliste belge bas\u00e9 au Congo. Il a \u00e9crit beaucoup d\u2019articles sur les affaires politiques, sociale et environnementales africaines<\/p>\n<p>&#8211; Olivier Lanotte<br \/>\nAncien chercheur au GRIP, docteur en sciences politiques de l\u2019Universit\u00e9 catholique de Louvain\t\t<\/p>\n","protected":false},"excerpt":{"rendered":"<p>&nbsp; &nbsp; Date: 23 f\u00e9vrier 2012 Heure: 19h \u00e0 22h Lieu: UB5.132 Campus Du Solbosch. Universit\u00e9 Libre de Bruxelles, Avenue Franklin Roosevelt 50. 1050 Bruxelles Dans le cadre de la semaine de sensibilisation sur la situation actuelle dans l\u2019Est du Congo, Le Cercle des \u00e9tudiants congolais de l&#8217;Ulb et Amnesty organisent la conf\u00e9rence &#8221; Congo, [&hellip;]<\/p>\n","protected":false},"author":1,"featured_media":2113,"comment_status":"open","ping_status":"open","sticky":false,"template":"","format":"standard","meta":{"_acf_changed":false,"content-type":"","footnotes":""},"categories":[167,145,108,122,124],"tags":[],"class_list":["post-2112","post","type-post","status-publish","format-standard","has-post-thumbnail","hentry","category-belgique","category-conferences-salons","category-evenements","category-news-alertes","category-politique-societe"],"acf":[],"_links":{"self":[{"href":"https:\/\/congolobilelo.com\/IN\/wp-json\/wp\/v2\/posts\/2112","targetHints":{"allow":["GET"]}}],"collection":[{"href":"https:\/\/congolobilelo.com\/IN\/wp-json\/wp\/v2\/posts"}],"about":[{"href":"https:\/\/congolobilelo.com\/IN\/wp-json\/wp\/v2\/types\/post"}],"author":[{"embeddable":true,"href":"https:\/\/congolobilelo.com\/IN\/wp-json\/wp\/v2\/users\/1"}],"replies":[{"embeddable":true,"href":"https:\/\/congolobilelo.com\/IN\/wp-json\/wp\/v2\/comments?post=2112"}],"version-history":[{"count":0,"href":"https:\/\/congolobilelo.com\/IN\/wp-json\/wp\/v2\/posts\/2112\/revisions"}],"wp:featuredmedia":[{"embeddable":true,"href":"https:\/\/congolobilelo.com\/IN\/wp-json\/"}],"wp:attachment":[{"href":"https:\/\/congolobilelo.com\/IN\/wp-json\/wp\/v2\/media?parent=2112"}],"wp:term":[{"taxonomy":"category","embeddable":true,"href":"https:\/\/congolobilelo.com\/IN\/wp-json\/wp\/v2\/categories?post=2112"},{"taxonomy":"post_tag","embeddable":true,"href":"https:\/\/congolobilelo.com\/IN\/wp-json\/wp\/v2\/tags?post=2112"}],"curies":[{"name":"wp","href":"https:\/\/api.w.org\/{rel}","templated":true}]}}