{"id":2095,"date":"2012-02-18T15:40:30","date_gmt":"2012-02-18T15:40:30","guid":{"rendered":"http:\/\/www.ingeta.com\/?p=2095"},"modified":"2012-02-18T15:40:30","modified_gmt":"2012-02-18T15:40:30","slug":"bruxelles-airlines-atterrit-au-congo","status":"publish","type":"post","link":"https:\/\/congolobilelo.com\/IN\/bruxelles-airlines-atterrit-au-congo\/","title":{"rendered":"Bruxelles Airlines atterrit en RDC (via Korongo airlines)"},"content":{"rendered":"<p>\t\t\t\t<strong>Source: <a href=\"http:\/\/trends.levif.be\/economie\/actualite\/entreprises\/brussels-airlines-atterrit-en-rdc-via-korongo-airlines\/article-4000046191331.htm\">Le Vif<\/a>. Mis en ligne le 18\/02\/2012<\/strong><\/p>\n<p><em><strong>Les premi\u00e8res liaisons commerciales des avions de la Korongo Airlines, une compagnie belgo-congolaise, devraient avoir lieu en mars ou avril prochains, ce qui mettrait un terme \u00e0 un feuilleton long de deux ans, rapporte ce samedi La Derni\u00e8re Heure.<\/strong><\/em><\/p>\n<p><img loading=\"lazy\" decoding=\"async\" class=\"alignnone size-full wp-image-2096\" title=\"Korongo-Airlines\" src=\"http:\/\/www.ingeta.com\/wp-content\/uploads\/2012\/02\/Korongo-Airlines.jpg\" alt=\"\" width=\"500\" height=\"364\" \/><\/p>\n<p>&#8220;Tous les documents sont l\u00e0. Les licences d&#8217;importation des avions sont sign\u00e9es par le gouvernement congolais&#8221;, a appris le quotidien \u00e0 Kinshasa.<\/p>\n<p>Le lancement de la Korongo Airlines date d&#8217;il y a deux ans. Derri\u00e8re les manettes se trouve notamment un holding dans lequel Brussels Airlines poss\u00e8de 50,5% et le Groupe Forrest 49,5%. Ce holding poss\u00e8de 70% de la nouvelle compagnie, les 30% restants \u00e9tant entre les mains d&#8217;investisseurs congolais.<\/p>\n<p>Apr\u00e8s des mois de tergiversations et de tensions entre le gouvernement congolais et le groupe de George Forrest, un des principaux acteurs \u00e9conomiques en R\u00e9publique d\u00e9mocratique du Congo, le pr\u00e9sident Kabila a finalement accept\u00e9 en d\u00e9but de cette ann\u00e9e de signer les licences d&#8217;importation des avions, ouvrant la voie aux premiers vols.\t\t<\/p>\n","protected":false},"excerpt":{"rendered":"<p>Source: Le Vif. Mis en ligne le 18\/02\/2012 Les premi\u00e8res liaisons commerciales des avions de la Korongo Airlines, une compagnie belgo-congolaise, devraient avoir lieu en mars ou avril prochains, ce qui mettrait un terme \u00e0 un feuilleton long de deux ans, rapporte ce samedi La Derni\u00e8re Heure. &#8220;Tous les documents sont l\u00e0. Les licences d&#8217;importation [&hellip;]<\/p>\n","protected":false},"author":1,"featured_media":2096,"comment_status":"open","ping_status":"open","sticky":false,"template":"","format":"standard","meta":{"_acf_changed":false,"content-type":"","footnotes":""},"categories":[150,122],"tags":[],"class_list":["post-2095","post","type-post","status-publish","format-standard","has-post-thumbnail","hentry","category-economie-entreprises","category-news-alertes"],"acf":[],"_links":{"self":[{"href":"https:\/\/congolobilelo.com\/IN\/wp-json\/wp\/v2\/posts\/2095","targetHints":{"allow":["GET"]}}],"collection":[{"href":"https:\/\/congolobilelo.com\/IN\/wp-json\/wp\/v2\/posts"}],"about":[{"href":"https:\/\/congolobilelo.com\/IN\/wp-json\/wp\/v2\/types\/post"}],"author":[{"embeddable":true,"href":"https:\/\/congolobilelo.com\/IN\/wp-json\/wp\/v2\/users\/1"}],"replies":[{"embeddable":true,"href":"https:\/\/congolobilelo.com\/IN\/wp-json\/wp\/v2\/comments?post=2095"}],"version-history":[{"count":0,"href":"https:\/\/congolobilelo.com\/IN\/wp-json\/wp\/v2\/posts\/2095\/revisions"}],"wp:featuredmedia":[{"embeddable":true,"href":"https:\/\/congolobilelo.com\/IN\/wp-json\/"}],"wp:attachment":[{"href":"https:\/\/congolobilelo.com\/IN\/wp-json\/wp\/v2\/media?parent=2095"}],"wp:term":[{"taxonomy":"category","embeddable":true,"href":"https:\/\/congolobilelo.com\/IN\/wp-json\/wp\/v2\/categories?post=2095"},{"taxonomy":"post_tag","embeddable":true,"href":"https:\/\/congolobilelo.com\/IN\/wp-json\/wp\/v2\/tags?post=2095"}],"curies":[{"name":"wp","href":"https:\/\/api.w.org\/{rel}","templated":true}]}}