{"id":2052,"date":"2012-02-17T05:18:50","date_gmt":"2012-02-17T05:18:50","guid":{"rendered":"http:\/\/www.ingeta.com\/?p=2052"},"modified":"2012-02-17T05:18:50","modified_gmt":"2012-02-17T05:18:50","slug":"radio-canada-des-membres-de-la-communaute-congolaise-manifestent-a-toronto","status":"publish","type":"post","link":"https:\/\/congolobilelo.com\/IN\/radio-canada-des-membres-de-la-communaute-congolaise-manifestent-a-toronto\/","title":{"rendered":"RADIO-CANADA : Des membres de la communaut\u00e9 congolaise manifestent \u00e0 Toronto"},"content":{"rendered":"<p>\t\t\t\t<strong>Manifestation de la communaut\u00e9 congolaise \u00e0 Toronto (16 f\u00e9vrier 2012) \u00a0<\/strong><\/p>\n<p><a href=\"http:\/\/www.ingeta.com\/wp-content\/uploads\/2012\/02\/Radio-Canada.jpg\"><img loading=\"lazy\" decoding=\"async\" class=\"alignnone size-full wp-image-2055\" title=\"Radio-Canada\" src=\"http:\/\/www.ingeta.com\/wp-content\/uploads\/2012\/02\/Radio-Canada.jpg\" alt=\"\" width=\"299\" height=\"48\" \/><\/a><\/p>\n<p>Plus de 200 manifestants ont march\u00e9 dans les rues de Toronto, jeudi, pour d\u00e9noncer le r\u00e9gime de Joseph Kabila, proclam\u00e9 pr\u00e9sident de la R\u00e9publique d\u00e9mocratique du Congo (RDC) en d\u00e9cembre\u00a0dernier.<\/p>\n<p id=\"contentMain_contentMain_DocumentChapitres1_rptChapitres_ctl00_0_rptParagraphes_0_pTexte_2\">Les protestataires d\u00e9noncen<img loading=\"lazy\" decoding=\"async\" id=\"contentMain_contentMain_DocumentChapitres1_rptChapitres_ctl00_0_rptParagraphes_0_ctl00_5_rptComposantes_5_imgImage_0\" class=\"alignleft\" src=\"http:\/\/img.src.ca\/2012\/02\/16\/635x357\/120216_kq6pq_manifestation-toronto_sn635.jpg\" alt=\"Les policiers ont d\u00fb r\u00e9tablir l'ordre parmi les manifestants, devant le consulat am\u00e9ricain \u00e0 Toronto (16 f\u00e9vrier 2012)\" width=\"248\" height=\"138\" \/>t les irr\u00e9gularit\u00e9s \u00e9lectorales qui ont entach\u00e9, selon eux, les \u00e9lections du 28 novembre dernier. Qualifiant le r\u00e9gime de Kabila de \u00ab\u00a0dictatorial\u00a0\u00bb, ils demandent au gouvernement canadien d&#8217;intervenir pour reconna\u00eetre la victoire du candidat arriv\u00e9 deuxi\u00e8me, \u00c9tienne\u00a0Tshisekedi.<\/p>\n<p id=\"contentMain_contentMain_DocumentChapitres1_rptChapitres_ctl00_0_rptParagraphes_0_pTexte_3\">Freddy Kabongo, pr\u00e9sident de la communaut\u00e9 congolaise de la grande r\u00e9gion de Toronto, ajoute que la marche a \u00e9t\u00e9 organis\u00e9e pour sensibiliser la population aux violences qui persistent en RDC. Il soutient que si la communaut\u00e9 internationale est intervenue en Libye, elle devrait faire de m\u00eame en\u00a0RDC.<\/p>\n<p id=\"contentMain_contentMain_DocumentChapitres1_rptChapitres_ctl00_0_rptParagraphes_0_pTexte_4\">L&#8217;un des participants, Jean-Robert Makanda, estime que les gouvernements canadien et am\u00e9ricain prot\u00e8gent leurs int\u00e9r\u00eats en soutenant le r\u00e9gime de Kabila, plus de la moiti\u00e9 des entreprises mini\u00e8res poss\u00e9dant des sites en RDC. Il croit toutefois que l&#8217;exploitation mini\u00e8re ne devrait pas se faire au profit des\u00a0Congolais.<\/p>\n<div id=\"contentMain_contentMain_DocumentChapitres1_rptChapitres_ctl00_0_rptParagraphes_0_ctl00_5_rptComposantes_5_pnlImage_0\"><\/div>\n<p id=\"contentMain_contentMain_DocumentChapitres1_rptChapitres_ctl00_0_rptParagraphes_0_pTexte_5\"><strong>Indignation contre les \u00c9tats-Unis<\/strong><\/p>\n<p id=\"contentMain_contentMain_DocumentChapitres1_rptChapitres_ctl00_0_rptParagraphes_0_pTexte_6\">Des manifestants ont br\u00fbl\u00e9 un drapeau am\u00e9ricain sur la rue Yonge, avant de continuer la marche jusqu&#8217;\u00e0 la rue University, o\u00f9 ils se sont arr\u00eat\u00e9s devant le consulat\u00a0am\u00e9ricain.<\/p>\n<p id=\"contentMain_contentMain_DocumentChapitres1_rptChapitres_ctl00_0_rptParagraphes_0_pTexte_7\">\u00ab\u00a0Obama criminel. Jean Chr\u00e9tien criminel. Stephen Harper criminel\u00a0\u00bb, ont scand\u00e9 les protestataires devant l&#8217;\u00e9difice. Nombres d&#8217;entre eux portaient des pancartes affichant des slogans\u00a0anti-Kabila.<\/p>\n<div id=\"contentMain_contentMain_DocumentChapitres1_rptChapitres_ctl00_0_rptParagraphes_0_ctl00_8_rptComposantes_8_pnlImage_0\"><img loading=\"lazy\" decoding=\"async\" id=\"contentMain_contentMain_DocumentChapitres1_rptChapitres_ctl00_0_rptParagraphes_0_ctl00_8_rptComposantes_8_imgImage_0\" class=\"alignright\" src=\"http:\/\/img.src.ca\/2012\/02\/16\/352x198\/120216_re9hk_manifestants-congo_6.jpg\" alt=\"Des manifestants de la communaut\u00e9 congolaise, le 16 f\u00e9vrier 2012 \u00e0 Toronto\" width=\"352\" height=\"198\" \/> Certains manifestants ont tent\u00e9 de provoquer les policiers d\u00e9ploy\u00e9s devant l&#8217;\u00e9difice, sans toutefois cr\u00e9er d&#8217;incident. L&#8217;ambiance est ensuite revenue \u00e0 la f\u00eate, certains participants dansant et chantant au rythme de la\u00a0musique.<\/div>\n<p id=\"contentMain_contentMain_DocumentChapitres1_rptChapitres_ctl00_0_rptParagraphes_0_pTexte_9\">Les protestataires se sont donn\u00e9 rendez-vous en matin\u00e9e, devant l&#8217;Assembl\u00e9e l\u00e9gislative de l&#8217;Ontario, avant de remonter l&#8217;avenue Queen&#8217;s Park, pour emprunter Bloor jusqu&#8217;\u00e0 Yonge. La police a bloqu\u00e9 la circulation automobile toute la journ\u00e9e en fonction de leur\u00a0itin\u00e9raire.<\/p>\n<p id=\"contentMain_contentMain_DocumentChapitres1_rptChapitres_ctl00_0_rptParagraphes_0_pTexte_10\">La date du 16 f\u00e9vrier a \u00e9t\u00e9 choisie pour marquer le vingti\u00e8me anniversaire de la r\u00e9pression sanglante de chr\u00e9tiens \u00e0 Kinshasa, capitale de la RDC, qui protestaient en 1992 contre le r\u00e9gime du pr\u00e9sident Mobutu Sese\u00a0Seko.<\/p>\n<p id=\"contentMain_contentMain_DocumentChapitres1_rptChapitres_ctl00_0_rptParagraphes_0_pTexte_11\">\u00ab\u00a0Vingt ans plus tard, on se retrouve dans le m\u00eame contexte\u00a0\u00bb, a soulign\u00e9\u00a0M.\u00a0Kabongo.<\/p>\n<div>La Commission \u00e9lectorale centrale ind\u00e9pendante avait <a href=\"http:\/\/www.radio-canada.ca\/nouvelles\/International\/2011\/12\/09\/005-rdc-kabila-president.shtml\" target=\"_blank\" rel=\"noopener\">proclam\u00e9 la victoire de Joseph Kabila<\/a> en d\u00e9cembre dernier, d\u00e9clenchant une vague de violence en RDC.<\/p>\n<p>Des manifestations avaient \u00e9t\u00e9 organis\u00e9es en r\u00e9action \u00e0 cette d\u00e9cision \u00e0 Montr\u00e9al, Ottawa et Toronto, o\u00f9 <a href=\"http:\/\/www.radio-canada.ca\/regions\/Ontario\/2011\/12\/06\/010-congo-elections-toronto.shtml\" target=\"_blank\" rel=\"noopener\">deux manifestants avaient \u00e9t\u00e9 arr\u00eat\u00e9s<\/a>.<\/div>\n<div><\/div>\n<div>Source : http:\/\/www.radio-canada.ca\/regions\/Ontario\/2012\/02\/16\/009-manifestation-congolais-toronto.shtml<\/div>\n","protected":false},"excerpt":{"rendered":"<p>Manifestation de la communaut\u00e9 congolaise \u00e0 Toronto (16 f\u00e9vrier 2012) \u00a0 Plus de 200 manifestants ont march\u00e9 dans les rues de Toronto, jeudi, pour d\u00e9noncer le r\u00e9gime de Joseph Kabila, proclam\u00e9 pr\u00e9sident de la R\u00e9publique d\u00e9mocratique du Congo (RDC) en d\u00e9cembre\u00a0dernier. Les protestataires d\u00e9noncent les irr\u00e9gularit\u00e9s \u00e9lectorales qui ont entach\u00e9, selon eux, les \u00e9lections du [&hellip;]<\/p>\n","protected":false},"author":1,"featured_media":2054,"comment_status":"open","ping_status":"open","sticky":false,"template":"","format":"standard","meta":{"_acf_changed":false,"content-type":"","footnotes":""},"categories":[141,142,116,122],"tags":[],"class_list":["post-2052","post","type-post","status-publish","format-standard","has-post-thumbnail","hentry","category-canada","category-ce-que-disent-les-medias","category-manifs","category-news-alertes"],"acf":[],"_links":{"self":[{"href":"https:\/\/congolobilelo.com\/IN\/wp-json\/wp\/v2\/posts\/2052","targetHints":{"allow":["GET"]}}],"collection":[{"href":"https:\/\/congolobilelo.com\/IN\/wp-json\/wp\/v2\/posts"}],"about":[{"href":"https:\/\/congolobilelo.com\/IN\/wp-json\/wp\/v2\/types\/post"}],"author":[{"embeddable":true,"href":"https:\/\/congolobilelo.com\/IN\/wp-json\/wp\/v2\/users\/1"}],"replies":[{"embeddable":true,"href":"https:\/\/congolobilelo.com\/IN\/wp-json\/wp\/v2\/comments?post=2052"}],"version-history":[{"count":0,"href":"https:\/\/congolobilelo.com\/IN\/wp-json\/wp\/v2\/posts\/2052\/revisions"}],"wp:featuredmedia":[{"embeddable":true,"href":"https:\/\/congolobilelo.com\/IN\/wp-json\/"}],"wp:attachment":[{"href":"https:\/\/congolobilelo.com\/IN\/wp-json\/wp\/v2\/media?parent=2052"}],"wp:term":[{"taxonomy":"category","embeddable":true,"href":"https:\/\/congolobilelo.com\/IN\/wp-json\/wp\/v2\/categories?post=2052"},{"taxonomy":"post_tag","embeddable":true,"href":"https:\/\/congolobilelo.com\/IN\/wp-json\/wp\/v2\/tags?post=2052"}],"curies":[{"name":"wp","href":"https:\/\/api.w.org\/{rel}","templated":true}]}}