{"id":2031,"date":"2012-02-16T11:43:25","date_gmt":"2012-02-16T11:43:25","guid":{"rendered":"http:\/\/www.ingeta.com\/?p=2031"},"modified":"2012-02-16T11:43:25","modified_gmt":"2012-02-16T11:43:25","slug":"rdc-72-heures-apres-la-mort-de-katumba-mwanke-les-etats-unis-reconnaissent-le-president-kabila","status":"publish","type":"post","link":"https:\/\/congolobilelo.com\/IN\/rdc-72-heures-apres-la-mort-de-katumba-mwanke-les-etats-unis-reconnaissent-le-president-kabila\/","title":{"rendered":"RDC \u2013 72 heures apr\u00e8s la mort de Katumba Mwanke, les Etats-Unis reconnaissent le pr\u00e9sident Kabila"},"content":{"rendered":"<p>\t\t\t\t<strong>KINSHASA (Direct.cd) \u2013 72 heures apr\u00e8s la mort du proche conseiller de Joseph Kabila, le d\u00e9put\u00e9 Augustin Katumba Mwanke, l\u2019ambassadeur des Etats-Unis \u00e0 Kinshasa, James Entwistle, parlant de la position de son pays sur les \u00e9lections du 28 novembre 2011 en RDC, a d\u00e9clar\u00e9 que le gouvernement am\u00e9ricain reconna\u00eet le pr\u00e9sident Joseph Kabila.<\/strong><\/p>\n<p><img loading=\"lazy\" decoding=\"async\" src=\"http:\/\/www.ingeta.com\/wp-content\/uploads\/2012\/02\/Amb-James-Entwistle.jpg\" alt=\"\" title=\"James Entwistle\" width=\"500\" height=\"300\" class=\"alignnone size-full wp-image-2032\" \/><\/p>\n<p>\u00ab La position des Etats Unis est claire : nous reconnaissons Joseph Kabila comme pr\u00e9sident de la R\u00e9publique D\u00e9mocratique du Congo pour les cinq ann\u00e9es \u00e0 venir \u00bb, a-t-il dit lors d\u2019une conf\u00e9rence de presse, tout en expirmant l\u2019espoir que \u00ab les irr\u00e9gularit\u00e9s constat\u00e9es le 28 novembre 2011 seront \u00e9vit\u00e9es aux prochaines \u00e9lections provinciales, locales et autres \u00bb.<\/p>\n<p>A l\u2019en croire, dans le contexte actuel du pays, le gouvernement et les partis politiques peuvent entreprendre certaines actions concr\u00e8tes pour promouvoir la d\u00e9mocratie en RDC.<\/p>\n<p>Les Etats-Unis encouragent la formation d\u2019un gouvernement inclusif en RDC et recommandent vivement \u00e0 tous les partis \u00e9lus \u00e0 l\u2019Assembl\u00e9e nationale de participer \u00e0 ses d\u00e9lib\u00e9rations, a d\u00e9clar\u00e9 le diplomate am\u00e9ricain.<\/p>\n<p>L\u2019opposant congolais Etienne Tshisekedi, leader de l\u2019Union pour la d\u00e9mocratie et le progr\u00e8s social (UDPS), a contest\u00e9 les r\u00e9sultats de l\u2019\u00e9lection pr\u00e9sidentielle du 28 nvoembre 2011 et s\u2019est autoproclam\u00e9 \u00ab pr\u00e9sident \u00e9lu \u00bb.<\/p>\n<p>Selon la Commission \u00e9lectorale nationale ind\u00e9pendante (CENI), le pr\u00e9sident Kabila a \u00e9t\u00e9 r\u00e9\u00e9lu en remportant 48,97% des voix exprim\u00e9es.<\/p>\n<p>Rappelons que l\u2019ann\u00e9e derni\u00e8re, des c\u00e2bles diplomatiques de Wikileaks affirmaient que l\u2019administration am\u00e9ricaine reprocherait \u00e0 Joseph Kabila de manquer de leadership, de briller par ses absences aux rencontres internationales importantes, et de subir le diktat du \u00abtr\u00e8s discret\u00bb  Katumba Mwanke .<\/p>\n<p>Ce rapport diplomatique attribu\u00e9 \u00e0 l\u2019ancien ambassadeur am\u00e9ricain William Garvelink affirme notamment qu\u2019en 2009, il semble qu\u2019il (Joseph Kabila) ait soigneusement \u00e9vit\u00e9 de faire preuve de leadership, comme quand il a choisi de ne pas assister \u00e0 d\u2019importantes rencontres internationales (\u2026)<\/p>\n<p>Wikileaks r\u00e9v\u00e8le \u00e9galement que l\u2019ancien ambassadeur avait, quelques semaines auparavant, \u201c \u00e9mis l\u2019hypoth\u00e8se que si Kabila ne tenait pas \u00e0 participer \u00e0 ce type de sommets, c\u2019est parce qu\u2019il \u00e9tait tr\u00e8s sensible au fait que les autres leaders le pointaient du doigt et aux accusations des m\u00e9dias \u00bb. Et Garvelink de conclure : Kabila ? \u00ab a man of little action and fewer words \u00bb (un homme qui fait peu et en dit encore moins \u00bb.<\/p>\n<p>Et comme par miracle ou simple co\u00efncidence, les pilotes du crash qui a tu\u00e9 le \u00ab bras droit \u00bb de Joseph Kabila \u00e9taient des \u2026 am\u00e9ricains.<\/p>\n<p>Bizarre.\t\t<\/p>\n","protected":false},"excerpt":{"rendered":"<p>KINSHASA (Direct.cd) \u2013 72 heures apr\u00e8s la mort du proche conseiller de Joseph Kabila, le d\u00e9put\u00e9 Augustin Katumba Mwanke, l\u2019ambassadeur des Etats-Unis \u00e0 Kinshasa, James Entwistle, parlant de la position de son pays sur les \u00e9lections du 28 novembre 2011 en RDC, a d\u00e9clar\u00e9 que le gouvernement am\u00e9ricain reconna\u00eet le pr\u00e9sident Joseph Kabila. \u00ab La [&hellip;]<\/p>\n","protected":false},"author":1,"featured_media":2032,"comment_status":"open","ping_status":"open","sticky":false,"template":"","format":"standard","meta":{"_acf_changed":false,"content-type":"","footnotes":""},"categories":[107,122,124],"tags":[],"class_list":["post-2031","post","type-post","status-publish","format-standard","has-post-thumbnail","hentry","category-analyses-commentaires","category-news-alertes","category-politique-societe"],"acf":[],"_links":{"self":[{"href":"https:\/\/congolobilelo.com\/IN\/wp-json\/wp\/v2\/posts\/2031","targetHints":{"allow":["GET"]}}],"collection":[{"href":"https:\/\/congolobilelo.com\/IN\/wp-json\/wp\/v2\/posts"}],"about":[{"href":"https:\/\/congolobilelo.com\/IN\/wp-json\/wp\/v2\/types\/post"}],"author":[{"embeddable":true,"href":"https:\/\/congolobilelo.com\/IN\/wp-json\/wp\/v2\/users\/1"}],"replies":[{"embeddable":true,"href":"https:\/\/congolobilelo.com\/IN\/wp-json\/wp\/v2\/comments?post=2031"}],"version-history":[{"count":0,"href":"https:\/\/congolobilelo.com\/IN\/wp-json\/wp\/v2\/posts\/2031\/revisions"}],"wp:featuredmedia":[{"embeddable":true,"href":"https:\/\/congolobilelo.com\/IN\/wp-json\/"}],"wp:attachment":[{"href":"https:\/\/congolobilelo.com\/IN\/wp-json\/wp\/v2\/media?parent=2031"}],"wp:term":[{"taxonomy":"category","embeddable":true,"href":"https:\/\/congolobilelo.com\/IN\/wp-json\/wp\/v2\/categories?post=2031"},{"taxonomy":"post_tag","embeddable":true,"href":"https:\/\/congolobilelo.com\/IN\/wp-json\/wp\/v2\/tags?post=2031"}],"curies":[{"name":"wp","href":"https:\/\/api.w.org\/{rel}","templated":true}]}}