{"id":2013,"date":"2012-02-15T13:33:25","date_gmt":"2012-02-15T13:33:25","guid":{"rendered":"http:\/\/www.ingeta.com\/?p=2013"},"modified":"2012-02-15T13:33:25","modified_gmt":"2012-02-15T13:33:25","slug":"une-conference-de-louis-michel-reportee-par-craintes-de-troubles","status":"publish","type":"post","link":"https:\/\/congolobilelo.com\/IN\/une-conference-de-louis-michel-reportee-par-craintes-de-troubles\/","title":{"rendered":"Une conf\u00e9rence de Louis Michel report\u00e9e par craintes de troubles"},"content":{"rendered":"<p>\t\t\t\t<em><strong>Source: Agence de presse Belga.<\/strong><\/em><\/p>\n<p>Louis Michel devait tenir vendredi une conf\u00e9rence \u00e0 Jodoigne. Le th\u00e8me : &#8221;Europe, Afrique, indispensable alliance&#8221;.<\/p>\n<p>Une conf\u00e9rence sur l&#8217;Afrique que l&#8217;eurod\u00e9put\u00e9 et ancien ministre Louis Michel devait donner vendredi \u00e0 Jodoigne a \u00e9t\u00e9 report\u00e9e \u00e0 une date ult\u00e9rieure par crainte de d\u00e9bordements de la part de partisans de l&#8217;opposition congolaise.<\/p>\n<p>&#8220;Nous avons \u00e9t\u00e9 avertis de source s\u00fbre que la conf\u00e9rence de M. Louis Michel qui devait avoir lieu le vendredi 17 f\u00e9vrier \u00e0 Jodoigne sur le th\u00e8me Europe, Afrique, indispensable alliance pourrait \u00eatre le th\u00e9\u00e2tre de d\u00e9bordements compte tenu des probl\u00e8mes actuels que connait le Congo&#8221;, a indiqu\u00e9 le pr\u00e9sident du Cercle de la libre Pens\u00e9e de la commune, Luc Libon.<\/p>\n<p>&#8220;Soucieux de ne pas mettre en p\u00e9ril l&#8217;int\u00e9grit\u00e9 physique du conf\u00e9rencier et des participants, en accord avec toutes les parties, nous avons d\u00e9cid\u00e9 de reporter cette conf\u00e9rence \u00e0 une date ult\u00e9rieure qui sera fix\u00e9e prochainement&#8221;, a-t-il ajout\u00e9.<\/p>\n<p>&#8220;Nous avons encore en m\u00e9moire les \u00e9v\u00e8nements survenus \u00e0 Bruxelles ces derni\u00e8res semaines&#8221;, rappelle M. Libon, dans une allusion aux violences dont le quartier de Matonge \u00e0 Ixelles a \u00e9t\u00e9 le th\u00e9\u00e2tre de la part d&#8217;opposants congolais pour protester contre les r\u00e9sultats des \u00e9lections du 28 novembre dernier en<\/p>\n<p>R\u00e9publique d\u00e9mocratique du Congo (RDC) qui ont donn\u00e9 la victoire au pr\u00e9sident sortant Joseph Kabila et \u00e0 son camp.<\/p>\n<p>Des appels \u00e0 manifester \u00e0 Jodoigne vendredi ont effectivement \u00e9t\u00e9 diffus\u00e9s par les milieux d\u00e9fendant la th\u00e8se d&#8217;une victoire vol\u00e9e, par le recours massif \u00e0 la fraude, \u00e0 l&#8217;opposant historique \u00c9tienne Tshisekedi, le pr\u00e9sident de l&#8217;Union pour la D\u00e9mocratie et le Progr\u00e8s social (UDPS).\t\t<\/p>\n","protected":false},"excerpt":{"rendered":"<p>Source: Agence de presse Belga. Louis Michel devait tenir vendredi une conf\u00e9rence \u00e0 Jodoigne. Le th\u00e8me : &#8221;Europe, Afrique, indispensable alliance&#8221;. Une conf\u00e9rence sur l&#8217;Afrique que l&#8217;eurod\u00e9put\u00e9 et ancien ministre Louis Michel devait donner vendredi \u00e0 Jodoigne a \u00e9t\u00e9 report\u00e9e \u00e0 une date ult\u00e9rieure par crainte de d\u00e9bordements de la part de partisans de l&#8217;opposition [&hellip;]<\/p>\n","protected":false},"author":1,"featured_media":2017,"comment_status":"open","ping_status":"open","sticky":false,"template":"","format":"standard","meta":{"_acf_changed":false,"content-type":"","footnotes":""},"categories":[122,124],"tags":[],"class_list":["post-2013","post","type-post","status-publish","format-standard","has-post-thumbnail","hentry","category-news-alertes","category-politique-societe"],"acf":[],"_links":{"self":[{"href":"https:\/\/congolobilelo.com\/IN\/wp-json\/wp\/v2\/posts\/2013","targetHints":{"allow":["GET"]}}],"collection":[{"href":"https:\/\/congolobilelo.com\/IN\/wp-json\/wp\/v2\/posts"}],"about":[{"href":"https:\/\/congolobilelo.com\/IN\/wp-json\/wp\/v2\/types\/post"}],"author":[{"embeddable":true,"href":"https:\/\/congolobilelo.com\/IN\/wp-json\/wp\/v2\/users\/1"}],"replies":[{"embeddable":true,"href":"https:\/\/congolobilelo.com\/IN\/wp-json\/wp\/v2\/comments?post=2013"}],"version-history":[{"count":0,"href":"https:\/\/congolobilelo.com\/IN\/wp-json\/wp\/v2\/posts\/2013\/revisions"}],"wp:featuredmedia":[{"embeddable":true,"href":"https:\/\/congolobilelo.com\/IN\/wp-json\/"}],"wp:attachment":[{"href":"https:\/\/congolobilelo.com\/IN\/wp-json\/wp\/v2\/media?parent=2013"}],"wp:term":[{"taxonomy":"category","embeddable":true,"href":"https:\/\/congolobilelo.com\/IN\/wp-json\/wp\/v2\/categories?post=2013"},{"taxonomy":"post_tag","embeddable":true,"href":"https:\/\/congolobilelo.com\/IN\/wp-json\/wp\/v2\/tags?post=2013"}],"curies":[{"name":"wp","href":"https:\/\/api.w.org\/{rel}","templated":true}]}}