{"id":1975,"date":"2012-02-13T17:43:23","date_gmt":"2012-02-13T17:43:23","guid":{"rendered":"http:\/\/www.ingeta.com\/?p=1975"},"modified":"2012-02-13T17:43:23","modified_gmt":"2012-02-13T17:43:23","slug":"rumeur-de-coup-de-force-a-kinshasa","status":"publish","type":"post","link":"https:\/\/congolobilelo.com\/IN\/rumeur-de-coup-de-force-a-kinshasa\/","title":{"rendered":"Rumeur de coup de force \u00e0 Kinshasa"},"content":{"rendered":"<p>\t\t\t\t<em><strong>Par Lomomba Emongo, \u00e9crivain et professeur de philosophie.<\/strong><\/em><\/p>\n<p>La rumeur courrait depuis vendredi 10 f\u00e9vrier 2012 dans la capitale du Congo-Kinshasa voulant que quelque chose se pr\u00e9parait dans le pays entre le samedi et le dimanche et qu\u2019il valait mieux demeurer tr\u00e8s prudent. Des r\u00e9unions occultes se seraient multipli\u00e9es dans certaines chancelleries occidentales (Mme Colette Braeckman se serait m\u00eame trouv\u00e9e \u00e0 Kinshasa pour couvrir l\u2019\u00e9v\u00e9nement) dans le but de d\u00e9signer Zo\u00e9 Kabila (fr\u00e8re de Joseph) comme pr\u00e9sident de la r\u00e9publique, Joseph Kabila \u00e9tant gravement atteint de troubles psychiques (ce qui expliquerait son absence prolong\u00e9e de la sc\u00e8ne publique).<\/p>\n<p>Il est \u00e0 noter que depuis quelque temps, Zo\u00e9 Kabila circule en cort\u00e8ge officiel dans la capitale et donne des audiences \u00ab officielles \u00bb au Palais de la Nation. Toujours selon la rumeur, Katumba Mwanke se serait oppos\u00e9 au projet; d\u2019o\u00f9 son envoi en \u00ab mission \u00bb \u00e0 Kigali via l\u2019\u00eele d\u2019Idjwi o\u00f9 il devait rencontrer secr\u00e8tement des \u00e9missaires du Rwanda tut\u00e9laire.<\/p>\n<p>Naturellement, on se sera assur\u00e9 que l\u2019avion n\u2019arriverait jamais \u00e0 sa destination.<\/p>\n<p>Mes observations, cela \u00e9tant, sont les suivantes :<\/p>\n<p>1. Chacun sait que si la rumeur ne peut rien prouver de mani\u00e8re irr\u00e9futable, elle ment rarement quant au fond de ce qu\u2019elle avance. Cela est particuli\u00e8rement vrai \u00e0 Kinshasa.<\/p>\n<p>2. Si la rumeur que je viens de rapporter dit un tant soit peu la v\u00e9rit\u00e9, c\u2019est que ceux qui ont \u00e9lev\u00e9 Joseph Kabila \u00e0 la t\u00eate de l\u2019\u00c9tat congolais apr\u00e8s l\u2019assassinat de Laurent- D\u00e9sir\u00e9 Kabila travaillent d\u2019arrache-pied pour r\u00e9\u00e9diter le m\u00eame exploit avec Zo\u00e9 Kabila.<\/p>\n<p>Y conforte une autre rumeur parlant de la convocation pour le m\u00eame week-end de l\u2019\u00ab accident \u00bb des grands du r\u00e9gime \u00e0 Kingakati en l\u2019absence de J. Kabila.<\/p>\n<p>3. Dans la mesure o\u00f9 l\u2019avion crach\u00e9 appartiendrait \u00e0 Mo\u00efse Katumbi, les pilotes sudafricains devaient sinon conna\u00eetre l\u2019a\u00e9roport de Kavumu, du moins avoir une longue exp\u00e9rience de cette sorte d\u2019a\u00e9roport de l\u2019arri\u00e8re-pays. Ce qui contredit en principe la th\u00e8se de l\u2019erreur humaine que propose trop h\u00e2tivement Colette Braeckman en dehors de toute enqu\u00eate autoris\u00e9e et de toute expertise en mati\u00e8re de crashes d\u2019avion.<\/p>\n<p>4. Comment, au demeurant, des hautes personnalit\u00e9s habitu\u00e9es \u00e0 voyager en avion n\u2019auraient-elles pas boucl\u00e9 leur ceinture au moment de l\u2019approche finale vers un a\u00e9roport que les pilotes ne conna\u00eetraient pas de surcro\u00eet ? \u00c0 qui donc profite la mort des deux pilotes qu\u2019il aurait fallu d\u00e9sincarc\u00e9rer et de Katumba Mwanke en la circonstance ?<\/p>\n<p>5. Collette Braeckman d\u00e9cid\u00e9ment tr\u00e8s bien inform\u00e9e en tr\u00e8s peu de temps nous apprend en passant que l\u2019installation de l\u2019assembl\u00e9e nationale aurait lieu le jeudi 16 f\u00e9vrier 2012. L\u2019occasion serait belle pour le r\u00e9gime de sortir la grosse artillerie ; pr\u00e9texte officiel : la s\u00e9curit\u00e9 des officiels ; cons\u00e9quence pr\u00e9visible : massacre programm\u00e9 des manifestants chr\u00e9tiens pour atteinte \u00e0 l\u2019ordre public ou quelque chose d\u2019approchant.<\/p>\n<p>Bref, les signes se multiplient, qui ne trompent pas, suivant lesquels plus rien ne va dans le camp de l\u2019usurpateur Kabila. Le peuple du Congo doit r\u00e9aliser que le pouvoir lui appartient, que m\u00eame l\u2019usurpateur J. Kabila n\u2019est plus de la partie, que s\u2019il ne le prend pas MAINTENANT, ses ennemis le lui raviront sans faute une fois encore.<\/p>\n<p>Je m\u2019enflamme ? Peut-\u00eatre oui et peut-\u00eatre non. J\u2019invite tout un chacun \u00e0 m\u00e9diter l\u2019anomalie contenue dans le dernier verbiage du tristement c\u00e9l\u00e8bre Lambert Mende :<\/p>\n<p>apr\u00e8s avoir all\u00e9gu\u00e9 les charges les plus graves (dont l\u2019atteinte \u00e0 la s\u00fbret\u00e9 de l\u2019\u00c9tat) \u00e0 l\u2019encontre de M. Shabani, ci-devant secr\u00e9taire g\u00e9n\u00e9ral de l\u2019UDPS, il affirme du m\u00eame souffle que le \u00ab suspect \u00bb jouira quand m\u00eame de sa libert\u00e9 de mouvement \u00e0 l\u2019\u00e9chelle nationale.<\/p>\n<p>Suspect\u00e9 de participer \u00e0 un coup d\u2019\u00c9tat (car c\u2019est bien de cela qu\u2019il s\u2019agit) et n\u2019\u00eatre m\u00eame pas plac\u00e9 en r\u00e9sidence surveill\u00e9e\u2026<\/p>\n<p>Le moment est plus que propice pour frapper. Puisse la date du 16 f\u00e9vrier 2012 entrer dans l\u2019histoire du Congo-Kinshasa comme le jour de la prise du pouvoir par le peuple, le d\u00e9but de l\u2019\u00c9tat de droit et de la lib\u00e9ration du pays du joug n\u00e9ocolonialiste ?<\/p>\n<p><strong><em>Lomomba Emongo,<br \/>\n\u00c9crivain et professeur de philosophie<\/em><\/strong>\t\t<\/p>\n","protected":false},"excerpt":{"rendered":"<p>Par Lomomba Emongo, \u00e9crivain et professeur de philosophie. La rumeur courrait depuis vendredi 10 f\u00e9vrier 2012 dans la capitale du Congo-Kinshasa voulant que quelque chose se pr\u00e9parait dans le pays entre le samedi et le dimanche et qu\u2019il valait mieux demeurer tr\u00e8s prudent. Des r\u00e9unions occultes se seraient multipli\u00e9es dans certaines chancelleries occidentales (Mme Colette [&hellip;]<\/p>\n","protected":false},"author":1,"featured_media":1976,"comment_status":"open","ping_status":"open","sticky":false,"template":"","format":"standard","meta":{"_acf_changed":false,"content-type":"","footnotes":""},"categories":[107,122,124],"tags":[],"class_list":["post-1975","post","type-post","status-publish","format-standard","has-post-thumbnail","hentry","category-analyses-commentaires","category-news-alertes","category-politique-societe"],"acf":[],"_links":{"self":[{"href":"https:\/\/congolobilelo.com\/IN\/wp-json\/wp\/v2\/posts\/1975","targetHints":{"allow":["GET"]}}],"collection":[{"href":"https:\/\/congolobilelo.com\/IN\/wp-json\/wp\/v2\/posts"}],"about":[{"href":"https:\/\/congolobilelo.com\/IN\/wp-json\/wp\/v2\/types\/post"}],"author":[{"embeddable":true,"href":"https:\/\/congolobilelo.com\/IN\/wp-json\/wp\/v2\/users\/1"}],"replies":[{"embeddable":true,"href":"https:\/\/congolobilelo.com\/IN\/wp-json\/wp\/v2\/comments?post=1975"}],"version-history":[{"count":0,"href":"https:\/\/congolobilelo.com\/IN\/wp-json\/wp\/v2\/posts\/1975\/revisions"}],"wp:featuredmedia":[{"embeddable":true,"href":"https:\/\/congolobilelo.com\/IN\/wp-json\/"}],"wp:attachment":[{"href":"https:\/\/congolobilelo.com\/IN\/wp-json\/wp\/v2\/media?parent=1975"}],"wp:term":[{"taxonomy":"category","embeddable":true,"href":"https:\/\/congolobilelo.com\/IN\/wp-json\/wp\/v2\/categories?post=1975"},{"taxonomy":"post_tag","embeddable":true,"href":"https:\/\/congolobilelo.com\/IN\/wp-json\/wp\/v2\/tags?post=1975"}],"curies":[{"name":"wp","href":"https:\/\/api.w.org\/{rel}","templated":true}]}}