{"id":1955,"date":"2012-02-13T07:41:53","date_gmt":"2012-02-13T07:41:53","guid":{"rendered":"http:\/\/www.ingeta.com\/?p=1955"},"modified":"2012-02-13T07:41:53","modified_gmt":"2012-02-13T07:41:53","slug":"cooperation-militaire-le-chef-de-la-defense-belge-en-visite-au-congo","status":"publish","type":"post","link":"https:\/\/congolobilelo.com\/IN\/cooperation-militaire-le-chef-de-la-defense-belge-en-visite-au-congo\/","title":{"rendered":"Coop\u00e9ration militaire: le chef de la D\u00e9fense belge en visite au Congo"},"content":{"rendered":"<p>\t\t\t\t<strong>Source: Belga. Publi\u00e9: jeudi 09 f\u00e9vrier 2012 \u00e0 12h37.<\/strong><em><strong><\/strong><\/em><\/p>\n<p><em><strong>Le &#8220;patron&#8221; de l&#8217;arm\u00e9e belge, le g\u00e9n\u00e9ral Charles-Henri Delcour, a \u00e9voqu\u00e9 mercredi la coop\u00e9ration bilat\u00e9rale entre la Belgique et la R\u00e9publique du Congo (Brazzaville) au cours d&#8217;une visite dans la capitale congolaise, a rapport\u00e9 jeudi la presse locale.<\/strong><\/em><\/p>\n<p>&#8220;L&#8217;objet de ma visite \u00e9tait tout d&#8217;abord de rencontrer mon coll\u00e8gue, parce que le Congo-Brazzaville est un pays ami pour la Belgique. Il nous a toujours aid\u00e9s quand il y avait besoin d&#8217;y transiter pour aller ailleurs. C&#8217;est un pays qui partage notre souci strat\u00e9gique de faire tout ce qui est possible pour aider \u00e0 plus de stabilit\u00e9, au respect des droits de l&#8217;homme dans la r\u00e9gion des Grands Lacs&#8221;, a affirm\u00e9 le chef de la D\u00e9fense (CHOD). Il s&#8217;exprimait \u00e0 l&#8217;issue d&#8217;un entretien avec le chef d&#8217;\u00e9tat-major g\u00e9n\u00e9ral des Forces arm\u00e9es congolaises, le g\u00e9n\u00e9ral de division Charles Richard Mondjo, et le ministre \u00e0 la pr\u00e9sidence charg\u00e9 de la D\u00e9fense nationale, Charles Zacharie Bowao. Les \u00e9changes ont port\u00e9 essentiellement sur la coop\u00e9ration militaire entre les deux pays. &#8220;Nous avons pass\u00e9 en revue la coop\u00e9ration militaire, bien que modeste, que nos deux pays entretiennent, principalement dans le domaine de la formation dans les \u00e9coles belges. Cet \u00e9change de vues nous a permis de mieux cibler et de comprendre aussi les besoins du Congo, et surtout, de voir dans quelle mesure nous pouvons r\u00e9orienter ou mieux r\u00e9pondre aux attentes du Congo et de ses priorit\u00e9s&#8221;, a ajout\u00e9 le g\u00e9n\u00e9ral Delcour, cit\u00e9 par le site &#8216;Les D\u00e9p\u00eaches de Brazzaville&#8217;. &#8220;Il faut s&#8217;attendre \u00e0 des actions mieux cibl\u00e9es. Le g\u00e9n\u00e9ral m&#8217;a dit qu&#8217;il souhaiterait un centre de formation d&#8217;\u00e9tat-major. Nous allons combler ce d\u00e9sir&#8221;, a assur\u00e9 le patron de l&#8217;arm\u00e9e belge. Selon un porte-parole militaire \u00e0 Bruxelles, le g\u00e9n\u00e9ral Delcour devait aussi se rendre au Rwanda. (PVO)<\/p>\n<p>&nbsp;<\/p>\n<p><strong><em>Source: Belga<\/em><\/strong>\t\t<\/p>\n","protected":false},"excerpt":{"rendered":"<p>Source: Belga. Publi\u00e9: jeudi 09 f\u00e9vrier 2012 \u00e0 12h37. Le &#8220;patron&#8221; de l&#8217;arm\u00e9e belge, le g\u00e9n\u00e9ral Charles-Henri Delcour, a \u00e9voqu\u00e9 mercredi la coop\u00e9ration bilat\u00e9rale entre la Belgique et la R\u00e9publique du Congo (Brazzaville) au cours d&#8217;une visite dans la capitale congolaise, a rapport\u00e9 jeudi la presse locale. &#8220;L&#8217;objet de ma visite \u00e9tait tout d&#8217;abord de [&hellip;]<\/p>\n","protected":false},"author":1,"featured_media":1956,"comment_status":"open","ping_status":"open","sticky":false,"template":"","format":"standard","meta":{"_acf_changed":false,"content-type":"","footnotes":""},"categories":[122,124],"tags":[],"class_list":["post-1955","post","type-post","status-publish","format-standard","has-post-thumbnail","hentry","category-news-alertes","category-politique-societe"],"acf":[],"_links":{"self":[{"href":"https:\/\/congolobilelo.com\/IN\/wp-json\/wp\/v2\/posts\/1955","targetHints":{"allow":["GET"]}}],"collection":[{"href":"https:\/\/congolobilelo.com\/IN\/wp-json\/wp\/v2\/posts"}],"about":[{"href":"https:\/\/congolobilelo.com\/IN\/wp-json\/wp\/v2\/types\/post"}],"author":[{"embeddable":true,"href":"https:\/\/congolobilelo.com\/IN\/wp-json\/wp\/v2\/users\/1"}],"replies":[{"embeddable":true,"href":"https:\/\/congolobilelo.com\/IN\/wp-json\/wp\/v2\/comments?post=1955"}],"version-history":[{"count":0,"href":"https:\/\/congolobilelo.com\/IN\/wp-json\/wp\/v2\/posts\/1955\/revisions"}],"wp:featuredmedia":[{"embeddable":true,"href":"https:\/\/congolobilelo.com\/IN\/wp-json\/"}],"wp:attachment":[{"href":"https:\/\/congolobilelo.com\/IN\/wp-json\/wp\/v2\/media?parent=1955"}],"wp:term":[{"taxonomy":"category","embeddable":true,"href":"https:\/\/congolobilelo.com\/IN\/wp-json\/wp\/v2\/categories?post=1955"},{"taxonomy":"post_tag","embeddable":true,"href":"https:\/\/congolobilelo.com\/IN\/wp-json\/wp\/v2\/tags?post=1955"}],"curies":[{"name":"wp","href":"https:\/\/api.w.org\/{rel}","templated":true}]}}