{"id":1912,"date":"2012-02-10T10:45:48","date_gmt":"2012-02-10T10:45:48","guid":{"rendered":"http:\/\/www.ingeta.com\/?p=1912"},"modified":"2012-02-10T10:45:48","modified_gmt":"2012-02-10T10:45:48","slug":"suede-mega-marche-des-congolais-a-stockholm-le-16-fevrier-2012-a-13h","status":"publish","type":"post","link":"https:\/\/congolobilelo.com\/IN\/suede-mega-marche-des-congolais-a-stockholm-le-16-fevrier-2012-a-13h\/","title":{"rendered":"Su\u00e8de: M\u00e9ga marche des Congolais \u00e0 Stockholm. Le 16 f\u00e9vrier 2012 \u00e0 13h."},"content":{"rendered":"<p>\t\t\t\t&nbsp;<\/p>\n<p>&nbsp;<\/p>\n<p><strong>Date:<\/strong> 16 f\u00e9vrier 2012<br \/>\n<strong>Heure: <\/strong>13h<br \/>\n<strong>Lieu de rendez-vous:<\/strong> Sergels Torg (Plattan), M\u00e9tro Stockholms Central. Stockholm.<\/p>\n<p>Les Congolais de Stockholm organisent une m\u00e9ga marche le 16 f\u00e9vrier 2012, en m\u00e9moire des martyrs Chr\u00e9tiens du 16 f\u00e9vrier 1992 et pour d\u00e9noncer le vol de la victoire du peuple. Congolais de stockholm, de Su\u00e8de et de Scandinavie: Venez Nombreux!!!<\/p>\n<p><iframe loading=\"lazy\" src=\"http:\/\/player.vimeo.com\/video\/36111275?title=0&amp;byline=0&amp;portrait=0\" frameborder=\"0\" width=\"400\" height=\"300\"><\/iframe><\/p>\n<p>&nbsp;\t\t<\/p>\n","protected":false},"excerpt":{"rendered":"<p>&nbsp; &nbsp; Date: 16 f\u00e9vrier 2012 Heure: 13h Lieu de rendez-vous: Sergels Torg (Plattan), M\u00e9tro Stockholms Central. Stockholm. Les Congolais de Stockholm organisent une m\u00e9ga marche le 16 f\u00e9vrier 2012, en m\u00e9moire des martyrs Chr\u00e9tiens du 16 f\u00e9vrier 1992 et pour d\u00e9noncer le vol de la victoire du peuple. Congolais de stockholm, de Su\u00e8de et [&hellip;]<\/p>\n","protected":false},"author":1,"featured_media":1913,"comment_status":"open","ping_status":"open","sticky":false,"template":"","format":"standard","meta":{"_acf_changed":false,"content-type":"","footnotes":""},"categories":[155,108,116,122],"tags":[],"class_list":["post-1912","post","type-post","status-publish","format-standard","has-post-thumbnail","hentry","category-europe","category-evenements","category-manifs","category-news-alertes"],"acf":[],"_links":{"self":[{"href":"https:\/\/congolobilelo.com\/IN\/wp-json\/wp\/v2\/posts\/1912","targetHints":{"allow":["GET"]}}],"collection":[{"href":"https:\/\/congolobilelo.com\/IN\/wp-json\/wp\/v2\/posts"}],"about":[{"href":"https:\/\/congolobilelo.com\/IN\/wp-json\/wp\/v2\/types\/post"}],"author":[{"embeddable":true,"href":"https:\/\/congolobilelo.com\/IN\/wp-json\/wp\/v2\/users\/1"}],"replies":[{"embeddable":true,"href":"https:\/\/congolobilelo.com\/IN\/wp-json\/wp\/v2\/comments?post=1912"}],"version-history":[{"count":0,"href":"https:\/\/congolobilelo.com\/IN\/wp-json\/wp\/v2\/posts\/1912\/revisions"}],"wp:featuredmedia":[{"embeddable":true,"href":"https:\/\/congolobilelo.com\/IN\/wp-json\/"}],"wp:attachment":[{"href":"https:\/\/congolobilelo.com\/IN\/wp-json\/wp\/v2\/media?parent=1912"}],"wp:term":[{"taxonomy":"category","embeddable":true,"href":"https:\/\/congolobilelo.com\/IN\/wp-json\/wp\/v2\/categories?post=1912"},{"taxonomy":"post_tag","embeddable":true,"href":"https:\/\/congolobilelo.com\/IN\/wp-json\/wp\/v2\/tags?post=1912"}],"curies":[{"name":"wp","href":"https:\/\/api.w.org\/{rel}","templated":true}]}}