{"id":1904,"date":"2012-02-10T10:25:36","date_gmt":"2012-02-10T10:25:36","guid":{"rendered":"http:\/\/www.ingeta.com\/?p=1904"},"modified":"2012-02-10T10:25:36","modified_gmt":"2012-02-10T10:25:36","slug":"usa-mega-marche-des-congolais-et-amis-du-congo-a-new-york-et-washingtondc-le-16-fevrier-2012","status":"publish","type":"post","link":"https:\/\/congolobilelo.com\/IN\/usa-mega-marche-des-congolais-et-amis-du-congo-a-new-york-et-washingtondc-le-16-fevrier-2012\/","title":{"rendered":"USA: Mega marche des Congolais et amis du Congo \u00e0 New-York et Washington,DC. Le 16 f\u00e9vrier 2012"},"content":{"rendered":"<p>\t\t\t\t<strong>Date:<\/strong> 16 f\u00e9vrier 2012<br \/>\n<strong>Lieux:<\/strong> Washington, DC (Metro: Foggy Bottom) et New-York city<br \/>\n<strong>Heure:<\/strong> 9 heures.<\/p>\n<p><strong>Contacts:<\/strong><br \/>\nEmile Bula: +1 240 552 1996<br \/>\nDr Constant Mbala: 240 755 2742<\/p>\n<p>Le 16 f\u00e9vrier 2012, journ\u00e9e historique au Congo, l&#8217;Eglise Catholique appelle \u00e0 la mobilisation g\u00e9n\u00e9rale. En \u00e9cho \u00e0 cette initiative, la communaut\u00e9 congolaise des USA et les amis du Congo marcheront \u00e0 New-York et \u00e0 Washington le 16 f\u00e9vrier \u00e0 partir de 9h du matin. Venez nombreux!!<\/p>\n<p><iframe loading=\"lazy\" src=\"http:\/\/player.vimeo.com\/video\/36437953?title=0&amp;byline=0&amp;portrait=0\" frameborder=\"0\" width=\"400\" height=\"225\"><\/iframe><\/p>\n<p>&nbsp;<\/p>\n<p><iframe loading=\"lazy\" src=\"http:\/\/player.vimeo.com\/video\/36491102?title=0&amp;byline=0&amp;portrait=0\" frameborder=\"0\" width=\"400\" height=\"225\"><\/iframe><\/p>\n<p>&nbsp;\t\t<\/p>\n","protected":false},"excerpt":{"rendered":"<p>Date: 16 f\u00e9vrier 2012 Lieux: Washington, DC (Metro: Foggy Bottom) et New-York city Heure: 9 heures. Contacts: Emile Bula: +1 240 552 1996 Dr Constant Mbala: 240 755 2742 Le 16 f\u00e9vrier 2012, journ\u00e9e historique au Congo, l&#8217;Eglise Catholique appelle \u00e0 la mobilisation g\u00e9n\u00e9rale. En \u00e9cho \u00e0 cette initiative, la communaut\u00e9 congolaise des USA et [&hellip;]<\/p>\n","protected":false},"author":1,"featured_media":1906,"comment_status":"open","ping_status":"open","sticky":false,"template":"","format":"standard","meta":{"_acf_changed":false,"content-type":"","footnotes":""},"categories":[108,116,122,165],"tags":[],"class_list":["post-1904","post","type-post","status-publish","format-standard","has-post-thumbnail","hentry","category-evenements","category-manifs","category-news-alertes","category-usa"],"acf":[],"_links":{"self":[{"href":"https:\/\/congolobilelo.com\/IN\/wp-json\/wp\/v2\/posts\/1904","targetHints":{"allow":["GET"]}}],"collection":[{"href":"https:\/\/congolobilelo.com\/IN\/wp-json\/wp\/v2\/posts"}],"about":[{"href":"https:\/\/congolobilelo.com\/IN\/wp-json\/wp\/v2\/types\/post"}],"author":[{"embeddable":true,"href":"https:\/\/congolobilelo.com\/IN\/wp-json\/wp\/v2\/users\/1"}],"replies":[{"embeddable":true,"href":"https:\/\/congolobilelo.com\/IN\/wp-json\/wp\/v2\/comments?post=1904"}],"version-history":[{"count":0,"href":"https:\/\/congolobilelo.com\/IN\/wp-json\/wp\/v2\/posts\/1904\/revisions"}],"wp:featuredmedia":[{"embeddable":true,"href":"https:\/\/congolobilelo.com\/IN\/wp-json\/"}],"wp:attachment":[{"href":"https:\/\/congolobilelo.com\/IN\/wp-json\/wp\/v2\/media?parent=1904"}],"wp:term":[{"taxonomy":"category","embeddable":true,"href":"https:\/\/congolobilelo.com\/IN\/wp-json\/wp\/v2\/categories?post=1904"},{"taxonomy":"post_tag","embeddable":true,"href":"https:\/\/congolobilelo.com\/IN\/wp-json\/wp\/v2\/tags?post=1904"}],"curies":[{"name":"wp","href":"https:\/\/api.w.org\/{rel}","templated":true}]}}