{"id":1861,"date":"2012-02-07T22:16:35","date_gmt":"2012-02-07T22:16:35","guid":{"rendered":"http:\/\/www.ingeta.com\/?p=1861"},"modified":"2012-02-07T22:16:35","modified_gmt":"2012-02-07T22:16:35","slug":"les-etats-unis-forment-un-bataillon-special-militaire-a-kinshasa","status":"publish","type":"post","link":"https:\/\/congolobilelo.com\/IN\/les-etats-unis-forment-un-bataillon-special-militaire-a-kinshasa\/","title":{"rendered":"Les Etats-Unis forment un bataillon sp\u00e9cial militaire \u00e0 Kinshasa"},"content":{"rendered":"<h4><strong><span style=\"color: black; font-family: Verdana; font-size: small;\"><a href=\"http:\/\/www.ingeta.com\/wp-content\/uploads\/2012\/02\/Logo-Africom.jpg\"><img loading=\"lazy\" decoding=\"async\" class=\"alignleft size-full wp-image-1864\" title=\"Logo Africom\" src=\"http:\/\/www.ingeta.com\/wp-content\/uploads\/2012\/02\/Logo-Africom.jpg\" alt=\"\" width=\"235\" height=\"299\" \/><\/a>07.02.12 Le Potentiel &#8211; Les Etats-Unis forment un bataillon sp\u00e9cial militaire \u00e0 Kinshasa<\/span><\/strong><\/h4>\n<p><span style=\"color: black; font-family: Verdana;\">Les Etats-Unis comptent renforcer les capacit\u00e9s des Forces arm\u00e9es de la RDC avec la formation d\u2019un bataillon sp\u00e9cial \u00e0 Kinshasa. L\u2019annonce a \u00e9t\u00e9 faite par l\u2019AFRICOM. <\/span><\/p>\n<div>\n<p><span style=\"color: black; font-family: Verdana;\">La coop\u00e9ration militaire entre la R\u00e9publique d\u00e9mocratique du Congo et les Etats-Unis d\u2019Am\u00e9rique se porte bien. En t\u00e9moigne, l\u2019audience que le ministre de la D\u00e9fense nationale et des Anciens combattants, Charles Mwando Nsimba, a accord\u00e9e le week-end dernier, \u00e0 une d\u00e9l\u00e9gation des Forces am\u00e9ricaines pour l\u2019Afrique (AFRICOM), conduite par le charg\u00e9 d\u2019affaire de l\u2019ambassade des Etats-Unis en RDC, M Laeuchil, rapporte l\u2019ACP. <\/span><\/p>\n<\/div>\n<div>\n<p><span style=\"color: black; font-family: Verdana;\">D\u2019apr\u00e8s ce charg\u00e9 d\u2019affaire, la coop\u00e9ration militaire entre les deux pays occupe un large champ d\u2019action dont la parfaite illustration demeure la formation \u00e0 Kinshasa d\u2019un bataillon sp\u00e9cial militaire. Pour lui, le programme concernant la formation est encore \u00e0 l\u2019\u00e9tude et, une solution pourrait intervenir dans un d\u00e9lai qui reste \u00e0 d\u00e9terminer. <\/span><\/p>\n<\/div>\n<div>\n<p><span style=\"color: black; font-family: Verdana;\">Quant \u00e0 ce qui concerne la pr\u00e9sence d\u2019une unit\u00e9 sp\u00e9ciale de l\u2019arm\u00e9e am\u00e9ricaine dans la traque de l\u2019Arm\u00e9e de r\u00e9sistance du seigneur (LRA), une r\u00e9bellion ougandaise dirig\u00e9e par Joseph Kony, le charg\u00e9 d\u2019affaire de l\u2019ambassade am\u00e9ricaine a pr\u00e9cis\u00e9 que les op\u00e9rations seront assur\u00e9es par les pays concern\u00e9s, et que le r\u00f4le des Etats-Unis ne se limitera qu\u2019\u00e0 aider les forces r\u00e9guli\u00e8res. Il faut rappeler que les rebelles de la LRA sont localis\u00e9s notamment au Soudan du Sud, en R\u00e9publique Centrafricaine et en RDC. <\/span><\/p>\n<\/div>\n<div>\n<p><span style=\"color: black; font-family: Verdana;\">Leur chef, recherch\u00e9 par la Cour p\u00e9nale internationale change chaque fois de cachettes dans la for\u00eat. <\/span><\/p>\n<\/div>\n<div>\n<p><span style=\"color: black; font-family: Verdana;\">L\u2019action destructrice de la LRA est condamn\u00e9e \u00e0 travers le monde et particuli\u00e8rement par les Etats-Unis qui ont d\u00e9p\u00each\u00e9 dans la r\u00e9gion une unit\u00e9 sp\u00e9ciale pour appuyer l\u2019action de traque contre Joseph Kony et ses \u00e9l\u00e9ments men\u00e9e par les gouvernements de trois pays. <\/span><\/p>\n<\/div>\n<div>\n<p><span style=\"color: black; font-family: Verdana;\">Outre cette audience, le ministre de la D\u00e9fense nationale a visit\u00e9 le m\u00eame jour, le nouveau centre de sant\u00e9 de l\u2019\u00e9tat-major g\u00e9n\u00e9ral des Forces arm\u00e9es de la RDC (FARDC), dans la capitale. Il a \u00e9t\u00e9 inform\u00e9 du fonctionnement de diff\u00e9rentes \u00e9tapes suivies par les patients avant de recevoir les soins. Ce centre est le onzi\u00e8me \u00e0 \u00eatre install\u00e9 dans la garnison de Kinshasa. Il participe ainsi \u00e0 la campagne de lutte contre les maladies cardio-vasculaires d\u00e9but\u00e9e depuis le mois de juin et durant laquelle quelque cinq mille personnes ont \u00e9t\u00e9 d\u00e9tect\u00e9es et soign\u00e9es. <\/span><\/p>\n<\/div>\n<div>\n<p><span style=\"color: black; font-family: Verdana;\">A souligner que ce centre re\u00e7oit des patients militaires ou civils prestant au minist\u00e8re de la D\u00e9fense ou \u00e0 l\u2019\u00e9tat-major g\u00e9n\u00e9ral pour les premiers soins. <\/span><\/p>\n<\/div>\n<div>\n<p><span style=\"color: black; font-family: Verdana;\">On rappelle que le ministre Mwando Nsimba \u00e9tait accompagn\u00e9 dans cette visite du colonel Gilbert Kabanda, directeur g\u00e9n\u00e9ral en charge du service de sant\u00e9 de l\u2019\u00e9tat-major g\u00e9n\u00e9ral des FARDC, tandis que les explications sur la marche du centre lui ont \u00e9t\u00e9 fournies par le colonel m\u00e9decin Nzuka Engale, directeur technique de ce service. <\/span><\/p>\n<\/div>\n<div>\u00a0<span style=\"color: black; font-family: Verdana;\">Congo Forum<\/span><\/div>\n<p>&nbsp;\t\t<\/p>\n","protected":false},"excerpt":{"rendered":"<p>07.02.12 Le Potentiel &#8211; Les Etats-Unis forment un bataillon sp\u00e9cial militaire \u00e0 Kinshasa Les Etats-Unis comptent renforcer les capacit\u00e9s des Forces arm\u00e9es de la RDC avec la formation d\u2019un bataillon sp\u00e9cial \u00e0 Kinshasa. L\u2019annonce a \u00e9t\u00e9 faite par l\u2019AFRICOM. La coop\u00e9ration militaire entre la R\u00e9publique d\u00e9mocratique du Congo et les Etats-Unis d\u2019Am\u00e9rique se porte bien. [&hellip;]<\/p>\n","protected":false},"author":1,"featured_media":1863,"comment_status":"open","ping_status":"open","sticky":false,"template":"","format":"standard","meta":{"_acf_changed":false,"content-type":"","footnotes":""},"categories":[122,162,165],"tags":[],"class_list":["post-1861","post","type-post","status-publish","format-standard","has-post-thumbnail","hentry","category-news-alertes","category-rd-congo","category-usa"],"acf":[],"_links":{"self":[{"href":"https:\/\/congolobilelo.com\/IN\/wp-json\/wp\/v2\/posts\/1861","targetHints":{"allow":["GET"]}}],"collection":[{"href":"https:\/\/congolobilelo.com\/IN\/wp-json\/wp\/v2\/posts"}],"about":[{"href":"https:\/\/congolobilelo.com\/IN\/wp-json\/wp\/v2\/types\/post"}],"author":[{"embeddable":true,"href":"https:\/\/congolobilelo.com\/IN\/wp-json\/wp\/v2\/users\/1"}],"replies":[{"embeddable":true,"href":"https:\/\/congolobilelo.com\/IN\/wp-json\/wp\/v2\/comments?post=1861"}],"version-history":[{"count":0,"href":"https:\/\/congolobilelo.com\/IN\/wp-json\/wp\/v2\/posts\/1861\/revisions"}],"wp:featuredmedia":[{"embeddable":true,"href":"https:\/\/congolobilelo.com\/IN\/wp-json\/"}],"wp:attachment":[{"href":"https:\/\/congolobilelo.com\/IN\/wp-json\/wp\/v2\/media?parent=1861"}],"wp:term":[{"taxonomy":"category","embeddable":true,"href":"https:\/\/congolobilelo.com\/IN\/wp-json\/wp\/v2\/categories?post=1861"},{"taxonomy":"post_tag","embeddable":true,"href":"https:\/\/congolobilelo.com\/IN\/wp-json\/wp\/v2\/tags?post=1861"}],"curies":[{"name":"wp","href":"https:\/\/api.w.org\/{rel}","templated":true}]}}