{"id":1832,"date":"2012-02-06T22:40:52","date_gmt":"2012-02-06T22:40:52","guid":{"rendered":"http:\/\/www.ingeta.com\/?p=1832"},"modified":"2012-02-06T22:40:52","modified_gmt":"2012-02-06T22:40:52","slug":"labsence-de-joseph-kabila-mende-na-pas-convaincu","status":"publish","type":"post","link":"https:\/\/congolobilelo.com\/IN\/labsence-de-joseph-kabila-mende-na-pas-convaincu\/","title":{"rendered":"L\u2019\u00ababsence\u00bb de \u00abJoseph Kabila\u00bb : Mende n\u2019a pas convaincu"},"content":{"rendered":"<p>\t\t\t\t<em>Par Baudouin Amba Wetshi . Source: <a href=\"http:\/\/www.congoindependant.com\/article.php?articleid=7096\">Congoindependant.com<\/a><\/em><\/p>\n<p><em><strong>O\u00f9 est pass\u00e9 le pr\u00e9sident \u00abmal r\u00e9\u00e9lu\u00bb \u00abJoseph Kabila\u00bb? En parcourrant les d\u00e9p\u00eaches de l\u2019Agence congolaise de presse, la derni\u00e8re activit\u00e9 officielle de ce dernier daterait de la journ\u00e9e du jeudi 5 janvier. Ce jour l\u00e0, l\u2019homme \u2013 aurait ? \u2013 re\u00e7u l\u2019ambassadeur de l\u2019Union europ\u00e9enne venu lui faire ses adieux. Le lieu de l\u2019audience n\u2019est pas pr\u00e9cis\u00e9. L\u2019Agence officielle note simplement \u00ab\u00e0 Kinshasa\u00bb. Depuis lors, myst\u00e8re. \u00abKabila\u00bb n\u2019a plus \u00e9t\u00e9 vu en public. Ni \u00e0 son bureau au Palais de la Nation. Ni dans sa Ferme de Kingakati. Fin janvier, un journal en ligne fran\u00e7ais \u2013 Politics inside \u2013 annon\u00e7ait une \u00abinformation exclusive\u00bb selon laquelle \u00abKabila de la RDC serait actuellement soign\u00e9 au service neuro-chirurgie dans un h\u00f4pital en Allemagne\u00bb. \u00abPlus de pr\u00e9cisions \u00e0 venir\u00bb, ajoutait cette publication. La nouvelle n\u2019a \u00e9t\u00e9 ni d\u00e9mentie ni confirm\u00e9e par les sources officielles congolaises. Au cours d\u2019un point de presse tenu vendredi 3 f\u00e9vrier, le ministre de la Communication et presse, porte-parole du gouvernement, Lambert Mende Omalanga, a \u00e9t\u00e9 interrog\u00e9 sur l\u2019invisibilit\u00e9 sans pr\u00e9c\u00e9dent de \u00abJoseph Kabila\u00bb.<\/strong><\/em><\/p>\n<p><img loading=\"lazy\" decoding=\"async\" class=\"alignnone size-full wp-image-1833\" title=\"Joseph Kabila\" src=\"http:\/\/www.ingeta.com\/wp-content\/uploads\/2012\/02\/kabila-joseph.jpg\" alt=\"\" width=\"475\" height=\"300\" \/><\/p>\n<p>Pour les juristes, l\u2019absence \u00abest l\u2019\u00e9tat d\u2019une personne dont on ignore si elle est d\u00e9c\u00e9d\u00e9e ou encore en vie\u00bb. Depuis un mois, \u00abJoseph Kabila\u00bb est invisible. Il n\u2019a plus \u00e9t\u00e9 vu au Palais de la Nation o\u00f9 se trouve le si\u00e8ge de la Pr\u00e9sidence de la R\u00e9publique. Le convoi pr\u00e9sidentiel qui attirait la curiosit\u00e9 des Kinois n\u2019est plus visible sur les routes conduisant vers la Ferme de Kingakati. O\u00f9 est pass\u00e9 le \u00abra\u00efs\u00bb? C\u2019est la question qui taraudent les Congolais en g\u00e9n\u00e9ral et les Kinois en particulier. Il s\u2019agit de savoir qui se trouve \u00e0 la barre du &#8220;navire Congo&#8221;.<\/p>\n<p>Avec son aplomb devenu l\u00e9gendaire, Lambert Mende Omalanga a r\u00e9pondu \u00e0 cette interrogation. Sans toutefois convaincre. Selon lui, &#8220;Joseph Kabila&#8221; a opt\u00e9 pour le mutisme pour ne pas &#8220;influencer le traitement du contentieux \u00e9lectoral&#8221;. \u00abLe pr\u00e9sident est oblig\u00e9 d\u2019attendre les derniers arr\u00eats de la cour supr\u00eame de justice concernant la composition d\u00e9finitive de l\u2019Assembl\u00e9e nationale\u00bb, a-t-il ajout\u00e9. A en croire Mende, \u00abKabila\u00bb s\u2019est astreint \u00e0 une \u00abattitude de r\u00e9serve\u00bb jusqu\u2019\u00e0 ce que la Cour supr\u00eame de Justice ait fini d\u2019examiner le contentieux \u00e9lectoral sur les \u00e9lections l\u00e9gislatives.<\/p>\n<p><strong>&#8220;Neuro-chirurgie&#8221;<\/strong><\/p>\n<p>Fin janvier, un journal en ligne fran\u00e7ais &#8211; Politics inside &#8211; annon\u00e7ait une \u00abinformation exclusive\u00bb selon laquelle \u00abKabila de la RDC serait actuellement soign\u00e9 au service neuro-chirurgie dans un h\u00f4pital en Allemagne\u00bb. Contact\u00e9, vendredi 3 f\u00e9vrier, par la r\u00e9daction de Congo Ind\u00e9pendant, le confr\u00e8re fran\u00e7ais s\u2019est dit confiant sur la \u00abfiabilit\u00e9\u00bb de sa source. Ajoutant que celle-ci \u00abn\u2019est pas encore revenue vers la r\u00e9daction\u00bb pour donner les \u00abpr\u00e9cisions\u00bb promises.<\/p>\n<p>Les d\u00e9clarations de Mende peinent \u00e0 convaincre. La pr\u00e9tendue \u00abattitude de r\u00e9serve\u00bb adopt\u00e9e par &#8220;Kabila&#8221; est, en effet, loin d\u2019\u00eatre inconciliable avec l\u2019accomplissement de certaines obligations officielles au plan tant national qu\u2019international. Or, depuis un mois, l\u2019homme qui tr\u00f4ne, par la ruse et la force des armes, au sommet de l\u2019Etat congolais, ressemble de plus en plus au personnage de la s\u00e9rie am\u00e9ricaine &#8220;L\u2019homme invisible&#8221;. Flashback.<\/p>\n<p>Le vendredi 20 d\u00e9cembre dernier, \u00abJoseph Kabila\u00bb pr\u00eatait serment au Mont Ngaliema en pr\u00e9sence de son vieil ami et mentor, le pr\u00e9sident zimbabw\u00e9en Robert Mugabe, l\u2019unique chef d\u2019Etat \u00e9tranger pr\u00e9sent \u00e0 cette c\u00e9r\u00e9monie. \u00abJoseph Kabila avait l\u2019air \u00ababsent\u00bb lors de cette manifestation\u00bb, disent des t\u00e9moins. Mercredi 25 d\u00e9cembre, la t\u00e9l\u00e9vision nationale (RTNC) diffusait une bande passante annon\u00e7ant avec fracas que le &#8220;couple pr\u00e9sidentiel&#8221; a pass\u00e9 la f\u00eate de la Nativit\u00e9 \u00e0 Boma. Dans une d\u00e9p\u00eache dat\u00e9e du mardi 27 d\u00e9cembre, l\u2019Agence congolaise de presse (ACP) de pr\u00e9ciser : &#8220;Le pr\u00e9sident de la R\u00e9publique, Joseph Kabila, accompagn\u00e9 de son \u00e9pouse et de ses enfants, a choisi de passer la No\u00ebl dans l\u2019ile de Mateba, situ\u00e9e aux larges de la ville de Boma, dans la province du Bas-Congo. (&#8230;).&#8221; &#8220;Le chef de l\u2019Etat (&#8230;) est arriv\u00e9 \u00e0 Boma par route, au volant de sa jeep, (&#8230;), ajoute la d\u00e9p\u00eache. Le Bas-Congo constitue la premi\u00e8re sortie du pr\u00e9sident Joseph Kabila depuis sa r\u00e9\u00e9lection \u00e0 la magistrature supr\u00eame au terme du scrutin du 28 novembre dernier&#8221;.<\/p>\n<p><strong>LD Kabila et P.E Lumumba<\/strong><\/p>\n<p>Apr\u00e8s Boma, l\u2019activit\u00e9 suivante du &#8220;ra\u00efs&#8221; date de jeudi 5 janvier. Selon le bulletin de l\u2019ACP du 6 janvier, l\u2019ambassadeur Richard Zink, repr\u00e9sentant de l\u2019Union europ\u00e9enne en RD Congo, est all\u00e9 faire ses adieux au locataire du Palais de la Nation. La d\u00e9p\u00eache indique que l\u2019audience a eu lieu &#8220;\u00e0 Kinshasa&#8221;. Sans pr\u00e9cision de lieu. Le diplomate europ\u00e9en a confi\u00e9 \u00e0 la presse avoir \u00e9voqu\u00e9 avec son interlocuteur &#8220;des questions en rapport avec la paix en RDC, dans la r\u00e9gion et en Afrique et la n\u00e9cessit\u00e9 de renforcer la coop\u00e9ration et les contacts \u00e0 haut niveau entre la RDC et l\u2019UE&#8221;. Il a par ailleurs &#8220;rappel\u00e9 au chef de l\u2019Etat que pour le d\u00e9veloppement de tout pays, il faut l\u2019intervention des secteurs priv\u00e9s, gr\u00e2ce aux investissements tant des Congolais que des \u00e9trangers.&#8221; Quelle a \u00e9t\u00e9 la r\u00e9plique de &#8220;Kabila&#8221;? Pas un mot.<\/p>\n<p>Le 16 janvier dernier marquait le onzi\u00e8me anniversaire de la disparition (?) du pr\u00e9sident Laurent-D\u00e9sir\u00e9 Kabila. La date officielle de l\u2019assassinat du Premier ministre Patrice-Emery Lumumba intervenant le lendemain, le 17 janvier de chaque ann\u00e9e est devenu le jour de c\u00e9l\u00e9bration de ces deux tragiques \u00e9v\u00e9nements. Absent, &#8220;Joseph Kabila&#8221; y a \u00e9t\u00e9 repr\u00e9sent\u00e9 \u00e0 ces deux manifestations par le pr\u00e9sident de l\u2019Assembl\u00e9e nationale, le PPRD Evariste Boshab. Jaynet et Zo\u00e9, eux, \u00e9taient pr\u00e9sents. Sans oublier la myst\u00e9rieuse Mama Sifa Mahanya.<\/p>\n<p>C\u2019est \u00e0 partir de ce moment que les rumeurs les plus folles ont commenc\u00e9 \u00e0 courir sur la &#8220;sant\u00e9&#8221; de &#8220;Joseph&#8221;. &#8220;Son \u00e9tat psychologique n\u2019est pas normal pour le moment&#8221;, confiait un habitu\u00e9 du Palais de la Nation. Une source a\u00e9roportuaire \u00e0 Ndjili assure pour sa part avoir vu plusieurs personnalit\u00e9s de premier plan, de la mouvance kabiliste, litt\u00e9ralement &#8220;chass\u00e9es&#8221; de l\u2019avion pr\u00e9sidentiel \u00e0 quelques minutes du d\u00e9collage. Destination : Lubumbashi. Au Katanga, le couple &#8220;Kabila&#8221; a \u00e9t\u00e9 &#8220;signal\u00e9&#8221; au Parc de Kundelungu. On le sait, la rumeur est &#8220;la maladie de la communication&#8221;. Les rumeurs fleurissent g\u00e9n\u00e9ralement l\u00e0 o\u00f9 les pouvoirs publics tentent de dissimuler la bonne information. Bref, la v\u00e9rit\u00e9. D\u2019aucuns auraient aper\u00e7u &#8220;Joseph&#8221; dans un centre hospitalier en Inde. D\u2019autres le disent souffrant de \u00abgonflement de ventre\u00bb, et serait hospitalis\u00e9 en Chine.<\/p>\n<p><strong>Addis-Ab\u00e9ba<\/strong><\/p>\n<p>Le myst\u00e8re ambiant n\u2019a pas laiss\u00e9 insensible certains organes de presse proches de la mouvance kabiliste. Pour &#8220;rassurer&#8221; l\u2019opinion, un confr\u00e8re s\u2019est cru en droit d\u2019annoncer le retour &#8220;imminent&#8221; du &#8220;ra\u00efs&#8221; \u00e0 Kinshasa. Date : le mercredi 25 janvier. Faux. Le &#8220;ra\u00efs&#8221;, disait-on, \u00e9tait attendu pour pr\u00e9sider la c\u00e9r\u00e9monie d\u2019\u00e9change de voeux de nouvel an avec le corps diplomatique accr\u00e9dit\u00e9 \u00e0 Kinshasa. La manifestation n\u2019a pas eu lieu. Aucune justification n\u2019a \u00e9t\u00e9 donn\u00e9e dans ce pays o\u00f9 la population est trait\u00e9e plus en &#8220;mineur d\u2019\u00e2ge&#8221; qu\u2019en tant que citoyen, digne de respect.<\/p>\n<p>Absent \u00e0 Kinshasa, &#8220;Joseph Kabila&#8221; a brill\u00e9 aussi par son absence au sommet de l\u2019Union Africaine qui s\u2019est tenu du 28 au 30 janvier \u00e0 Addis Abeba en Ethiopie. Un sommet pourtant crucial pour le continent. L\u2019\u00e9lection du prochain pr\u00e9sident de la Commission de l\u2019Union africaine \u00e9tait \u00e0 l\u2019ordre du jour. Proche du chef d\u2019Etat sud africain Jacob Zuma, &#8220;Kabila&#8221; \u00e9tait cit\u00e9 parmi les potentats africains qui allaient voter pour la candidate &#8220;sudaf&#8221; Nkosazana Zuma.<\/p>\n<p>En s\u00e9jour au Congo-Kinshasa, le tout nouveau secr\u00e9taire g\u00e9n\u00e9ral adjoint de l\u2019ONU charg\u00e9 des op\u00e9rations de maintien de la paix, le Francais Herv\u00e9 Ladsous, n\u2019a pas vu l\u2019ombre du &#8220;ra\u00efs&#8221;. Il n\u2019a \u00e9t\u00e9 re\u00e7u &#8220;que&#8221; par le Premier ministre Adolphe Muzito. Pendant que le reste du monde se trouve au &#8220;chevet&#8221; de l\u2019instabilit\u00e9 pr\u00e9valant dans la partie orientale du Congo, l\u2019homme qui tient \u00e0 rester \u00e0 tout prix \u00e0 la t\u00eate du pays se comporte en &#8220;ra\u00efs fain\u00e9ant&#8221;. Et si &#8220;Joseph Kabila&#8221; \u00e9tait devenu, en r\u00e9alit\u00e9, impotent et donc &#8220;emp\u00each\u00e9&#8221; d\u2019assumer ses responsabilit\u00e9s? Les Congolais ont le droit de savoir la v\u00e9rit\u00e9&#8230;<\/p>\n<p>&nbsp;<\/p>\n<p><em>Baudouin Amba Wetshi\u00a0\u00a0 \u00a0<\/em><br \/>\n<em>\u00a9 Congoind\u00e9pendant 2003-2012<\/em>\t\t<\/p>\n","protected":false},"excerpt":{"rendered":"<p>Par Baudouin Amba Wetshi . Source: Congoindependant.com O\u00f9 est pass\u00e9 le pr\u00e9sident \u00abmal r\u00e9\u00e9lu\u00bb \u00abJoseph Kabila\u00bb? En parcourrant les d\u00e9p\u00eaches de l\u2019Agence congolaise de presse, la derni\u00e8re activit\u00e9 officielle de ce dernier daterait de la journ\u00e9e du jeudi 5 janvier. Ce jour l\u00e0, l\u2019homme \u2013 aurait ? \u2013 re\u00e7u l\u2019ambassadeur de l\u2019Union europ\u00e9enne venu lui [&hellip;]<\/p>\n","protected":false},"author":1,"featured_media":1833,"comment_status":"open","ping_status":"open","sticky":false,"template":"","format":"standard","meta":{"_acf_changed":false,"content-type":"","footnotes":""},"categories":[107,122,124],"tags":[],"class_list":["post-1832","post","type-post","status-publish","format-standard","has-post-thumbnail","hentry","category-analyses-commentaires","category-news-alertes","category-politique-societe"],"acf":[],"_links":{"self":[{"href":"https:\/\/congolobilelo.com\/IN\/wp-json\/wp\/v2\/posts\/1832","targetHints":{"allow":["GET"]}}],"collection":[{"href":"https:\/\/congolobilelo.com\/IN\/wp-json\/wp\/v2\/posts"}],"about":[{"href":"https:\/\/congolobilelo.com\/IN\/wp-json\/wp\/v2\/types\/post"}],"author":[{"embeddable":true,"href":"https:\/\/congolobilelo.com\/IN\/wp-json\/wp\/v2\/users\/1"}],"replies":[{"embeddable":true,"href":"https:\/\/congolobilelo.com\/IN\/wp-json\/wp\/v2\/comments?post=1832"}],"version-history":[{"count":0,"href":"https:\/\/congolobilelo.com\/IN\/wp-json\/wp\/v2\/posts\/1832\/revisions"}],"wp:featuredmedia":[{"embeddable":true,"href":"https:\/\/congolobilelo.com\/IN\/wp-json\/"}],"wp:attachment":[{"href":"https:\/\/congolobilelo.com\/IN\/wp-json\/wp\/v2\/media?parent=1832"}],"wp:term":[{"taxonomy":"category","embeddable":true,"href":"https:\/\/congolobilelo.com\/IN\/wp-json\/wp\/v2\/categories?post=1832"},{"taxonomy":"post_tag","embeddable":true,"href":"https:\/\/congolobilelo.com\/IN\/wp-json\/wp\/v2\/tags?post=1832"}],"curies":[{"name":"wp","href":"https:\/\/api.w.org\/{rel}","templated":true}]}}