{"id":1815,"date":"2012-02-05T02:36:24","date_gmt":"2012-02-05T02:36:24","guid":{"rendered":"http:\/\/www.ingeta.com\/?p=1815"},"modified":"2012-02-05T02:36:24","modified_gmt":"2012-02-05T02:36:24","slug":"16-fevrier-sit-in-a-glasgow","status":"publish","type":"post","link":"https:\/\/congolobilelo.com\/IN\/16-fevrier-sit-in-a-glasgow\/","title":{"rendered":"Scotland: Sit-in \u00e0 Glasgow &#8211; &#8220;No to  Western Complicity in the Congo&#8221;. 16 f\u00e9vrier 2012 \u00e0 12h."},"content":{"rendered":"<p>\t\t\t\t<strong><a href=\"http:\/\/www.ingeta.com\/wp-content\/uploads\/2012\/02\/2xA5-West-out-of-Congo-colour.pdf\"><img loading=\"lazy\" decoding=\"async\" class=\"alignleft size-medium wp-image-1899\" title=\"A5 West out of Congo\" src=\"http:\/\/www.ingeta.com\/wp-content\/uploads\/2012\/02\/A5-West-out-of-Congo-197x300.jpg\" alt=\"\" width=\"197\" height=\"300\" \/><\/a>Date :<\/strong> 16 f\u00e9vrier 2012<\/p>\n<p><strong>Lieu :<\/strong> Georges Square, Glasgow<\/p>\n<p><strong>Heure :\u00a0<\/strong> de 12h \u00e0 15h<\/p>\n<p>Les congolais et personnes de bonne volont\u00e9 soutenant la cause du Congo sont invites nombreux a assister au sit-in organise a Glasgow Georges Square le 16\/20\/2012 en solidarit\u00e9 avec les martyrs chr\u00e9tiens suivant l&#8217;appel lance par l\u2019\u00c9glise Catholique du Congo, et pour d\u00e9noncer la complicit\u00e9 des Occidentaux.<\/p>\n<p>Le sit-in est organis\u00e9 par la Scottish Congolese Coalition.<\/p>\n<p><strong>Contact<\/strong> : Maitre Jean Paul Kasusula , <strong>+447930817906<\/strong><\/p>\n<p>&nbsp;<\/p>\n<p><a href=\"http:\/\/www.ingeta.com\/wp-content\/uploads\/2012\/02\/Scotland-glasgow-george-square.jpg\"><img loading=\"lazy\" decoding=\"async\" class=\"alignleft  wp-image-1820\" title=\"OLYMPUS DIGITAL CAMERA\" src=\"http:\/\/www.ingeta.com\/wp-content\/uploads\/2012\/02\/Scotland-glasgow-george-square.jpg\" alt=\"\" width=\"338\" height=\"252\" \/><\/a>\t\t<\/p>\n","protected":false},"excerpt":{"rendered":"<p>Date : 16 f\u00e9vrier 2012 Lieu : Georges Square, Glasgow Heure :\u00a0 de 12h \u00e0 15h Les congolais et personnes de bonne volont\u00e9 soutenant la cause du Congo sont invites nombreux a assister au sit-in organise a Glasgow Georges Square le 16\/20\/2012 en solidarit\u00e9 avec les martyrs chr\u00e9tiens suivant l&#8217;appel lance par l\u2019\u00c9glise Catholique du [&hellip;]<\/p>\n","protected":false},"author":1,"featured_media":1816,"comment_status":"open","ping_status":"open","sticky":false,"template":"","format":"standard","meta":{"_acf_changed":false,"content-type":"","footnotes":""},"categories":[108,116,122,163],"tags":[],"class_list":["post-1815","post","type-post","status-publish","format-standard","has-post-thumbnail","hentry","category-evenements","category-manifs","category-news-alertes","category-royaume-uni-irlande"],"acf":[],"_links":{"self":[{"href":"https:\/\/congolobilelo.com\/IN\/wp-json\/wp\/v2\/posts\/1815","targetHints":{"allow":["GET"]}}],"collection":[{"href":"https:\/\/congolobilelo.com\/IN\/wp-json\/wp\/v2\/posts"}],"about":[{"href":"https:\/\/congolobilelo.com\/IN\/wp-json\/wp\/v2\/types\/post"}],"author":[{"embeddable":true,"href":"https:\/\/congolobilelo.com\/IN\/wp-json\/wp\/v2\/users\/1"}],"replies":[{"embeddable":true,"href":"https:\/\/congolobilelo.com\/IN\/wp-json\/wp\/v2\/comments?post=1815"}],"version-history":[{"count":0,"href":"https:\/\/congolobilelo.com\/IN\/wp-json\/wp\/v2\/posts\/1815\/revisions"}],"wp:featuredmedia":[{"embeddable":true,"href":"https:\/\/congolobilelo.com\/IN\/wp-json\/"}],"wp:attachment":[{"href":"https:\/\/congolobilelo.com\/IN\/wp-json\/wp\/v2\/media?parent=1815"}],"wp:term":[{"taxonomy":"category","embeddable":true,"href":"https:\/\/congolobilelo.com\/IN\/wp-json\/wp\/v2\/categories?post=1815"},{"taxonomy":"post_tag","embeddable":true,"href":"https:\/\/congolobilelo.com\/IN\/wp-json\/wp\/v2\/tags?post=1815"}],"curies":[{"name":"wp","href":"https:\/\/api.w.org\/{rel}","templated":true}]}}