{"id":1790,"date":"2012-02-03T18:45:56","date_gmt":"2012-02-03T18:45:56","guid":{"rendered":"http:\/\/www.ingeta.com\/?p=1790"},"modified":"2012-02-03T18:45:56","modified_gmt":"2012-02-03T18:45:56","slug":"rendez-vous-congolais-a-den-haag-pays-bas-messe-conference-comment-retablir-la-verite-des-urnes-au-congo-18-fevrier-2012","status":"publish","type":"post","link":"https:\/\/congolobilelo.com\/IN\/rendez-vous-congolais-a-den-haag-pays-bas-messe-conference-comment-retablir-la-verite-des-urnes-au-congo-18-fevrier-2012\/","title":{"rendered":"Rendez-vous congolais \u00e0 Den Haag, Pays-Bas. Messe &#038; Conf\u00e9rence. 18 f\u00e9vrier 2012"},"content":{"rendered":"<p>\t\t\t\t&nbsp;<\/p>\n<p>&nbsp;<\/p>\n<p><em><strong>Communiqu\u00e9.<\/strong><\/em><\/p>\n<p>Pour marquer notre solidarit\u00e9 \u00e0 l&#8217;\u00e9glise catholique du Congo et associer l&#8217;\u00e9glise catholique des Pays-Bas \u00e0 la lutte pour r\u00e9tablir la v\u00e9rit\u00e9 des urnes, gage de justice et de paix au lendemain d\u2019un processus \u00e9lectoral trouble au Congo,<\/p>\n<p>Nous, Congolais des Pays-Bas, r\u00e9unis au sein de nos associations respectives, vous invitons \u00e0 prendre part \u00e0 la messe pr\u00e9vue en date du <strong>18 f\u00e9vrier 2012 \u00e0 13 h00 \u00e0 la paroisse Sint Jacobus de Meerdere, Parkstraat 65 A, Den Haag<\/strong> (<a href=\"http:\/\/www.stjacobus.nl\">www.stjacobus.nl<\/a>). La messe sera c\u00e9l\u00e9br\u00e9e par l\u2019archev\u00eaque des Pays-Bas.<\/p>\n<p>Apr\u00e8s la messe il est pr\u00e9vu une <strong>conf\u00e9rence d\u00e9bat \u00e0 15h00 dans la salle Kariboe Bibi, Van Meursstraat 1, 2524 XN Den Haag<\/strong> avec pour th\u00e8me central : \u00ab Comment r\u00e9tablir la v\u00e9rit\u00e9\u00a0 des urnes au Congo ? \u00bb.<\/p>\n<p>&nbsp;<\/p>\n<p>&#8211; Intervenants :<br \/>\nMonsieur <strong>Laurent Louis<\/strong>, d\u00e9put\u00e9 belge;<br \/>\nMonsieur <strong>Alphonse Muambi<\/strong>, observateur international UE,<br \/>\nMonsieur <strong>Felix Tshisekedi<\/strong>, d\u00e9put\u00e9 \u00e9lu et cadre de l\u2019UDPS ;<br \/>\nMonsieur l\u2019<strong>Honorable<\/strong> <strong>Jean Claude Mvuemba<\/strong>, d\u00e9put\u00e9 national r\u00e9\u00e9lu \u00e0 Kasangulu et pr\u00e9sident du MPCR ;<br \/>\nMonsieur l\u2019<strong>Abb\u00e9 Mbelu<\/strong>, Analyste politique Congolais.<\/p>\n<p>&#8211; Membre du panel;<br \/>\n<strong>Maitre Claude Kayembe<\/strong> de Belgique;<br \/>\n<strong>Jean Martin Sali<\/strong>, Combattant Congolais de France ;<br \/>\n<strong>Paul Mbikayi<\/strong>, Politicien et lobbyiste Congolais des Pays-Bas.<\/p>\n<p>&#8211; Moderateur :<br \/>\n<strong>Maitre Honor\u00e9 Musoko<\/strong>, pr\u00e9sident de l\u2019ONG Justice Plus<\/p>\n<p>Vu que ces \u00e9v\u00e9nements seront couverts par la presse hollandaise (internationale ?), une forte mobilisation de Congolais de partout est vivement souhait\u00e9e pour marquer notre\u00a0 attachement au combat que m\u00e8ne l&#8217;\u00e9glise catholique pour la d\u00e9mocratie au Congo.<\/p>\n<p>&#8211; Pour les Contacts:<br \/>\nMfumu Lema: +31614621864<br \/>\nAlphonse Muambi: + 31653334140<br \/>\nHonor\u00e9 Musoko: +31645465873<br \/>\nYesu Kitenge: +31620945896<br \/>\nHugues N&#8217;sungu: +31645490721<br \/>\nMartin Muamba: +3168474632<\/p>\n<p>&nbsp;<\/p>\n<p><strong>Programme<\/strong>:<br \/>\n12 :30 Ouverture de la porte de l\u2019\u00e9glise et accueil<br \/>\n13 :00 &#8211; 14 :00 : Messes sous la coordination de l\u2019archev\u00eaque de Pays-Bas<br \/>\n14 :00 &#8211; 14 :30 : Th\u00e9, Caf\u00e9 et autres rafraichissements.<br \/>\n14 :30 &#8211; 14 :50 : Direction salle de conf\u00e9rence sous la coordination de Hugues\u00a0\u00a0 N\u2019sungu, Placide de J\u00e9sus, Alpha Ntangu et Alex Kalu<br \/>\n14 :50 &#8211; 15 :00 : Accueil et mise en place<br \/>\n15 :00 &#8211; 15 :05 : Mot d\u2019ouverture par Martin Muamba membre du comit\u00e9 d\u2019organisation<br \/>\n15 :05 &#8211; 15 :10 : Introduction et mise en place des intervenants par le Mod\u00e9rateur\u00a0\u00a0 (Maitre Honor\u00e9 Musoko)<br \/>\n15 :10 &#8211; 15 : 25 : Le r\u00f4le des observateurs internationaux aux \u00e9lections\u00a0\u00a0 du 28 novembre 2011 au Congo par Monsieur Alphonse Muambi<br \/>\n15 :25 &#8211; 15 :40 : Demeurez un peuple debout et l\u2019impact des actions de l\u2019\u00e9glise\u00a0\u00a0 catholique du Congo, par Abb\u00e9 Jean Pierre Mbelu<br \/>\n15 :40 &#8211; 15 :55 : La diaspora Congolaise face \u00e0 la communaut\u00e9 internationale,\u00a0\u00a0 un espoir pour le changement au Congo. Monsieur Felix Tshisekedi<br \/>\n15 :55 \u2013 16 :10 : Issue possible pour la sortie de la crise politique actuelle Par\u00a0\u00a0 l\u2019Honorable. J.C. Mvuemba<br \/>\n16 :10 \u2013 16 :25 : Pause<br \/>\n16 :25 &#8211; 16 :40 : La position de la communaut\u00e9 internationale pendant et apr\u00e8s les\u00a0\u00a0 Elections par Monsieur Laurent Louis<br \/>\n16 :40 \u2013 17 :10 : R\u00e9actions de la salle par rapport aux 5 interventions<br \/>\n17 :10 &#8211; 17 : 40 : Invitation et r\u00e9action des membres du panel sur les assertions du\u00a0\u00a0 Mod\u00e9rateur<br \/>\n17 :40 &#8211; 17 :50 : Mot de la fin par Placide de J\u00e9sus et Remise de cadeau par Mfumu Lema<br \/>\n17 : 50 &#8211; 18 :30 : Verre d\u2019amiti\u00e9 et contact informel<br \/>\n18 : 40 Lib\u00e9ration de la salle.\t\t<\/p>\n","protected":false},"excerpt":{"rendered":"<p>&nbsp; &nbsp; Communiqu\u00e9. Pour marquer notre solidarit\u00e9 \u00e0 l&#8217;\u00e9glise catholique du Congo et associer l&#8217;\u00e9glise catholique des Pays-Bas \u00e0 la lutte pour r\u00e9tablir la v\u00e9rit\u00e9 des urnes, gage de justice et de paix au lendemain d\u2019un processus \u00e9lectoral trouble au Congo, Nous, Congolais des Pays-Bas, r\u00e9unis au sein de nos associations respectives, vous invitons \u00e0 [&hellip;]<\/p>\n","protected":false},"author":1,"featured_media":1791,"comment_status":"open","ping_status":"open","sticky":false,"template":"","format":"standard","meta":{"_acf_changed":false,"content-type":"","footnotes":""},"categories":[145,155,108,122,124,127],"tags":[],"class_list":["post-1790","post","type-post","status-publish","format-standard","has-post-thumbnail","hentry","category-conferences-salons","category-europe","category-evenements","category-news-alertes","category-politique-societe","category-rencontresdebats"],"acf":[],"_links":{"self":[{"href":"https:\/\/congolobilelo.com\/IN\/wp-json\/wp\/v2\/posts\/1790","targetHints":{"allow":["GET"]}}],"collection":[{"href":"https:\/\/congolobilelo.com\/IN\/wp-json\/wp\/v2\/posts"}],"about":[{"href":"https:\/\/congolobilelo.com\/IN\/wp-json\/wp\/v2\/types\/post"}],"author":[{"embeddable":true,"href":"https:\/\/congolobilelo.com\/IN\/wp-json\/wp\/v2\/users\/1"}],"replies":[{"embeddable":true,"href":"https:\/\/congolobilelo.com\/IN\/wp-json\/wp\/v2\/comments?post=1790"}],"version-history":[{"count":0,"href":"https:\/\/congolobilelo.com\/IN\/wp-json\/wp\/v2\/posts\/1790\/revisions"}],"wp:featuredmedia":[{"embeddable":true,"href":"https:\/\/congolobilelo.com\/IN\/wp-json\/"}],"wp:attachment":[{"href":"https:\/\/congolobilelo.com\/IN\/wp-json\/wp\/v2\/media?parent=1790"}],"wp:term":[{"taxonomy":"category","embeddable":true,"href":"https:\/\/congolobilelo.com\/IN\/wp-json\/wp\/v2\/categories?post=1790"},{"taxonomy":"post_tag","embeddable":true,"href":"https:\/\/congolobilelo.com\/IN\/wp-json\/wp\/v2\/tags?post=1790"}],"curies":[{"name":"wp","href":"https:\/\/api.w.org\/{rel}","templated":true}]}}