{"id":1787,"date":"2012-02-03T16:47:34","date_gmt":"2012-02-03T16:47:34","guid":{"rendered":"http:\/\/www.ingeta.com\/?p=1787"},"modified":"2012-02-03T16:47:34","modified_gmt":"2012-02-03T16:47:34","slug":"16-fevrier-marche-en-hollande","status":"publish","type":"post","link":"https:\/\/congolobilelo.com\/IN\/16-fevrier-marche-en-hollande\/","title":{"rendered":"16 f\u00e9vrier : Marche en Hollande"},"content":{"rendered":"<p>\t\t\t\t<strong>Mocpadico Asbl\u00a0<\/strong><\/p>\n<p><strong>Date :<\/strong>\u00a0LE 16 &#8211; FEVRIER<\/p>\n<p><strong>Lieu :<\/strong> GARE CENTRALE DE DEN HAAG (Hollande)<\/p>\n<p><strong>Heure :<\/strong> 13h00<\/p>\n<p><strong>Parcours<\/strong> : de la GARE CENTRALE DE DEN HAAG jusqu\u00b4\u00e0 la C.P.I<\/p>\n<p><strong>Message :<\/strong><\/p>\n<p>comme partout au monde et dans tous les Pays, les congolais des Pays-Bas et ainsique toutes les eglises Chr\u00e9tiennes de la Hollande, organise UNE GRANDE MARCHE DES CHRETIENS autoris\u00e9e par la MAIRIE de la Haye et la police . Pour la 1\u00e8re fois on nous autorise de Marcher de la GARE CENTRALE DE DEN HAAG jusqu\u00b4\u00e0 la C.P.I et on prendra les grandes&#8230; avenues.<\/p>\n<p>NB : Banda tokotisaki MEMO na C.P.I , BA COLLABOS bakomi kobanga, bawuti kotinda MINISTRE na bango moko awa pona ko freiner dossier wana ya ko fongola b\u00b4ENQUETTES na congo. na yango to contunuer pression na C.P.I. Bana ya Hollande : GRONINGEN, EINDHOVEN, ROTTERDAM, DEN BOSCH, DEN HAAG, AMSTERDAM, ZEELAND, ENSCHEDE, DEVENTER, LEUWAARDEN, UTRECHT,TILBURG, BREDA,ARNHEM, HAARLEM, LEIDEN, AMERSFOORT,MAASTRICHT. venez nombreux et mobilons-nous comme un seul Homme pour fair attendre la voix des congolais ici en hollande.<\/p>\n<p>Toutes les Eglises bo pesa communique Ezali MARCHES DES CHRETIENS mbala ba pasteurs bomeka kolakisa que bazali pe ba patriotes et tokotala ba pasteurs nini bakoya ! Tosengi na ba pasteurs : BIENVENU MASSIYA, PIE ROGER, RICHARD, PAPY, JEAN MARIE LUEMBA, BANZA, CASTELO, JOSE, JOSLIN, SAMY, JARRY GAD, DEO,JEAN RENE, ABLAVI, DA SYLVA, SHABANI,FRANCK,PLACIDE, ETC&#8230;. de sensibiliser les membres de vos eglises.\t\t<\/p>\n","protected":false},"excerpt":{"rendered":"<p>Mocpadico Asbl\u00a0 Date :\u00a0LE 16 &#8211; FEVRIER Lieu : GARE CENTRALE DE DEN HAAG (Hollande) Heure : 13h00 Parcours : de la GARE CENTRALE DE DEN HAAG jusqu\u00b4\u00e0 la C.P.I Message : comme partout au monde et dans tous les Pays, les congolais des Pays-Bas et ainsique toutes les eglises Chr\u00e9tiennes de la Hollande, organise [&hellip;]<\/p>\n","protected":false},"author":1,"featured_media":1788,"comment_status":"open","ping_status":"open","sticky":false,"template":"","format":"standard","meta":{"_acf_changed":false,"content-type":"","footnotes":""},"categories":[155,116,122],"tags":[],"class_list":["post-1787","post","type-post","status-publish","format-standard","has-post-thumbnail","hentry","category-europe","category-manifs","category-news-alertes"],"acf":[],"_links":{"self":[{"href":"https:\/\/congolobilelo.com\/IN\/wp-json\/wp\/v2\/posts\/1787","targetHints":{"allow":["GET"]}}],"collection":[{"href":"https:\/\/congolobilelo.com\/IN\/wp-json\/wp\/v2\/posts"}],"about":[{"href":"https:\/\/congolobilelo.com\/IN\/wp-json\/wp\/v2\/types\/post"}],"author":[{"embeddable":true,"href":"https:\/\/congolobilelo.com\/IN\/wp-json\/wp\/v2\/users\/1"}],"replies":[{"embeddable":true,"href":"https:\/\/congolobilelo.com\/IN\/wp-json\/wp\/v2\/comments?post=1787"}],"version-history":[{"count":0,"href":"https:\/\/congolobilelo.com\/IN\/wp-json\/wp\/v2\/posts\/1787\/revisions"}],"wp:featuredmedia":[{"embeddable":true,"href":"https:\/\/congolobilelo.com\/IN\/wp-json\/"}],"wp:attachment":[{"href":"https:\/\/congolobilelo.com\/IN\/wp-json\/wp\/v2\/media?parent=1787"}],"wp:term":[{"taxonomy":"category","embeddable":true,"href":"https:\/\/congolobilelo.com\/IN\/wp-json\/wp\/v2\/categories?post=1787"},{"taxonomy":"post_tag","embeddable":true,"href":"https:\/\/congolobilelo.com\/IN\/wp-json\/wp\/v2\/tags?post=1787"}],"curies":[{"name":"wp","href":"https:\/\/api.w.org\/{rel}","templated":true}]}}