{"id":1766,"date":"2012-02-02T18:26:45","date_gmt":"2012-02-02T18:26:45","guid":{"rendered":"http:\/\/www.ingeta.com\/?p=1766"},"modified":"2012-02-02T18:26:45","modified_gmt":"2012-02-02T18:26:45","slug":"lunion-europeenne-doit-adopter-une-position-forte-face-a-limpasse-politique-postelectorale-en-rdc","status":"publish","type":"post","link":"https:\/\/congolobilelo.com\/IN\/lunion-europeenne-doit-adopter-une-position-forte-face-a-limpasse-politique-postelectorale-en-rdc\/","title":{"rendered":"L\u2019Union Europ\u00e9enne doit adopter une position forte face \u00e0  l\u2019impasse politique post\u00e9lectorale en RDC"},"content":{"rendered":"<p>\t\t\t\t<strong><em>Par Donatella Rostagno, Policy officer, European Network for Central Africa (EURAC). Bruxelles, le 2 f\u00e9vrier 2012.<\/em><\/strong><\/p>\n<p><img loading=\"lazy\" decoding=\"async\" class=\"size-medium wp-image-1767 alignleft\" title=\"Les Observateurs de l'EURAC\" src=\"http:\/\/www.ingeta.com\/wp-content\/uploads\/2012\/02\/Observateurs_de_l_EURAC-300x200.jpg\" alt=\"\" width=\"300\" height=\"200\" \/>Fort de son travail d\u2019observation \u00e9lectorale des scrutins pr\u00e9sidentiel et l\u00e9gislatif du 28 novembre en coop\u00e9ration avec les organisations de la soci\u00e9t\u00e9 civile congolaise d\u2019AETA (dont nous soutenons la prise de position \u00e9nonc\u00e9e dans le communiqu\u00e9 joint en annexe), et dans la continuit\u00e9 des communiqu\u00e9s pr\u00e9c\u00e9dents des 28 novembre, 1er et 19 d\u00e9cembre, le R\u00e9seau europ\u00e9en pour l\u2019Afrique Centrale (EurAc) tient \u00e0 exprimer son inqui\u00e9tude par rapport au d\u00e9roulement du processus \u00e9lectoral. La crise politique ainsi engendr\u00e9e hypoth\u00e8que la stabilit\u00e9 institutionnelle du pays, peut mener \u00e0 la violence et donne des arguments \u00e0 ceux qui cherchent le d\u00e9sordre.<br \/>\nLe fait que dans certaines provinces et certains bureaux de vote les op\u00e9rations \u00e9lectorales se sont d\u00e9roul\u00e9es dans le calme et dans le respect de la volont\u00e9 de la population congolaise qui a vot\u00e9 avec enthousiasme ne suffit pas \u00e0 att\u00e9nuer la perception g\u00e9n\u00e9rale d\u2019un processus qui est loin d\u2019inspirer beaucoup de confiance.<\/p>\n<p>Il r\u00e9sulte des \u00e9lections congolaises un Pr\u00e9sident faible qui souffre d\u2019une grave crise de l\u00e9gitimit\u00e9 et qui, dans la situation actuelle, n\u2019est pas \u00e0 m\u00eame de r\u00e9pondre aux d\u00e9fis majeurs auquel fait face la RDC tant en terme de maintien de l\u2019ordre et de la s\u00e9curit\u00e9 qu\u2019en terme de d\u00e9veloppement.<\/p>\n<p>EurAc a accueilli avec une grande satisfaction la nomination de l\u2019Ambassadeur Koen Vervaeke comme coordinateur pour la r\u00e9gion des Grands Lacs au sein du Service Action Ext\u00e9rieure de l\u2019UE. Nous sommes confiants que son exp\u00e9rience importante dans la r\u00e9gion et ses qualit\u00e9s et qualifications lui permettront de diriger l\u2019action europ\u00e9enne dans la r\u00e9gion des Grands Lacs dans les meilleures conditions. EurAc esp\u00e8re qu\u2019en tant que responsable d\u2019une r\u00e9gion n\u2019ayant pas r\u00e9ussi \u00e0 tourner d\u00e9finitivement la page du conflit, l\u2019Ambassadeur Vervaeke pourra faciliter l\u2019harmonisation des diff\u00e9rentes approches europ\u00e9ennes. Cela nous semble le seul gage d\u2019une politique coh\u00e9rente permettant un d\u00e9veloppement positif dans des domaines tels que: la lutte contre l\u2019impunit\u00e9, la r\u00e9forme du secteur de s\u00e9curit\u00e9, la lutte contre les violences sexuelles, la d\u00e9mocratisation et l\u2019exploitation ill\u00e9gale des ressources naturelles.<\/p>\n<p>Compte tenu de la situation actuelle, l\u2019Union Europ\u00e9enne et ses Etats membres devraient adopter une position forte et coh\u00e9rente, exprim\u00e9e dans un cadre de solidarit\u00e9 multilat\u00e9rale. L\u2019UE devrait contribuer \u00e0 trouver une solution \u00e0 l\u2019impasse dans laquelle se trouve la RDC pour \u00e9viter un \u00e9pilogue qui plonge le pays dans une crise de violence et d\u2019instabilit\u00e9 avec des cons\u00e9quences extr\u00eamement n\u00e9fastes pour la population.<\/p>\n<p>L\u2019Union Europ\u00e9enne devrait donc donner un signal fort pour:<\/p>\n<p>*Eviter que le pays retombe dans les divisions entre les communaut\u00e9s et dans la violence envers la population;<br \/>\n*Contribuer \u00e0 renforcer le dialogue entre les acteurs politiques congolais tout en favorisant l\u2019implication de la soci\u00e9t\u00e9 civile et encourager ces derniers \u00e0 trouver une solution concert\u00e9e et r\u00e9aliste \u00e0 cette crise post\u00e9lectorale;<br \/>\n*Assurer que la voix de la majorit\u00e9 silencieuse de la population soit prise en compte dans les concertations quelle qu\u2019en soit la nature afin de r\u00e9tablir la confiance rompue entre les congolais et les institutions cens\u00e9es les repr\u00e9senter;<br \/>\n*Peser afin que le processus \u00e9lectoral, qui n\u2019est pas encore cl\u00f4tur\u00e9, soit conduit de fa\u00e7on \u00e0 \u00e9valuer et tirer des le\u00e7ons du processus tel qu\u2019il a \u00e9t\u00e9 men\u00e9 jusqu\u2019\u00e0 pr\u00e9sent. Il s\u2019av\u00e8re fondamental de s\u2019assurer que la RDC remette sur pied une Commission Electorale Nationale Ind\u00e9pendante cr\u00e9dible et l\u00e9gitime et adopte une loi \u00e9lectorale qui puisse assurer le respect des fondements d\u00e9mocratiques et la participation active de tous les acteurs politiques et sociaux dans la tenue des \u00e9lections provinciales et locales;<br \/>\n*Peser afin que le cycle \u00e9lectoral aille \u00e0 son terme avec la tenue d\u2019\u00e9lections provinciales et locales et afin que soit mis en place un processus de d\u00e9centralisation effectif, seule garantie d\u2019une participation effective des citoyens \u00e0 la vie politique du pays et d\u2019une am\u00e9lioration de la gouvernance d\u00e9mocratique;<br \/>\n*S\u2019engager dans le soutien \u00e0 l\u2019\u00e9ducation civique, seule mani\u00e8re de r\u00e9aliser l\u2019appropriation du processus de d\u00e9mocratisation par la population et de prot\u00e9ger celle-ci des manipulations qui ont engendr\u00e9s des violences lors des \u00e9ch\u00e9ances pr\u00e9c\u00e9dentes. C\u2019est un enjeu d\u2019autant plus important que le risque est grand qu\u2019une classe politico-militaire s\u2019approprie le processus au d\u00e9triment des principes de d\u00e9mocratie et de justice, pour lesquels les acteurs de la soci\u00e9t\u00e9 civile congolaise se battent depuis longtemps ;<br \/>\n*Prendre position vis-\u00e0-vis du processus \u00e9lectoral et des r\u00e9sultats du scrutin pr\u00e9sidentiel de mani\u00e8re forte, coh\u00e9rente et concert\u00e9e entre tous ses Etats membres et profiter de la programmation du Fond Europ\u00e9en de D\u00e9veloppement (FED), pr\u00e9vue en 2012, pour d\u00e9finir une strat\u00e9gie politique commune \u00e0 la mesure de l\u2019importance de la RDC dans la r\u00e9gion.\t\t<\/p>\n","protected":false},"excerpt":{"rendered":"<p>Par Donatella Rostagno, Policy officer, European Network for Central Africa (EURAC). Bruxelles, le 2 f\u00e9vrier 2012. Fort de son travail d\u2019observation \u00e9lectorale des scrutins pr\u00e9sidentiel et l\u00e9gislatif du 28 novembre en coop\u00e9ration avec les organisations de la soci\u00e9t\u00e9 civile congolaise d\u2019AETA (dont nous soutenons la prise de position \u00e9nonc\u00e9e dans le communiqu\u00e9 joint en annexe), [&hellip;]<\/p>\n","protected":false},"author":1,"featured_media":1767,"comment_status":"open","ping_status":"open","sticky":false,"template":"","format":"standard","meta":{"_acf_changed":false,"content-type":"","footnotes":""},"categories":[107,122,124],"tags":[],"class_list":["post-1766","post","type-post","status-publish","format-standard","has-post-thumbnail","hentry","category-analyses-commentaires","category-news-alertes","category-politique-societe"],"acf":[],"_links":{"self":[{"href":"https:\/\/congolobilelo.com\/IN\/wp-json\/wp\/v2\/posts\/1766","targetHints":{"allow":["GET"]}}],"collection":[{"href":"https:\/\/congolobilelo.com\/IN\/wp-json\/wp\/v2\/posts"}],"about":[{"href":"https:\/\/congolobilelo.com\/IN\/wp-json\/wp\/v2\/types\/post"}],"author":[{"embeddable":true,"href":"https:\/\/congolobilelo.com\/IN\/wp-json\/wp\/v2\/users\/1"}],"replies":[{"embeddable":true,"href":"https:\/\/congolobilelo.com\/IN\/wp-json\/wp\/v2\/comments?post=1766"}],"version-history":[{"count":0,"href":"https:\/\/congolobilelo.com\/IN\/wp-json\/wp\/v2\/posts\/1766\/revisions"}],"wp:featuredmedia":[{"embeddable":true,"href":"https:\/\/congolobilelo.com\/IN\/wp-json\/"}],"wp:attachment":[{"href":"https:\/\/congolobilelo.com\/IN\/wp-json\/wp\/v2\/media?parent=1766"}],"wp:term":[{"taxonomy":"category","embeddable":true,"href":"https:\/\/congolobilelo.com\/IN\/wp-json\/wp\/v2\/categories?post=1766"},{"taxonomy":"post_tag","embeddable":true,"href":"https:\/\/congolobilelo.com\/IN\/wp-json\/wp\/v2\/tags?post=1766"}],"curies":[{"name":"wp","href":"https:\/\/api.w.org\/{rel}","templated":true}]}}