{"id":1749,"date":"2012-02-02T03:29:17","date_gmt":"2012-02-02T03:29:17","guid":{"rendered":"http:\/\/www.ingeta.com\/?p=1749"},"modified":"2012-02-02T03:29:17","modified_gmt":"2012-02-02T03:29:17","slug":"mobilisation-leglise-catholique-marche-le-16-fevrier-2012-a-kinshasa","status":"publish","type":"post","link":"https:\/\/congolobilelo.com\/IN\/mobilisation-leglise-catholique-marche-le-16-fevrier-2012-a-kinshasa\/","title":{"rendered":"16 f\u00e9vrier 2012, l\u2019Eglise catholique \u00ab marche \u00bb \u00e0 kinshasa"},"content":{"rendered":"<p>\t\t\t\t<em><strong>LE PHARE<\/strong><\/em><br \/>\nLundi, 30 Janvier 2012<\/p>\n<p><a href=\"http:\/\/www.ingeta.com\/wp-content\/uploads\/2012\/02\/Cardinal-Laurant-Monsengwo-Pasinya-et-les-\u00e9veques-du-Congo-\u00e0-Kinshasa1.jpg\"><img loading=\"lazy\" decoding=\"async\" class=\"alignleft size-medium wp-image-1752\" title=\"Cardinal Laurant Monsengwo Pasinya et les \u00e9veques du Congo \u00e0 Kinshasa\" src=\"http:\/\/www.ingeta.com\/wp-content\/uploads\/2012\/02\/Cardinal-Laurant-Monsengwo-Pasinya-et-les-\u00e9veques-du-Congo-\u00e0-Kinshasa1-300x199.jpg\" alt=\"\" width=\"300\" height=\"199\" \/><\/a>Apr\u00e8s la publication du rapport des \u00e9v\u00eaques de la toute premi\u00e8re \u00e9glise existant au monde sur les \u00e9lections pr\u00e9sidentielles et l\u00e9gislatives en R\u00e9publique D\u00e9mocratique du Congo, l\u2019Eglise catholique est \u00e0 pr\u00e9sent pr\u00eate \u00e0 agir.<\/p>\n<p>Tel est l\u2019essentiel de la troisi\u00e8me rencontre des agents pastoraux tenue, le vendredi 27 janvier \u00e0 la paroisse Saint Rapha\u00ebl de Limete. Cette rencontre avait pour but d\u2019analyser les diff\u00e9rentes r\u00e9alit\u00e9s auxquelles le souverain primaire est but\u00e9 et \u00e9laborer un calendrier des activit\u00e9s de contestations.<strong> Car le respect des urnes est un droit qui doit \u00eatre respect\u00e9 en vue de sortir le pays de la crise de l\u00e9gitimit\u00e9 et d\u2019ill\u00e9galit\u00e9 du pouvoir.<\/strong><\/p>\n<p>L\u2019Eglise Catholique maintient sa position sur l\u2019annulation des scrutins car pour elle, seul le vrai gagnant doit diriger le Congo. <strong>\u00abIl ne faut pas gouverner par d\u00e9fi, souligne la d\u00e9claration de Cenco.<\/strong><br \/>\nFace \u00e0 cette r\u00e9alit\u00e9, un pr\u00eatre crie haut et fort \u00ab Il faut organiser un dialogue inclusif qui devra rassembler toutes les branches concern\u00e9es dans ledit processus pour mettre fin \u00e0 ce mauvais syst\u00e8me qui nous est impos\u00e9 par le pouvoir en place. Dans cette phase; nous en appelons \u00e0 la conscience de la soci\u00e9t\u00e9 civile qu doit \u00eatre tr\u00e8s vigilants afin de palier cette situation\u00bb.<br \/>\nCertes, la demande de l\u2019Eglise Catholique sur l\u2019annulation des scrutins et la d\u00e9mission du bureau de la Ceni n\u00e9cessitait la prise de conscience de la population qui constitue la base socio-politique du pays. <strong>Devant l\u2019\u00e9ventail des enjeux de la population ignore, elle se sent oblig\u00e9e d\u2019organiser une formation sur la non violence \u00e9vang\u00e9lique ainsi qu\u2019une session des pri\u00e8res<\/strong>.<\/p>\n<blockquote><p><strong>&#8216;<\/strong><em>&#8216;Ces diff\u00e9rentes activit\u00e9s organis\u00e9es dans l\u2019ensemble du pays pr\u00e9c\u00e9dent la grande manifestation pr\u00e9vue le 16 f\u00e9vrier 2012 afin de contester et mettre fin aux diff\u00e9rentes bavures commises par la Ceni, le gouvernement ainsi que la Cour Supr\u00eame<\/em><strong>&#8221;.<\/strong><\/p><\/blockquote>\n<p>Rappelons que l\u2019Eglise catholique a choisi la date du<strong> 16 f\u00e9vrier<\/strong> en raison de la comm\u00e9moration du <strong>20\u00e8me anniversaire de la journ\u00e9e des martyrs de la d\u00e9mocratie<\/strong>. Il faut noter que cette marche des chr\u00e9tiens sera purement pacifique et non violente.<br \/>\nDorcas Nsomue<br \/>\n<a href=\"http:\/\/democratiechretienne.org\/2012\/01\/30\/contentieux-electoraux-leglise-catholique-marche-le-16-fevrier-2012\/\">http:\/\/democratiechretienne.org\/2012\/01\/30\/contentieux-electoraux-leglise-catholique-marche-le-16-fevrier-2012\/<\/a>\t\t<\/p>\n","protected":false},"excerpt":{"rendered":"<p>LE PHARE Lundi, 30 Janvier 2012 Apr\u00e8s la publication du rapport des \u00e9v\u00eaques de la toute premi\u00e8re \u00e9glise existant au monde sur les \u00e9lections pr\u00e9sidentielles et l\u00e9gislatives en R\u00e9publique D\u00e9mocratique du Congo, l\u2019Eglise catholique est \u00e0 pr\u00e9sent pr\u00eate \u00e0 agir. Tel est l\u2019essentiel de la troisi\u00e8me rencontre des agents pastoraux tenue, le vendredi 27 janvier [&hellip;]<\/p>\n","protected":false},"author":1,"featured_media":1753,"comment_status":"open","ping_status":"open","sticky":false,"template":"","format":"standard","meta":{"_acf_changed":false,"content-type":"","footnotes":""},"categories":[116,122,124],"tags":[],"class_list":["post-1749","post","type-post","status-publish","format-standard","has-post-thumbnail","hentry","category-manifs","category-news-alertes","category-politique-societe"],"acf":[],"_links":{"self":[{"href":"https:\/\/congolobilelo.com\/IN\/wp-json\/wp\/v2\/posts\/1749","targetHints":{"allow":["GET"]}}],"collection":[{"href":"https:\/\/congolobilelo.com\/IN\/wp-json\/wp\/v2\/posts"}],"about":[{"href":"https:\/\/congolobilelo.com\/IN\/wp-json\/wp\/v2\/types\/post"}],"author":[{"embeddable":true,"href":"https:\/\/congolobilelo.com\/IN\/wp-json\/wp\/v2\/users\/1"}],"replies":[{"embeddable":true,"href":"https:\/\/congolobilelo.com\/IN\/wp-json\/wp\/v2\/comments?post=1749"}],"version-history":[{"count":0,"href":"https:\/\/congolobilelo.com\/IN\/wp-json\/wp\/v2\/posts\/1749\/revisions"}],"wp:featuredmedia":[{"embeddable":true,"href":"https:\/\/congolobilelo.com\/IN\/wp-json\/"}],"wp:attachment":[{"href":"https:\/\/congolobilelo.com\/IN\/wp-json\/wp\/v2\/media?parent=1749"}],"wp:term":[{"taxonomy":"category","embeddable":true,"href":"https:\/\/congolobilelo.com\/IN\/wp-json\/wp\/v2\/categories?post=1749"},{"taxonomy":"post_tag","embeddable":true,"href":"https:\/\/congolobilelo.com\/IN\/wp-json\/wp\/v2\/tags?post=1749"}],"curies":[{"name":"wp","href":"https:\/\/api.w.org\/{rel}","templated":true}]}}