{"id":1728,"date":"2012-01-30T21:10:09","date_gmt":"2012-01-30T21:10:09","guid":{"rendered":"http:\/\/www.ingeta.com\/?p=1728"},"modified":"2012-01-30T21:10:09","modified_gmt":"2012-01-30T21:10:09","slug":"rapport-sur-la-securite-alimentaire-en-rdc-lensemble-du-pays-demeure-en-insecurite-alimentaire-chronique","status":"publish","type":"post","link":"https:\/\/congolobilelo.com\/IN\/rapport-sur-la-securite-alimentaire-en-rdc-lensemble-du-pays-demeure-en-insecurite-alimentaire-chronique\/","title":{"rendered":"Rapport sur la s\u00e9curit\u00e9 alimentaire en RDC: L\u2019ensemble du pays demeure en ins\u00e9curit\u00e9 alimentaire chronique"},"content":{"rendered":"<p>\t\t\t\t<img loading=\"lazy\" decoding=\"async\" src=\"http:\/\/www.ingeta.com\/wp-content\/uploads\/2012\/01\/S\u00e9curit\u00e9Alimentaire-RDC.jpg\" alt=\"\" title=\"La s\u00e9curit\u00e9 alimentaire en RDC\" width=\"500\" height=\"386\" class=\"alignnone size-full wp-image-1729\" \/><br \/>\nLe rapport biannuel sur la s\u00e9curit\u00e9 alimentaire en RDC (plus pr\u00e9cis\u00e9ment le rapport du 6\u00e8me cycle d&#8217;analyse du cadre int\u00e9gr\u00e9 de classification de la s\u00e9curit\u00e9 alimentaire IPC), r\u00e9alis\u00e9 avec le soutien de la FAO et publi\u00e9 en octobre 2011, conclut que:<\/p>\n<p>1. L\u2019ensemble du pays demeure en ins\u00e9curit\u00e9 alimentaire chronique. Le contexte \u00e9conomique global d\u00e9favorable, le faible pouvoir d\u2019achat des populations, le d\u00e9clin de la productivit\u00e9 agricole, combin\u00e9 \u00e0 des probl\u00e8mes structurels au niveau des fili\u00e8res agricoles, sont autant de facteurs d\u00e9favorables qui ont accentu\u00e9 la d\u00e9gradation des conditions<br \/>\nde vie des m\u00e9nages ruraux et urbains.<\/p>\n<p>2. Les zones affect\u00e9es par les conflits arm\u00e9s et autres types de violences relevant des affrontements Inter communautaires et d\u2019incursions de groupes arm\u00e9s \u00e9trangers. Les moyens d\u2019existence sont menac\u00e9s en d\u00e9pit de l\u2019assistance humanitaire d\u2019urgence.<\/p>\n<p>3. Les zones enclav\u00e9es (centre, ouest et sud) dont les populations sont sujettes, de mani\u00e8re cyclique \u00e0 des taux de malnutrition et de mortalit\u00e9 sup\u00e9rieurs aux seuils d\u2019interventions d\u2019urgence. Confront\u00e9es \u00e0 un \u00e9tat de pauvret\u00e9 g\u00e9n\u00e9ralis\u00e9 (une d\u00e9gradation des ressources et des moyens de production) et un acc\u00e8s tr\u00e8s limit\u00e9 aux services sociaux de base, les populations sont vuln\u00e9rables au moindre choc susceptible de d\u00e9g\u00e9n\u00e9rer en crises alimentaires graves.<\/p>\n<p>Le rapport recommande de:<br \/>\n1. focaliser les interventions humanitaires et de r\u00e9habilitation sur une assistance alimentaire ponctuelle et cibl\u00e9e, ainsi qu\u2019une relance rapide des productions alimentaires locales, et s\u00e9curiser l\u2019acc\u00e8s aux champs et aux march\u00e9s des agriculteurs, particuli\u00e8rement les femmes dans les zones de conflit.<\/p>\n<p>2. d\u00e9velopper des programmes de r\u00e9habilitation des infrastructures agricoles et routi\u00e8res et consolider les moyens d\u2019existence par le renforcement, la diversification et la valorisation des productions agricoles.<\/p>\n<p>T\u00e9l\u00e9chargez <a href=\"http:\/\/www.ingeta.com\/wp-content\/uploads\/2012\/01\/RDC-rapport-S\u00e9curit\u00e9Alimentaire-oct-11-mars-12.pdf\">l&#8217;int\u00e9gralit\u00e9 du rapport<\/a>.<\/p>\n","protected":false},"excerpt":{"rendered":"<p>Le rapport biannuel sur la s\u00e9curit\u00e9 alimentaire en RDC (plus pr\u00e9cis\u00e9ment le rapport du 6\u00e8me cycle d&#8217;analyse du cadre int\u00e9gr\u00e9 de classification de la s\u00e9curit\u00e9 alimentaire IPC), r\u00e9alis\u00e9 avec le soutien de la FAO et publi\u00e9 en octobre 2011, conclut que: 1. L\u2019ensemble du pays demeure en ins\u00e9curit\u00e9 alimentaire chronique. Le contexte \u00e9conomique global d\u00e9favorable, [&hellip;]<\/p>\n","protected":false},"author":1,"featured_media":1729,"comment_status":"open","ping_status":"open","sticky":false,"template":"","format":"standard","meta":{"_acf_changed":false,"content-type":"","footnotes":""},"categories":[148,154,124],"tags":[],"class_list":["post-1728","post","type-post","status-publish","format-standard","has-post-thumbnail","hentry","category-documents-presse","category-etudes-rapports","category-politique-societe"],"acf":[],"_links":{"self":[{"href":"https:\/\/congolobilelo.com\/IN\/wp-json\/wp\/v2\/posts\/1728","targetHints":{"allow":["GET"]}}],"collection":[{"href":"https:\/\/congolobilelo.com\/IN\/wp-json\/wp\/v2\/posts"}],"about":[{"href":"https:\/\/congolobilelo.com\/IN\/wp-json\/wp\/v2\/types\/post"}],"author":[{"embeddable":true,"href":"https:\/\/congolobilelo.com\/IN\/wp-json\/wp\/v2\/users\/1"}],"replies":[{"embeddable":true,"href":"https:\/\/congolobilelo.com\/IN\/wp-json\/wp\/v2\/comments?post=1728"}],"version-history":[{"count":0,"href":"https:\/\/congolobilelo.com\/IN\/wp-json\/wp\/v2\/posts\/1728\/revisions"}],"wp:featuredmedia":[{"embeddable":true,"href":"https:\/\/congolobilelo.com\/IN\/wp-json\/"}],"wp:attachment":[{"href":"https:\/\/congolobilelo.com\/IN\/wp-json\/wp\/v2\/media?parent=1728"}],"wp:term":[{"taxonomy":"category","embeddable":true,"href":"https:\/\/congolobilelo.com\/IN\/wp-json\/wp\/v2\/categories?post=1728"},{"taxonomy":"post_tag","embeddable":true,"href":"https:\/\/congolobilelo.com\/IN\/wp-json\/wp\/v2\/tags?post=1728"}],"curies":[{"name":"wp","href":"https:\/\/api.w.org\/{rel}","templated":true}]}}